{"id":662648,"date":"2026-09-02T15:17:13","date_gmt":"2026-09-02T15:17:13","guid":{"rendered":"https:\/\/www.europesays.com\/pl\/662648\/"},"modified":"2026-09-02T15:17:13","modified_gmt":"2026-09-02T15:17:13","slug":"beda-dlugie-cwiczenia-policji-w-miejscu-gdzie-codziennie-przejezdza-tysiace-szczecinian","status":"publish","type":"post","link":"https:\/\/www.europesays.com\/pl\/662648\/","title":{"rendered":"B\u0119d\u0105 d\u0142ugie \u0107wiczenia policji w miejscu, gdzie codziennie przeje\u017cd\u017ca tysi\u0105ce Szczecinian"},"content":{"rendered":"<p>\n                        Policja zaplanowa\u0142a kilkugodzinne \u0107wiczenia w rejonie jednego z g\u0142\u00f3wnych w\u0119z\u0142\u00f3w przesiadkowych w Szczecinie. Na p\u0119tli przy Basenie G\u00f3rniczym 3 wrze\u015bnia (czwartek) mo\u017cemy spodziewa\u0107 si\u0119 du\u017cej obecno\u015bci s\u0142u\u017cb.\n                    <\/p>\n<p>To w zwi\u0105zku z zaplanowanymi od godziny 8:00 do 15:00 \u0107wiczeniami dow\u00f3dczo-sztabowymi \u201eIzotop 2026\u201d.<\/p>\n<p>\u2013 Maj\u0105 one na celu sprawdzenie skoordynowania dzia\u0142a\u0144 naszych pion\u00f3w, od pionu laboratorium kryminalistycznego przez pion prewencji, piony kryminalne, a tak\u017ce sekcji lotnictwa \u2013 informuje podkomisarz Piotr Jaworski z Komendy Wojew\u00f3dzkiej Policji w Szczecinie.<\/p>\n<p>\u0106wiczona b\u0119dzie tak\u017ce komunikacja ze s\u0142u\u017cbami wsp\u00f3\u0142pracuj\u0105cymi \u2013 pogotowiem ratunkowym i stra\u017c\u0105 po\u017carn\u0105. W trakcie dzia\u0142a\u0144 na miejscu pojawi si\u0119 mi\u0119dzy innymi \u015bmig\u0142owiec.<\/p>\n<p>Policja apeluje do mieszka\u0144c\u00f3w o nieskupianie si\u0119 na \u0107wiczeniach podczas jazdy samochodem, aby unikn\u0105\u0107 niepotrzebnych kolizji.<\/p>\n<p>Ruch ulic\u0105 Gda\u0144sk\u0105 b\u0119dzie odbywa\u0142 si\u0119 normalny spos\u00f3b.<\/p>\n<p align=\"LEFT\">\u00a0<\/p>\n","protected":false},"excerpt":{"rendered":"Policja zaplanowa\u0142a kilkugodzinne \u0107wiczenia w rejonie jednego z g\u0142\u00f3wnych w\u0119z\u0142\u00f3w przesiadkowych w Szczecinie. Na p\u0119tli przy Basenie G\u00f3rniczym&hellip;\n","protected":false},"author":2,"featured_media":662649,"comment_status":"","ping_status":"","sticky":false,"template":"","format":"standard","meta":{"footnotes":"","_share_on_mastodon":"0"},"categories":[51611],"tags":[291,1089,3839,3511,261,3840,42,38,40,907,39,41,123,2307,26,1092],"class_list":["post-662648","post","type-post","status-publish","format-standard","has-post-thumbnail","category-szczecin","tag-historia","tag-imprezy","tag-interwencje","tag-inwestycje","tag-kultura","tag-lokale","tag-pl","tag-poland","tag-polish","tag-polityka","tag-polska","tag-polski","tag-rozrywka","tag-szczecin","tag-wiadomosci","tag-wydarzenia"],"share_on_mastodon":{"url":"https:\/\/pubeurope.com\/@pl\/117202114589456550","error":""},"_links":{"self":[{"href":"https:\/\/www.europesays.com\/pl\/wp-json\/wp\/v2\/posts\/662648","targetHints":{"allow":["GET"]}}],"collection":[{"href":"https:\/\/www.europesays.com\/pl\/wp-json\/wp\/v2\/posts"}],"about":[{"href":"https:\/\/www.europesays.com\/pl\/wp-json\/wp\/v2\/types\/post"}],"author":[{"embeddable":true,"href":"https:\/\/www.europesays.com\/pl\/wp-json\/wp\/v2\/users\/2"}],"replies":[{"embeddable":true,"href":"https:\/\/www.europesays.com\/pl\/wp-json\/wp\/v2\/comments?post=662648"}],"version-history":[{"count":0,"href":"https:\/\/www.europesays.com\/pl\/wp-json\/wp\/v2\/posts\/662648\/revisions"}],"wp:featuredmedia":[{"embeddable":true,"href":"https:\/\/www.europesays.com\/pl\/wp-json\/wp\/v2\/media\/662649"}],"wp:attachment":[{"href":"https:\/\/www.europesays.com\/pl\/wp-json\/wp\/v2\/media?parent=662648"}],"wp:term":[{"taxonomy":"category","embeddable":true,"href":"https:\/\/www.europesays.com\/pl\/wp-json\/wp\/v2\/categories?post=662648"},{"taxonomy":"post_tag","embeddable":true,"href":"https:\/\/www.europesays.com\/pl\/wp-json\/wp\/v2\/tags?post=662648"}],"curies":[{"name":"wp","href":"https:\/\/api.w.org\/{rel}","templated":true}]}}