{"id":662684,"date":"2026-09-02T15:35:15","date_gmt":"2026-09-02T15:35:15","guid":{"rendered":"https:\/\/www.europesays.com\/pl\/662684\/"},"modified":"2026-09-02T15:35:15","modified_gmt":"2026-09-02T15:35:15","slug":"tak-polacy-oceniaja-prezydenta-karola-nawrockiego-nowy-sondaz-cbos","status":"publish","type":"post","link":"https:\/\/www.europesays.com\/pl\/662684\/","title":{"rendered":"Tak Polacy oceniaj\u0105 prezydenta Karola Nawrockiego. Nowy sonda\u017c CBOS"},"content":{"rendered":"<p>Jak zauwa\u017cy\u0142 CBOS, w por\u00f3wnaniu z podobnym badaniem przeprowadzonym w lipcu nowy sonda\u017c z sierpnia &#8222;przyni\u00f3s\u0142 popraw\u0119 notowa\u0144 parlamentu oraz jednoczesne pogorszenie ocen dzia\u0142alno\u015bci Karola Nawrockiego&#8221;. Wed\u0142ug najnowszej ankiety odsetek pozytywnych opinii na temat prezydenta spad\u0142 o pi\u0119\u0107 punkt\u00f3w procentowych.<\/p>\n<p>W lipcu dzia\u0142alno\u015b\u0107 Karola Nawrockiego dobrze ocenia\u0142o 56 proc. respondent\u00f3w, a w sierpniu ju\u017c tylko 51 proc. Jednocze\u015bnie o trzy punkty procentowe wzros\u0142a liczba ocen negatywnych \u2014 z 37 proc. do 40 proc. Ankietowanych bez zdania na temat dzia\u0142alno\u015bci Karola Nawrockiego w lipcu by\u0142o 7 proc., a obecnie jest ich 9 proc.<\/p>\n<p><a href=\"https:\/\/www.onet.pl\/\" title=\"Strona G\u0142\u00f3wna\" aria-label=\"Strona G\u0142\u00f3wna\" data-astro-prefetch=\"tap\" class=\"ods-a-logo-main-desktop\" rel=\"nofollow noopener\" target=\"_blank\"><img src=\"https:\/\/cdn.wiadomosci.onet.pl\/img\/Logo_desktop_Onet.svg\" class=\"ods-a-logo-main-desktop__image\" alt=\"Logo\" width=\"107\" height=\"60\" fetchpriority=\"high\" decoding=\"sync\" style=\"height:60px\"\/><\/a><\/p>\n<p class=\"ods-m-google-article__text\">Czytaj nas cz\u0119\u015bciej w Google<\/p>\n<p><a href=\"https:\/\/google.com\/preferences\/source?q=wiadomosci.onet.pl\" target=\"_blank\" rel=\"noopener noreferrer nofollow\" aria-label=\"Dodaj w Google\" title=\"Dodaj w Google\" class=\"ods-a-button ods-a-button__primary ods-a-button__default ods-a-button-l\">Dodaj w Google<\/a>Dalszy ci\u0105g artyku\u0142u pod materia\u0142em wideoJak Polacy oceniaj\u0105 prac\u0119 Sejmu i Senatu? Jest nowy sonda\u017c<\/p>\n<p>W sierpniu prac\u0119 Sejmu pozytywnie oceni\u0142o 30 proc. badanych (wzrost o trzy punkty procentowe w stosunku do lipca), a negatywnie 53 proc. (spadek o pi\u0119\u0107 punkt\u00f3w procentowych). Odsetek os\u00f3b bez zdania na ten temat delikatnie wzr\u00f3s\u0142 z 15 proc. w lipcu do 17 proc. obecnie.<\/p>\n<p>Rados\u0142aw Sikorski coraz bli\u017cej Karola Nawrockiego. Zmiany w sonda\u017cu zaufania<img class=\"ods-a-photo ods-a-photo--background\" src=\"https:\/\/www.europesays.com\/pl\/wp-content\/uploads\/2026\/09\/nOck9lBaHR0cHM6Ly9vY2RuLmV1L3B1bHNjbXMvTURBXy8yMTExY2IwYWM2NDZkYWJlMzlmMDM5YjBhY2MzNDhlZS5qcGeRlQLNA.jpeg\" height=\"253\" width=\"450\" alt=\"Donald Tusk, Rados\u0142aw Sikorski, Karol Nawrocki, W\u0142adys\u0142aw Kosiniak-Kamysz, Krzysztof Bosak\" loading=\"lazy\" fetchpriority=\"low\" decoding=\"async\"\/><\/p>\n<p>Ankietowani ocenili r\u00f3wnie\u017c dzia\u0142alno\u015b\u0107 Senatu. Pozytywn\u0105 opini\u0119 o jego pracy ma 35 proc. respondent\u00f3w, co oznacza wzrost o cztery punkty procentowe wzgl\u0119dem lipca. Niezadowolonych jest za\u015b 39 proc. badanych (spadek o cztery punkty procentowe). Odsetek os\u00f3b bez zdania w tej kwestii pozosta\u0142 bez zmian \u2014 a jest ich 26 proc.<\/p>\n<p>CBOS przeprowadzi\u0142 badanie w dniach 20-30 sierpnia br. w ramach procedury mixed-mode na reprezentatywnej imiennej pr\u00f3bie pe\u0142noletnich mieszka\u0144c\u00f3w Polski, wylosowanej z rejestru PESEL, licz\u0105cej 935 os\u00f3b.<\/p>\n","protected":false},"excerpt":{"rendered":"Jak zauwa\u017cy\u0142 CBOS, w por\u00f3wnaniu z podobnym badaniem przeprowadzonym w lipcu nowy sonda\u017c z sierpnia &#8222;przyni\u00f3s\u0142 popraw\u0119 notowa\u0144&hellip;\n","protected":false},"author":2,"featured_media":662685,"comment_status":"","ping_status":"","sticky":false,"template":"","format":"standard","meta":{"footnotes":"","_share_on_mastodon":"0"},"categories":[62712],"tags":[61195,13658,690,43,49,48,46,47,423,5634,231],"class_list":["post-662684","post","type-post","status-publish","format-standard","has-post-thumbnail","category-karol-nawrocki","tag-bottomfeed_styl","tag-cbos","tag-karol-nawrocki","tag-karol_nawrocki","tag-kraj","tag-nat_styl","tag-omp","tag-screening_general","tag-sejm","tag-senat_rp","tag-sondaze"],"share_on_mastodon":{"url":"https:\/\/pubeurope.com\/@pl\/117202186347386140","error":""},"_links":{"self":[{"href":"https:\/\/www.europesays.com\/pl\/wp-json\/wp\/v2\/posts\/662684","targetHints":{"allow":["GET"]}}],"collection":[{"href":"https:\/\/www.europesays.com\/pl\/wp-json\/wp\/v2\/posts"}],"about":[{"href":"https:\/\/www.europesays.com\/pl\/wp-json\/wp\/v2\/types\/post"}],"author":[{"embeddable":true,"href":"https:\/\/www.europesays.com\/pl\/wp-json\/wp\/v2\/users\/2"}],"replies":[{"embeddable":true,"href":"https:\/\/www.europesays.com\/pl\/wp-json\/wp\/v2\/comments?post=662684"}],"version-history":[{"count":0,"href":"https:\/\/www.europesays.com\/pl\/wp-json\/wp\/v2\/posts\/662684\/revisions"}],"wp:featuredmedia":[{"embeddable":true,"href":"https:\/\/www.europesays.com\/pl\/wp-json\/wp\/v2\/media\/662685"}],"wp:attachment":[{"href":"https:\/\/www.europesays.com\/pl\/wp-json\/wp\/v2\/media?parent=662684"}],"wp:term":[{"taxonomy":"category","embeddable":true,"href":"https:\/\/www.europesays.com\/pl\/wp-json\/wp\/v2\/categories?post=662684"},{"taxonomy":"post_tag","embeddable":true,"href":"https:\/\/www.europesays.com\/pl\/wp-json\/wp\/v2\/tags?post=662684"}],"curies":[{"name":"wp","href":"https:\/\/api.w.org\/{rel}","templated":true}]}}