{"id":66269,"date":"2025-10-24T13:51:15","date_gmt":"2025-10-24T13:51:15","guid":{"rendered":"https:\/\/www.europesays.com\/pl\/66269\/"},"modified":"2025-10-24T13:51:15","modified_gmt":"2025-10-24T13:51:15","slug":"szokujace-zdarzenie-w-kolbuszowej-strazak-po-pijanemu-potracil-kobiete-i-uciekl","status":"publish","type":"post","link":"https:\/\/www.europesays.com\/pl\/66269\/","title":{"rendered":"Szokuj\u0105ce zdarzenie w Kolbuszowej: Stra\u017cak po pijanemu potr\u0105ci\u0142 kobiet\u0119 i uciek\u0142"},"content":{"rendered":"<p>47-letni stra\u017cak z Kolbuszowej (woj. podkarpackie) zosta\u0142 tymczasowo aresztowany po tym, jak b\u0119d\u0105c pod wp\u0142ywem alkoholu potr\u0105ci\u0142 na przej\u015bciu dla pieszych 50-letni\u0105 kobiet\u0119 i zbieg\u0142 z miejsca wypadku. M\u0119\u017cczyzna us\u0142ysza\u0142 ju\u017c zarzuty, a s\u0105d zdecydowa\u0142 o jego trzymiesi\u0119cznym areszcie. Za pope\u0142nione przest\u0119pstwa grozi mu nawet 18 lat pozbawienia wolno\u015bci.<\/p>\n<p>                         &#13;<br \/>\n        &#13;<\/p>\n<p>                                        &#13;<br \/>\n                        &#13;<br \/>\n                            <img decoding=\"async\" src=\"https:\/\/www.europesays.com\/pl\/wp-content\/uploads\/2025\/10\/000LT3FCXIRA74YJ-C123-F4.jpg\" title=\"Szokuj\u0105ce zdarzenie na Podkarpaciu: Stra\u017cak po pijanemu potr\u0105ci\u0142 kobiet\u0119 i uciek\u0142\" alt=\"47-letni zawodowy stra\u017cak z Kolbuszowej (Podkarpackie) odpowie za potr\u0105cenie po pijanemu na pasach dla pieszych 50-letniej kobiety i ucieczk\u0119 z miejsca zdarzenia \/Shutterstock\" class=\"img-responsive\"\/>&#13;<\/p>\n<p>                            &#13;<\/p>\n<p>      &#13;<br \/>\n                            47-letni zawodowy stra\u017cak z Kolbuszowej (Podkarpackie) odpowie za potr\u0105cenie po pijanemu na pasach dla pieszych 50-letniej kobiety i ucieczk\u0119 z miejsca zdarzenia&#13;<br \/>\n                                    \/Shutterstock  &#13;\n                                    <\/p>\n<p>&#13;<\/p>\n<ul class=\"bullet\">\n<li>Po wi\u0119cej aktualnych informacji zapraszamy na\u00a0<a href=\"https:\/\/www.rmf24.pl\/\" rel=\"nofollow noopener\" target=\"_blank\">RMF24.pl<\/a><\/li>\n<\/ul>\n<p>Do zdarzenia dosz\u0142o w Kolbuszowej (Podkarpackie).\u00a0\u00a0<\/p>\n<p>Jak poinformowa\u0142 rzecznik Prokuratury Okr\u0119gowej w Tarnobrzegu, prokurator Andrzej Dubiel, 47-letni stra\u017cak z Komendy Powiatowej PSP w Kolbuszowej potr\u0105ci\u0142 na przej\u015bciu dla pieszych prawid\u0142owo przechodz\u0105c\u0105 mieszkank\u0119 Mielca.\u00a0<\/p>\n<p>Po wypadku m\u0119\u017cczyzna nie zatrzyma\u0142 si\u0119 i nie udzieli\u0142 pomocy poszkodowanej, tylko uciek\u0142 z miejsca zdarzenia.<\/p>\n<p>Kobieta w wyniku potr\u0105cenia dozna\u0142a rozleg\u0142ych obra\u017ce\u0144 cia\u0142a. Sprawca zosta\u0142 zatrzymany po kilkudziesi\u0119ciu minutach na jednym z parking\u00f3w w Mielcu\u00a0\u2013 przekaza\u0142 rzecznik tarnobrzeskiej prokuratury.<\/p>\n<p>Zatrzymany stra\u017cak zosta\u0142 przebadany alkomatem. Wynik by\u0142 szokuj\u0105cy \u2013 mia\u0142 w wydychanym powietrzu 1,35 mg\/l alkoholu, co odpowiada niemal 3 promilom.<\/p>\n<p>M\u0119\u017cczyzna us\u0142ysza\u0142 trzy powa\u017cne zarzuty: spowodowania w stanie nietrze\u017awo\u015bci wypadku drogowego, w wyniku kt\u00f3rego 50-letnia kobieta odnios\u0142a obra\u017cenia, ucieczki i nieudzielenia pokrzywdzonej pomocy oraz kierowania pojazdem w ruchu l\u0105dowym w stanie nietrze\u017awo\u015bci.<\/p>\n<p>Na wniosek prokuratury w Mielcu, kt\u00f3ra prowadzi \u015bledztwo, s\u0105d zdecydowa\u0142 o tymczasowym aresztowaniu podejrzanego na trzy miesi\u0105ce. Prokuratura nie ujawnia na razie szczeg\u00f3\u0142\u00f3w sprawy ze wzgl\u0119du na dobro post\u0119powania.<\/p>\n<p>47-latkowi grozi kara nawet do 18 lat pozbawienia wolno\u015bci.\u00a0\u00a0<\/p>\n","protected":false},"excerpt":{"rendered":"47-letni stra\u017cak z Kolbuszowej (woj. podkarpackie) zosta\u0142 tymczasowo aresztowany po tym, jak b\u0119d\u0105c pod wp\u0142ywem alkoholu potr\u0105ci\u0142 na&hellip;\n","protected":false},"author":2,"featured_media":66270,"comment_status":"","ping_status":"","sticky":false,"template":"","format":"standard","meta":{"footnotes":""},"categories":[5],"tags":[32,33,36,37,27,34,35,28,31,25,42,38,40,39,41,29,30,26],"class_list":{"0":"post-66269","1":"post","2":"type-post","3":"status-publish","4":"format-standard","5":"has-post-thumbnail","7":"category-naglowki","8":"tag-breaking-news","9":"tag-breakingnews","10":"tag-featured-news","11":"tag-featurednews","12":"tag-headlines","13":"tag-latest-news","14":"tag-latestnews","15":"tag-naglowki","16":"tag-najwazniejsze-artykuly","17":"tag-news","18":"tag-pl","19":"tag-poland","20":"tag-polish","21":"tag-polska","22":"tag-polski","23":"tag-top-stories","24":"tag-topstories","25":"tag-wiadomosci"},"share_on_mastodon":{"url":"https:\/\/pubeurope.com\/@pl\/115429473346603148","error":""},"_links":{"self":[{"href":"https:\/\/www.europesays.com\/pl\/wp-json\/wp\/v2\/posts\/66269","targetHints":{"allow":["GET"]}}],"collection":[{"href":"https:\/\/www.europesays.com\/pl\/wp-json\/wp\/v2\/posts"}],"about":[{"href":"https:\/\/www.europesays.com\/pl\/wp-json\/wp\/v2\/types\/post"}],"author":[{"embeddable":true,"href":"https:\/\/www.europesays.com\/pl\/wp-json\/wp\/v2\/users\/2"}],"replies":[{"embeddable":true,"href":"https:\/\/www.europesays.com\/pl\/wp-json\/wp\/v2\/comments?post=66269"}],"version-history":[{"count":0,"href":"https:\/\/www.europesays.com\/pl\/wp-json\/wp\/v2\/posts\/66269\/revisions"}],"wp:featuredmedia":[{"embeddable":true,"href":"https:\/\/www.europesays.com\/pl\/wp-json\/wp\/v2\/media\/66270"}],"wp:attachment":[{"href":"https:\/\/www.europesays.com\/pl\/wp-json\/wp\/v2\/media?parent=66269"}],"wp:term":[{"taxonomy":"category","embeddable":true,"href":"https:\/\/www.europesays.com\/pl\/wp-json\/wp\/v2\/categories?post=66269"},{"taxonomy":"post_tag","embeddable":true,"href":"https:\/\/www.europesays.com\/pl\/wp-json\/wp\/v2\/tags?post=66269"}],"curies":[{"name":"wp","href":"https:\/\/api.w.org\/{rel}","templated":true}]}}