{"id":662692,"date":"2026-09-02T15:46:14","date_gmt":"2026-09-02T15:46:14","guid":{"rendered":"https:\/\/www.europesays.com\/pl\/662692\/"},"modified":"2026-09-02T15:46:14","modified_gmt":"2026-09-02T15:46:14","slug":"wojsko-nad-lublinem-lotnisko-uspokaja-2","status":"publish","type":"post","link":"https:\/\/www.europesays.com\/pl\/662692\/","title":{"rendered":"Wojsko nad Lublinem. Lotnisko uspokaja"},"content":{"rendered":"<p>W \u015brod\u0119 2 wrze\u015bnia i czwartek 3 wrze\u015bnia w przestrzeni powietrznej kontrolowanej przez Port Lotniczy Lublin odb\u0119d\u0105 si\u0119 zaplanowane z wyprzedzeniem \u0107wiczenia wojskowe. Dla pasa\u017cer\u00f3w samolot\u00f3w cywilnych mo\u017ce oznacza\u0107 to op\u00f3\u017anienia lub chwilowe wstrzymanie ruchu lotniczego.<\/p>\n<p>\u0106wiczenia wojska nad Lublinem<\/p>\n<p>&#8211; Wszystko zosta\u0142o z nami uzgodnione. Wojsko przeprowadzi \u0107wiczenia w godzinach, kiedy nie mamy zaplanowanych \u017cadnych operacji lotniczych &#8211; m\u00f3wi nam Piotr Jankowski, rzecznik Portu Lotniczego Lublin.<\/p>\n<p>Mimo tych zapewnie\u0144 loty z Warszawy do Lublina i z Lublina do Warszawy zosta\u0142y odwo\u0142ane, a loty z Londynu do Lublina i z Lublina do Londynu zosta\u0142y op\u00f3\u017anione.<\/p>\n<p><img loading=\"lazy\" decoding=\"async\" style=\"aspect-ratio:1617\/281;\" src=\"https:\/\/www.europesays.com\/pl\/wp-content\/uploads\/2026\/09\/pobrane-5.png\" width=\"1617\" height=\"281\"\/><img loading=\"lazy\" decoding=\"async\" style=\"aspect-ratio:1613\/275;\" src=\"https:\/\/www.europesays.com\/pl\/wp-content\/uploads\/2026\/09\/pobrane-6.png\" width=\"1613\" height=\"275\"\/><\/p>\n<p>Kluczowy dla operacji wojskowych b\u0119dzie dwugodzinny blok czasowy. Maszyny si\u0142 zbrojnych pojawi\u0105 si\u0119 na niebie mi\u0119dzy godzin\u0105 15.30 a 17.30. Informacj\u0119 o wojskowej aktywno\u015bci formalnie potwierdza opublikowany komunikat NOTAM, czyli oficjalna depesza kierowana do personelu lotniczego i kontroler\u00f3w ruchu.\u00a0<\/p>\n<p>W\u0142adze Lublin Aiport uspokajaj\u0105 mieszka\u0144c\u00f3w Lubelszczyzny. Wzmo\u017cona obecno\u015b\u0107 wojskowych samolot\u00f3w nad miastem nie jest powodem do niepokoju. Ma charakter wy\u0142\u0105cznie treningowy i stanowi standardowy element szkolenia pilot\u00f3w. Precyzyjne wyznaczenie ram czasowych i wcze\u015bniejsza publikacja ostrze\u017cenia dowodz\u0105, \u017ce ca\u0142a akcja przebiega w spos\u00f3b kontrolowany.<\/p>\n<p>Na pocz\u0105tku sierpnia 2026 roku otrzymali\u015bmy sygna\u0142y, \u017ce wojsko ponownie pojawi\u0142o si\u0119 na lotnisku w \u015awidniku. Ministerstwo Obrony Narodowej nie zdradzi\u0142o nam charakteru obecno\u015bci armii na lotnisku.<\/p>\n","protected":false},"excerpt":{"rendered":"W \u015brod\u0119 2 wrze\u015bnia i czwartek 3 wrze\u015bnia w przestrzeni powietrznej kontrolowanej przez Port Lotniczy Lublin odb\u0119d\u0105 si\u0119&hellip;\n","protected":false},"author":2,"featured_media":662693,"comment_status":"","ping_status":"","sticky":false,"template":"","format":"standard","meta":{"footnotes":"","_share_on_mastodon":"0"},"categories":[51612],"tags":[69316,2995,1081,42,38,40,39,41,4321,161],"class_list":["post-662692","post","type-post","status-publish","format-standard","has-post-thumbnail","category-lublin","tag-cwiczenia-wojskowe","tag-lotnisko","tag-lublin","tag-pl","tag-poland","tag-polish","tag-polska","tag-polski","tag-swidnik","tag-wojsko"],"share_on_mastodon":{"url":"https:\/\/pubeurope.com\/@pl\/117202229781533665","error":""},"_links":{"self":[{"href":"https:\/\/www.europesays.com\/pl\/wp-json\/wp\/v2\/posts\/662692","targetHints":{"allow":["GET"]}}],"collection":[{"href":"https:\/\/www.europesays.com\/pl\/wp-json\/wp\/v2\/posts"}],"about":[{"href":"https:\/\/www.europesays.com\/pl\/wp-json\/wp\/v2\/types\/post"}],"author":[{"embeddable":true,"href":"https:\/\/www.europesays.com\/pl\/wp-json\/wp\/v2\/users\/2"}],"replies":[{"embeddable":true,"href":"https:\/\/www.europesays.com\/pl\/wp-json\/wp\/v2\/comments?post=662692"}],"version-history":[{"count":0,"href":"https:\/\/www.europesays.com\/pl\/wp-json\/wp\/v2\/posts\/662692\/revisions"}],"wp:featuredmedia":[{"embeddable":true,"href":"https:\/\/www.europesays.com\/pl\/wp-json\/wp\/v2\/media\/662693"}],"wp:attachment":[{"href":"https:\/\/www.europesays.com\/pl\/wp-json\/wp\/v2\/media?parent=662692"}],"wp:term":[{"taxonomy":"category","embeddable":true,"href":"https:\/\/www.europesays.com\/pl\/wp-json\/wp\/v2\/categories?post=662692"},{"taxonomy":"post_tag","embeddable":true,"href":"https:\/\/www.europesays.com\/pl\/wp-json\/wp\/v2\/tags?post=662692"}],"curies":[{"name":"wp","href":"https:\/\/api.w.org\/{rel}","templated":true}]}}