{"id":662730,"date":"2026-09-02T16:05:16","date_gmt":"2026-09-02T16:05:16","guid":{"rendered":"https:\/\/www.europesays.com\/pl\/662730\/"},"modified":"2026-09-02T16:05:16","modified_gmt":"2026-09-02T16:05:16","slug":"sondaz-cbos-spadek-ocen-karola-nawrockiego-sejm-zyskuje-wprost","status":"publish","type":"post","link":"https:\/\/www.europesays.com\/pl\/662730\/","title":{"rendered":"Sonda\u017c CBOS: spadek ocen Karola Nawrockiego, Sejm zyskuje \u2013 Wprost"},"content":{"rendered":"\n<p>&#13;<br \/>\nDzia\u0142alno\u015b\u0107 prezydenta Karola Nawrockiego pozytywnie ocenia obecnie 51 proc. Polak\u00f3w \u2013\u00a0wynika z\u00a0najnowszego badania CBOS. Cho\u0107 wi\u0119kszo\u015b\u0107 respondent\u00f3w wci\u0105\u017c dobrze wypowiada si\u0119 o\u00a0g\u0142owie pa\u0144stwa, sierpniowy rezultat jest wyra\u017anie s\u0142abszy od\u00a0odnotowanego miesi\u0105c wcze\u015bniej. W\u00a0por\u00f3wnaniu z\u00a0lipcem odsetek przychylnych ocen prezydenta zmniejszy\u0142 si\u0119 o\u00a0pi\u0119\u0107 punkt\u00f3w procentowych. Jednocze\u015bnie przyby\u0142o os\u00f3b krytycznie oceniaj\u0105cych jego dzia\u0142alno\u015b\u0107. Negatywn\u0105 opini\u0119 wyrazi\u0142o 40 proc. ankietowanych, czyli o\u00a0trzy punkty procentowe wi\u0119cej ni\u017c\u00a0w\u00a0poprzednim badaniu. &#13;\n<\/p>\n<p>&#13;<br \/>\nCBOS zwr\u00f3ci\u0142 uwag\u0119, \u017ce\u00a0w\u00a0lipcu Karol Nawrocki uzyska\u0142 najlepsze notowania od\u00a0pocz\u0105tku swojej kadencji. W sierpniu ten korzystny dla\u00a0prezydenta trend zosta\u0142 jednak przerwany. Nadal utrzymuje on 11-punktow\u0105 przewag\u0119 ocen pozytywnych nad negatywnymi. &#13;\n<\/p>\n<p>Nowy sonda\u017c. Nawrocki gorzej, Sejm lekko poprawi\u0142 notowania<\/p>\n<p>&#13;<br \/>\nZnacznie gorzej od\u00a0prezydenta oceniany jest Sejm. Pozytywn\u0105 opini\u0119 o\u00a0dzia\u0142alno\u015bci izby ni\u017cszej parlamentu ma\u00a030 proc. badanych. To\u00a0wynik o\u00a0trzy punkty procentowe lepszy ni\u017c\u00a0w\u00a0lipcu. Jednocze\u015bnie spad\u0142a liczba respondent\u00f3w krytykuj\u0105cych prac\u0119 pos\u0142\u00f3w. Negatywnie dzia\u0142alno\u015b\u0107 Sejmu oceni\u0142o 53 proc. uczestnik\u00f3w sonda\u017cu, czyli o\u00a0pi\u0119\u0107 punkt\u00f3w procentowych mniej ni\u017c\u00a0miesi\u0105c wcze\u015bniej. &#13;\n<\/p>\n<p>&#13;<br \/>\nMimo tej poprawy przewaga ocen negatywnych nadal jest znaczna i\u00a0wynosi 23 punkty procentowe. Autorzy badania zaznaczaj\u0105 jednak, \u017ce\u00a0r\u00f3\u017cnica mi\u0119dzy zwolennikami a\u00a0krytykami pracy Sejmu jest wyra\u017anie mniejsza ni\u017c\u00a0w\u00a0poprzednim miesi\u0105cu. &#13;\n<\/p>\n<p>Senat z\u00a0lepszym wynikiem. R\u00f3\u017cnica w\u00a0sonda\u017cu niewielka<\/p>\n<p>&#13;<br \/>\nPoprawi\u0142y si\u0119 r\u00f3wnie\u017c oceny Senatu. Dobrze o\u00a0dzia\u0142alno\u015bci izby wy\u017cszej parlamentu wypowiedzia\u0142o si\u0119 35 proc. ankietowanych \u2013\u00a0o\u00a0cztery punkty procentowe wi\u0119cej ni\u017c\u00a0w\u00a0lipcu. Niezadowolenie z\u00a0pracy senator\u00f3w zadeklarowa\u0142o 39 proc. respondent\u00f3w. Odsetek opinii negatywnych spad\u0142 o\u00a0cztery punkty procentowe. R\u00f3\u017cnica w\u00a0<a href=\"https:\/\/www.wprost.pl\/polityka\/12428466\/sondaz-andrzej-duda-w-opinii-polakow-wypominaja-mu-tk.html\" rel=\"nofollow noopener\" target=\"_blank\">sonda\u017cu<\/a> pomi\u0119dzy ocenami pozytywnymi i\u00a0krytycznymi wynosi wi\u0119c obecnie cztery punkty. &#13;\n<\/p>\n<p>&#13;<br \/>\nBadanie zrealizowano od\u00a020 do\u00a030 sierpnia na\u00a0reprezentatywnej, imiennej pr\u00f3bie 935 pe\u0142noletnich mieszka\u0144c\u00f3w Polski, wylosowanych z\u00a0rejestru PESEL. CBOS zastosowa\u0142 procedur\u0119 mixed-mode. Wi\u0119kszo\u015b\u0107 respondent\u00f3w, 63,6 proc., odpowiada\u0142a w\u00a0bezpo\u015brednich wywiadach CAPI. Metod\u0105 telefoniczn\u0105 CATI przebadano 19,4 proc. uczestnik\u00f3w, a\u00a0za po\u015brednictwem ankiet internetowych CAWI \u2013\u00a017 proc. &#13;\n<\/p>\n<p>&#13;<br \/>\n   Czytaj te\u017c:<br \/><a href=\"https:\/\/www.wprost.pl\/polityka\/sondaze\/12427710\/sondaz-morawiecki-starl-sie-z-pis-em-jest-nowa-inicjatywa-polacy-reaguja.html\" rel=\"follow nofollow noopener\" data-schema=\"WPROST\" data-image=\"https:\/\/img.wprost.pl\/_thumb\/c9\/f3\/e2b8731a588a79b6c89eee5d06c7.jpeg\" target=\"_blank\">Tak Polacy ocenili ruch Morawieckiego. Wymowny wynik sonda\u017cu<\/a>   Czytaj te\u017c:<br \/><a href=\"https:\/\/www.wprost.pl\/edukacja\/12428850\/starania-barbary-nowackiej-na-nic-polacy-wola-te-zakazy-od-wielkiej-reformy-men.html\" rel=\"follow nofollow noopener\" data-schema=\"WPROST\" data-image=\"https:\/\/img.wprost.pl\/_thumb\/2a\/42\/3e5832dce4017c3cefb7fee90364.jpeg\" target=\"_blank\">Ten sonda\u017c to\u00a0pow\u00f3d do\u00a0zmartwie\u0144 dla\u00a0szefowej MEN. Wyla\u0142a si\u0119 gorycz na\u00a0flagowy ruch<\/a>&#13;<\/p>\n","protected":false},"excerpt":{"rendered":"&#13; Dzia\u0142alno\u015b\u0107 prezydenta Karola Nawrockiego pozytywnie ocenia obecnie 51 proc. Polak\u00f3w \u2013\u00a0wynika z\u00a0najnowszego badania CBOS. Cho\u0107 wi\u0119kszo\u015b\u0107 respondent\u00f3w&hellip;\n","protected":false},"author":2,"featured_media":662731,"comment_status":"","ping_status":"","sticky":false,"template":"","format":"standard","meta":{"footnotes":"","_share_on_mastodon":"0"},"categories":[62712],"tags":[690,49,54167,367,907,1005,366,231,61647,43315],"class_list":["post-662730","post","type-post","status-publish","format-standard","has-post-thumbnail","category-karol-nawrocki","tag-karol-nawrocki","tag-kraj","tag-nowy","tag-polacy","tag-polityka","tag-prezydent","tag-sondaz","tag-sondaze","tag-stanislaw-wegrowski","tag-wprost"],"share_on_mastodon":{"url":"https:\/\/pubeurope.com\/@pl\/117202303489570432","error":""},"_links":{"self":[{"href":"https:\/\/www.europesays.com\/pl\/wp-json\/wp\/v2\/posts\/662730","targetHints":{"allow":["GET"]}}],"collection":[{"href":"https:\/\/www.europesays.com\/pl\/wp-json\/wp\/v2\/posts"}],"about":[{"href":"https:\/\/www.europesays.com\/pl\/wp-json\/wp\/v2\/types\/post"}],"author":[{"embeddable":true,"href":"https:\/\/www.europesays.com\/pl\/wp-json\/wp\/v2\/users\/2"}],"replies":[{"embeddable":true,"href":"https:\/\/www.europesays.com\/pl\/wp-json\/wp\/v2\/comments?post=662730"}],"version-history":[{"count":0,"href":"https:\/\/www.europesays.com\/pl\/wp-json\/wp\/v2\/posts\/662730\/revisions"}],"wp:featuredmedia":[{"embeddable":true,"href":"https:\/\/www.europesays.com\/pl\/wp-json\/wp\/v2\/media\/662731"}],"wp:attachment":[{"href":"https:\/\/www.europesays.com\/pl\/wp-json\/wp\/v2\/media?parent=662730"}],"wp:term":[{"taxonomy":"category","embeddable":true,"href":"https:\/\/www.europesays.com\/pl\/wp-json\/wp\/v2\/categories?post=662730"},{"taxonomy":"post_tag","embeddable":true,"href":"https:\/\/www.europesays.com\/pl\/wp-json\/wp\/v2\/tags?post=662730"}],"curies":[{"name":"wp","href":"https:\/\/api.w.org\/{rel}","templated":true}]}}