{"id":662738,"date":"2026-09-02T16:13:17","date_gmt":"2026-09-02T16:13:17","guid":{"rendered":"https:\/\/www.europesays.com\/pl\/662738\/"},"modified":"2026-09-02T16:13:17","modified_gmt":"2026-09-02T16:13:17","slug":"aktywnosc-wojskowa-nad-lublinem-utrudnienia-na-lotnisku-i-odwolane-loty-lublin112-wiadomosci-z-lublina-i-regionu-wazne-informacje-z-kraju","status":"publish","type":"post","link":"https:\/\/www.europesays.com\/pl\/662738\/","title":{"rendered":"Aktywno\u015b\u0107 wojskowa nad Lublinem. Utrudnienia na lotnisku i odwo\u0142ane loty : Lublin112 \u2013 Wiadomo\u015bci z Lublina i regionu. Wa\u017cne informacje z kraju"},"content":{"rendered":"<p>W \u015brod\u0119 i czwartek nad Lublinem mo\u017ce by\u0107 prowadzona planowana aktywno\u015b\u0107 wojskowa. W zwi\u0105zku z tym wydany zosta\u0142 NOTAM, kt\u00f3ry przewiduje mo\u017cliwo\u015b\u0107 czasowego ograniczenia ruchu cywilnego na terenie Portu Lotniczego Lublin. Dla pasa\u017cer\u00f3w oznacza to ryzyko op\u00f3\u017anie\u0144, a w okre\u015blonych sytuacjach tak\u017ce czasowego wstrzymania start\u00f3w i l\u0105dowa\u0144.<\/p>\n<p>Zgodnie z opublikowanym NOTAM-em ograniczenia dotycz\u0105 dw\u00f3ch dni \u2013 2 i 3 wrze\u015bnia. Ka\u017cdego z tych dni przestrze\u0144 w rejonie lotniska mo\u017ce by\u0107 wykorzystywana na potrzeby planowanej aktywno\u015bci wojskowej w godzinach 15:30\u201317:30.<\/p>\n<p>W tym czasie ruch cywilny na lotnisku w \u015awidniku mo\u017ce by\u0107 odpowiednio dostosowywany. Oznacza to, \u017ce samoloty mog\u0105 oczekiwa\u0107 na mo\u017cliwo\u015b\u0107 wykonania operacji, a starty i l\u0105dowania mog\u0105 zosta\u0107 czasowo ograniczone.<\/p>\n<p>Samolot LOT zawr\u00f3ci\u0142 do Warszawy<\/p>\n<p>Skutki ogranicze\u0144 by\u0142y widoczne ju\u017c w \u015brod\u0119. Samolot LOT lec\u0105cy z Warszawy do Lublina nie zako\u0144czy\u0142 rejsu w \u015awidniku. Po pojawieniu si\u0119 w rejonie lotniska wykona\u0142 kr\u0105g nad Lublinem, a nast\u0119pnie skierowa\u0142 si\u0119 z powrotem do Warszawy.<\/p>\n<p>To w\u0142a\u015bnie w godzinach obowi\u0105zywania ogranicze\u0144 przypada\u0142o planowane l\u0105dowanie rejsu LOT z Warszawy. W rozk\u0142adzie Lublin Airport po\u0142\u0105czenie LO3965 figuruje jako przylot z Warszawy o godz. 14:30.<\/p>\n<p>Problemy dotkn\u0119\u0142y r\u00f3wnie\u017c pasa\u017cer\u00f3w oczekuj\u0105cych na podr\u00f3\u017c w przeciwnym kierunku. Rejs LOT z Lublina do Warszawy, zaplanowany na godz. 15:05, zosta\u0142 odwo\u0142any.<\/p>\n<p>To nie oznacza zagro\u017cenia<\/p>\n<p>Sam fakt pojawienia si\u0119 NOTAM-u mo\u017ce wzbudza\u0107 zainteresowanie mieszka\u0144c\u00f3w, szczeg\u00f3lnie gdy w okolicy s\u0142ycha\u0107 lub wida\u0107 wi\u0119cej samolot\u00f3w wojskowych. W tym przypadku nie ma jednak podstaw, by traktowa\u0107 zapowiedzian\u0105 aktywno\u015b\u0107 jako sygna\u0142 bezpo\u015bredniego zagro\u017cenia dla mieszka\u0144c\u00f3w.<\/p>\n<p>NOTAM zosta\u0142 wydany z wyprzedzeniem i dotyczy okre\u015blonego przedzia\u0142u czasowego. Ma on przede wszystkim umo\u017cliwi\u0107 odpowiednie przygotowanie i koordynacj\u0119 ruchu lotniczego \u2014 zar\u00f3wno wojskowego, jak i cywilnego.<\/p>\n<p>Dla pasa\u017cer\u00f3w najwa\u017cniejsza jest natomiast praktyczna konsekwencja: w godzinach 15:30\u201317:30 trzeba liczy\u0107 si\u0119 z mo\u017cliwymi zmianami w realizacji po\u0142\u0105cze\u0144 z i do Lublina.<\/p>\n<p>\n                                    <a href=\"https:\/\/www.google.com\/preferences\/source?q=lublin112.pl\" target=\"_blank\" rel=\"noopener noreferrer nofollow\" onclick=\"if (!window.__cfRLUnblockHandlers) return false; gtag(&#039;event&#039;, &#039;google_preferred_source_click&#039;, {&#010;                                           &#039;link_url&#039;: this.href,&#010;                                           &#039;link_text&#039;: &#039;Ustaw lublin112.pl jako preferowane \u017ar\u00f3d\u0142o&#039;&#010;                                       });\" style=\"text-align:center;display:block;\" data-cf-modified-e7fb15880a77fb4008f443b9-=\"\"><br \/>\n                                        <img decoding=\"async\" src=\"https:\/\/www.europesays.com\/pl\/wp-content\/uploads\/2026\/09\/1788365597_248_lublin112-google-source.webp\" alt=\"Ustaw lublin112.pl jako preferowane \u017ar\u00f3d\u0142o w Google\" style=\"max-width: 70%;\"\/><br \/>\n                                    <\/a><br \/>\n                                    <\/p>\n","protected":false},"excerpt":{"rendered":"W \u015brod\u0119 i czwartek nad Lublinem mo\u017ce by\u0107 prowadzona planowana aktywno\u015b\u0107 wojskowa. W zwi\u0105zku z tym wydany zosta\u0142&hellip;\n","protected":false},"author":2,"featured_media":662739,"comment_status":"","ping_status":"","sticky":false,"template":"","format":"standard","meta":{"footnotes":"","_share_on_mastodon":"0"},"categories":[51612],"tags":[2995,1081,128845,128846,42,38,40,39,41,56651],"class_list":["post-662738","post","type-post","status-publish","format-standard","has-post-thumbnail","category-lublin","tag-lotnisko","tag-lublin","tag-notam","tag-odwolany-lot","tag-pl","tag-poland","tag-polish","tag-polska","tag-polski","tag-port-lotniczy-lublin"],"share_on_mastodon":{"url":"https:\/\/pubeurope.com\/@pl\/117202336059636992","error":""},"_links":{"self":[{"href":"https:\/\/www.europesays.com\/pl\/wp-json\/wp\/v2\/posts\/662738","targetHints":{"allow":["GET"]}}],"collection":[{"href":"https:\/\/www.europesays.com\/pl\/wp-json\/wp\/v2\/posts"}],"about":[{"href":"https:\/\/www.europesays.com\/pl\/wp-json\/wp\/v2\/types\/post"}],"author":[{"embeddable":true,"href":"https:\/\/www.europesays.com\/pl\/wp-json\/wp\/v2\/users\/2"}],"replies":[{"embeddable":true,"href":"https:\/\/www.europesays.com\/pl\/wp-json\/wp\/v2\/comments?post=662738"}],"version-history":[{"count":0,"href":"https:\/\/www.europesays.com\/pl\/wp-json\/wp\/v2\/posts\/662738\/revisions"}],"wp:featuredmedia":[{"embeddable":true,"href":"https:\/\/www.europesays.com\/pl\/wp-json\/wp\/v2\/media\/662739"}],"wp:attachment":[{"href":"https:\/\/www.europesays.com\/pl\/wp-json\/wp\/v2\/media?parent=662738"}],"wp:term":[{"taxonomy":"category","embeddable":true,"href":"https:\/\/www.europesays.com\/pl\/wp-json\/wp\/v2\/categories?post=662738"},{"taxonomy":"post_tag","embeddable":true,"href":"https:\/\/www.europesays.com\/pl\/wp-json\/wp\/v2\/tags?post=662738"}],"curies":[{"name":"wp","href":"https:\/\/api.w.org\/{rel}","templated":true}]}}