{"id":66275,"date":"2025-10-24T13:54:08","date_gmt":"2025-10-24T13:54:08","guid":{"rendered":"https:\/\/www.europesays.com\/pl\/66275\/"},"modified":"2025-10-24T13:54:08","modified_gmt":"2025-10-24T13:54:08","slug":"oto-sam-sung-byly-pracownik-apple-ktory-stal-sie-internetowa-sensacja-po-latach-zmienil-nazwisko-ale-nie-obylo-sie-bez-stresu","status":"publish","type":"post","link":"https:\/\/www.europesays.com\/pl\/66275\/","title":{"rendered":"Oto Sam Sung, by\u0142y pracownik Apple, kt\u00f3ry sta\u0142 si\u0119 internetow\u0105 sensacj\u0105. Po latach zmieni\u0142 nazwisko, ale nie oby\u0142o si\u0119 bez stresu"},"content":{"rendered":"<p><img decoding=\"async\" class=\"teaserfoto\" src=\"https:\/\/www.europesays.com\/pl\/wp-content\/uploads\/2025\/10\/48703.png\" alt=\"Oto Sam Sung, by\u0142y pracownik Apple, kt\u00f3ry sta\u0142 si\u0119 internetow\u0105 sensacj\u0105. Po latach zmieni\u0142 nazwisko, ale nie oby\u0142o si\u0119 bez stresu\"\/>W mediach cz\u0119sto pojawiaj\u0105 si\u0119 historie, kt\u00f3re staj\u0105 si\u0119 sensacj\u0105 z powodu \u015bledztw, wyciek\u00f3w lub zwyk\u0142ych zbieg\u00f3w okoliczno\u015bci. Do tej ostatniej kategorii nale\u017cy przypadek, kt\u00f3ry w 2012 roku obieg\u0142 \u015bwiat. W szkockim Apple Store w Vancouver rozpocz\u0105\u0142 prac\u0119 pewien ch\u0142opak &#8211; Sam Sung. Co ciekawe, zwyk\u0142y pracownik sta\u0142 si\u0119 internetowym fenomenem z powodu zbie\u017cno\u015bci swojego imienia i nazwiska z nazw\u0105 korea\u0144skiego giganta, b\u0119d\u0105cego g\u0142\u00f3wnym rywalem Apple &#8211; Samsung.<\/p>\n<p>Zwyk\u0142y pracownik Apple Store w Vancouver sta\u0142 si\u0119 w 2012 roku internetowym fenomenem z powodu swojego imienia i nazwiska &#8211; Sam Sung. Cho\u0107 dzi\u015b wspomina t\u0119 histori\u0119 z u\u015bmiechem, w tamtym czasie obawia\u0142 si\u0119, \u017ce nietypowy zbieg okoliczno\u015bci mo\u017ce kosztowa\u0107 go prac\u0119.<\/p>\n<p><a class=\"colorbox\" href=\"https:\/\/www.purepc.pl\/image\/news\/2025\/10\/24_oto_sam_sung_byly_pracownik_apple_ktory_stal_sie_internetowa_sensacja_po_latach_zmienil_nazwisko_ale_nie_obylo_sie_bez_stresu_0_b.jpg\" rel=\"nofollow noopener\" target=\"_blank\"><img decoding=\"async\" src=\"https:\/\/www.europesays.com\/pl\/wp-content\/uploads\/2025\/10\/24_oto_sam_sung_byly_pracownik_apple_ktory_stal_sie_internetowa_sensacja_po_latach_zmienil_nazwisko_.jpeg\" alt=\"Oto Sam Sung, by\u0142y pracownik Apple, kt\u00f3ry sta\u0142 si\u0119 internetow\u0105 sensacj\u0105. Po latach zmieni\u0142 nazwisko, ale nie oby\u0142o si\u0119 bez stresu [1]\"\/><\/a><\/p>\n<p><a title=\"Smartfony Apple iPhone 17 Pro i Pro Max mog\u0105... zmienia\u0107 kolory. It\u2019s not a bug, it\u2019s a feature?\" href=\"https:\/\/www.purepc.pl\/smartfony-apple-iphone-17-pro-i-pro-max-moga-zmieniac-kolory-it-s-not-a-bug-it-s-a-feature\" rel=\"nofollow noopener\" target=\"_blank\">Smartfony Apple iPhone 17 Pro i Pro Max mog\u0105&#8230; zmienia\u0107 kolory. It\u2019s not a bug, it\u2019s a feature?<\/a><\/p>\n<p>W 2012 roku w szkockim Vancouver pracowa\u0142 Sam Sung i nie by\u0142oby w tym nic niezwyk\u0142ego, gdyby nie fakt, \u017ce zajmowa\u0142 stanowisko w <a href=\"https:\/\/www.purepc.pl\/tagi\/apple\" target=\"_blank\" rel=\"nofollow noopener\">Apple Store<\/a>. Kiedy kto\u015b zauwa\u017cy\u0142 ten nietypowy zbieg okoliczno\u015bci i opublikowa\u0142 w\u0105tek na <a href=\"https:\/\/www.purepc.pl\/tagi\/Reddit\" target=\"_blank\" rel=\"nofollow noopener\">Reddicie<\/a>, a nast\u0119pnie w sieci pojawi\u0142a si\u0119 jego wizyt\u00f3wka, historia b\u0142yskawicznie sta\u0142a si\u0119 viralem. \u201eKilka godzin p\u00f3\u017aniej otrzyma\u0142em kilka nieodebranych po\u0142\u0105cze\u0144 ze sklepu Apple\u201d \u2013 wspomina Sam Sung, kt\u00f3ry wpad\u0142 w panik\u0119, obawiaj\u0105c si\u0119 utraty pracy. Teraz, w rozmowie z Business Insider, przyznaje jednak z dystansem: \u201eGdyby Apple mnie zwolni\u0142o, wywo\u0142a\u0142oby to jeszcze wi\u0119ksze zamieszanie\u201d &#8211; i dodaje, \u017ce niepotrzebnie si\u0119 stresowa\u0142.<\/p>\n<p><a class=\"colorbox\" href=\"https:\/\/www.purepc.pl\/image\/news\/2025\/10\/24_oto_sam_sung_byly_pracownik_apple_ktory_stal_sie_internetowa_sensacja_po_latach_zmienil_nazwisko_ale_nie_obylo_sie_bez_stresu_1_b.jpg\" rel=\"nofollow noopener\" target=\"_blank\"><img decoding=\"async\" src=\"https:\/\/www.europesays.com\/pl\/wp-content\/uploads\/2025\/10\/1761314048_347_24_oto_sam_sung_byly_pracownik_apple_ktory_stal_sie_internetowa_sensacja_po_latach_zmienil_nazwisko_.jpeg\" alt=\"Oto Sam Sung, by\u0142y pracownik Apple, kt\u00f3ry sta\u0142 si\u0119 internetow\u0105 sensacj\u0105. Po latach zmieni\u0142 nazwisko, ale nie oby\u0142o si\u0119 bez stresu [2]\"\/><\/a><\/p>\n<p><a title=\"Apple iPhone 17 Pro - sprawdzono, o ile lepsza jest bateria w wersji smartfona na rynek USA. Wyniki s\u0105 zaskakuj\u0105ce\" href=\"https:\/\/www.purepc.pl\/apple-iphone-17-pro-smartfon-bateria-test-europa-vs-usa\" rel=\"nofollow noopener\" target=\"_blank\">Apple iPhone 17 Pro &#8211; sprawdzono, o ile lepsza jest bateria w wersji smartfona na rynek USA. Wyniki s\u0105 zaskakuj\u0105ce<\/a><\/p>\n<p>Po nag\u0142o\u015bnieniu sprawy do Sama Sunga podczas zmiany podszed\u0142 reporter, by przeprowadzi\u0107 z nim rozmow\u0119. Jednak kierownictwo tymczasowo odsun\u0119\u0142o go od pracy na sali sprzeda\u017cy, a wsp\u00f3\u0142pracownikom polecono, by nie ujawniali jego to\u017csamo\u015bci osobom pytaj\u0105cym o niego w sklepie. Nied\u0142ugo p\u00f3\u017aniej straci\u0142 te\u017c dost\u0119p do swoich wizyt\u00f3wek. Klienci zacz\u0119li dzwoni\u0107 i przychodzi\u0107, by upewni\u0107 si\u0119, czy \u201eSam Sung naprawd\u0119 tam pracuje\u201d. W takich sytuacjach udawa\u0142, \u017ce chodzi o kogo\u015b innego, jego szkocki akcent sprawia\u0142, \u017ce rozm\u00f3wcy nie rozpoznawali go po g\u0142osie. Nadto usun\u0105\u0142 on sw\u00f3j profil na platformie LinkedIn. Ca\u0142a sytuacja trwa\u0142a kilka miesi\u0119cy, po czym medialny szum ucich\u0142. Jak sam wspomina, przez ca\u0142y ten czas by\u0142 przera\u017cony i stara\u0142 si\u0119 pozosta\u0107 niezauwa\u017cony, by nie straci\u0107 pracy.<\/p>\n<p><a class=\"colorbox\" href=\"https:\/\/www.purepc.pl\/image\/news\/2025\/10\/24_oto_sam_sung_byly_pracownik_apple_ktory_stal_sie_internetowa_sensacja_po_latach_zmienil_nazwisko_ale_nie_obylo_sie_bez_stresu_2_b.jpg\" rel=\"nofollow noopener\" target=\"_blank\"><img decoding=\"async\" src=\"https:\/\/www.europesays.com\/pl\/wp-content\/uploads\/2025\/10\/1761314048_995_24_oto_sam_sung_byly_pracownik_apple_ktory_stal_sie_internetowa_sensacja_po_latach_zmienil_nazwisko_.jpeg\" alt=\"Oto Sam Sung, by\u0142y pracownik Apple, kt\u00f3ry sta\u0142 si\u0119 internetow\u0105 sensacj\u0105. Po latach zmieni\u0142 nazwisko, ale nie oby\u0142o si\u0119 bez stresu [3]\"\/><\/a><\/p>\n<p><a title=\"Apple MacBook Pro z czipem Apple M5 trafi\u0142 do przedsprzeda\u017cy, ale bez zasilacza. Nowy laptop ma by\u0107 lepszy w grach, AI i programach\" href=\"https:\/\/www.purepc.pl\/apple-macbook-pro-z-czipem-apple-m5-trafil-do-przedsprzedazy-ale-bez-zasilacza-nowy-laptop-ma-byc-lepszy-w-grach-ai-i-programach\" rel=\"nofollow noopener\" target=\"_blank\">Apple MacBook Pro z czipem Apple M5 trafi\u0142 do przedsprzeda\u017cy, ale bez zasilacza. Nowy laptop ma by\u0107 lepszy w grach, AI i programach<\/a><\/p>\n<p>W 2013 roku Sam Sung odszed\u0142 z pracy w Apple, by przebran\u017cowi\u0107 si\u0119 i rozpocz\u0105\u0107 karier\u0119 w bran\u017cy restauracyjnej. W tym czasie postanowi\u0142 zmieni\u0107 nazwisko na Struan &#8211; od nazwy jednej z jego ulubionych miejscowo\u015bci w Szkocji, wioski na wyspie Skye. Jak t\u0142umaczy\u0142, chcia\u0142 odci\u0105\u0107 si\u0119 od \u201einternetowego \u017cartu\u201d i unikn\u0105\u0107 skojarze\u0144 z dawnym rozg\u0142osem. Dodatkowo zmiana nazwiska pozwoli\u0142a mu wr\u00f3ci\u0107 do aktywno\u015bci w mediach spo\u0142eczno\u015bciowych, poniewa\u017c jego poprzednie dane by\u0142y ju\u017c zarezerwowane przez mark\u0119 <a href=\"https:\/\/www.purepc.pl\/tagi\/Samsung\" target=\"_blank\" rel=\"nofollow noopener\">Samsung<\/a>. W 2014 roku przekaza\u0142 pami\u0105tki z pracy w Apple na aukcj\u0119 charytatywn\u0105, podczas kt\u00f3rej jego wizyt\u00f3wka zosta\u0142a sprzedana za 2500 dolar\u00f3w. Organizacja Children\u2019s Wish, kt\u00f3r\u0105 wspiera\u0142, odnotowa\u0142a w tym czasie wzrost darowizn. Sam uzna\u0142 t\u0119 akcj\u0119 za najpi\u0119kniejszy element ca\u0142ej historii. Dzi\u015b wspomina ca\u0142\u0105 sytuacj\u0119 z humorem i przyznaje, \u017ce \u017ca\u0142uje, i\u017c nie potrafi\u0142 wtedy podej\u015b\u0107 do niej z wi\u0119kszym dystansem.<\/p>\n<p>\u0179r\u00f3d\u0142o: Business Insider<\/p>\n","protected":false},"excerpt":{"rendered":"W mediach cz\u0119sto pojawiaj\u0105 si\u0119 historie, kt\u00f3re staj\u0105 si\u0119 sensacj\u0105 z powodu \u015bledztw, wyciek\u00f3w lub zwyk\u0142ych zbieg\u00f3w okoliczno\u015bci.&hellip;\n","protected":false},"author":2,"featured_media":66276,"comment_status":"","ping_status":"","sticky":false,"template":"","format":"standard","meta":{"footnotes":""},"categories":[20],"tags":[489,16841,208,291,120,118,119,42,38,40,39,41,14072,16842,2072,116,114,115,16843,121,117,16844,16845],"class_list":{"0":"post-66275","1":"post","2":"type-post","3":"status-publish","4":"format-standard","5":"has-post-thumbnail","7":"category-nauka-i-technika","8":"tag-apple","9":"tag-apple-store","10":"tag-ciekawostki","11":"tag-historia","12":"tag-nauka","13":"tag-nauka-i-technika","14":"tag-naukatechnika","15":"tag-pl","16":"tag-poland","17":"tag-polish","18":"tag-polska","19":"tag-polski","20":"tag-pracownik","21":"tag-sam-sung","22":"tag-samsung","23":"tag-science","24":"tag-science-and-technology","25":"tag-sciencetechnology","26":"tag-szkocja","27":"tag-technika","28":"tag-technology","29":"tag-vancouver","30":"tag-viral"},"share_on_mastodon":{"url":"https:\/\/pubeurope.com\/@pl\/115429485175121660","error":""},"_links":{"self":[{"href":"https:\/\/www.europesays.com\/pl\/wp-json\/wp\/v2\/posts\/66275","targetHints":{"allow":["GET"]}}],"collection":[{"href":"https:\/\/www.europesays.com\/pl\/wp-json\/wp\/v2\/posts"}],"about":[{"href":"https:\/\/www.europesays.com\/pl\/wp-json\/wp\/v2\/types\/post"}],"author":[{"embeddable":true,"href":"https:\/\/www.europesays.com\/pl\/wp-json\/wp\/v2\/users\/2"}],"replies":[{"embeddable":true,"href":"https:\/\/www.europesays.com\/pl\/wp-json\/wp\/v2\/comments?post=66275"}],"version-history":[{"count":0,"href":"https:\/\/www.europesays.com\/pl\/wp-json\/wp\/v2\/posts\/66275\/revisions"}],"wp:featuredmedia":[{"embeddable":true,"href":"https:\/\/www.europesays.com\/pl\/wp-json\/wp\/v2\/media\/66276"}],"wp:attachment":[{"href":"https:\/\/www.europesays.com\/pl\/wp-json\/wp\/v2\/media?parent=66275"}],"wp:term":[{"taxonomy":"category","embeddable":true,"href":"https:\/\/www.europesays.com\/pl\/wp-json\/wp\/v2\/categories?post=66275"},{"taxonomy":"post_tag","embeddable":true,"href":"https:\/\/www.europesays.com\/pl\/wp-json\/wp\/v2\/tags?post=66275"}],"curies":[{"name":"wp","href":"https:\/\/api.w.org\/{rel}","templated":true}]}}