{"id":662754,"date":"2026-09-02T16:21:14","date_gmt":"2026-09-02T16:21:14","guid":{"rendered":"https:\/\/www.europesays.com\/pl\/662754\/"},"modified":"2026-09-02T16:21:14","modified_gmt":"2026-09-02T16:21:14","slug":"tak-polska-uporala-sie-z-chile-zobacz-wszystkie-bramki","status":"publish","type":"post","link":"https:\/\/www.europesays.com\/pl\/662754\/","title":{"rendered":"Tak Polska upora\u0142a si\u0119 z Chile. Zobacz wszystkie bramki"},"content":{"rendered":"\n<p class=\"contentpart contentpart--default contentpart--text\" data-position=\"0\">Najpierw\u00a0<a href=\"https:\/\/sportowefakty.wp.pl\/pilka-nozna\/reprezentacja-polski-w-pilce-szescioosobowej\" rel=\"nofollow noopener\" target=\"_blank\">reprezentacja Polski<\/a>\u00a0pokona\u0142a Kosowo 5:0. Nast\u0119pnie przysz\u0142a wygrana nad dru\u017cyn\u0105 Maroka 5:2. Na zako\u0144czenie zmaga\u0144 w grupie L Bia\u0142o-Czerwoni pewnie zwyci\u0119\u017cyli\u00a0<a href=\"https:\/\/sportowefakty.wp.pl\/chile\" rel=\"nofollow noopener\" target=\"_blank\">Chile<\/a>\u00a07:3.<\/p>\n<p class=\"contentpart contentpart--default contentpart--text\" data-position=\"1\">\u015arodowy mecz lepiej rozpocz\u0119li rywale, bowiem ju\u017c w 3. minucie bramk\u0119 strzeli\u0142 Cristian Arredondo Hermosilla. Odpowied\u017a Polak\u00f3w by\u0142a jednak b\u0142yskawiczna. Dwa gole (w 4. i 5. minucie) zdoby\u0142 Jan Peda. Gdy w 16. minucie na 3:1 podwy\u017cszy\u0142 Sebastian Kwaczreliszwili, sytuacja zdawa\u0142a si\u0119 ju\u017c by\u0107 pod kontrol\u0105 naszego zespo\u0142u.<\/p>\n<p>  <img decoding=\"async\" src=\"https:\/\/v.wpimg.pl\/X3dwLnN2d1IFFTpdYUl6R0ZNbgcnEHQREVV2TGEGbUtRT2MdOlZ2RBQUKABgQjQcDRotCStBd1IAAWMeIlM7VgwYIAorQAdEFFk_GCkQJQ\" alt=\"\" width=\"45\" height=\"58\" loading=\"lazy\"\/>       <\/p>\n<p class=\"contentpart contentpart--default contentpart--text\" data-position=\"3\">Cho\u0107 w 20. minucie Cristian Arredondo Hermosilla wykorzysta\u0142 rzut karny, to potem nast\u0105pi\u0142 koncert Polak\u00f3w. Krystian Nowakowski strzeli\u0142 bramk\u0119 na 4:2 w 21. minucie. Sebastian Kwaczreliszwili podwy\u017cszy\u0142 wynik w 24. minucie. Nast\u0119pnie dwukrotnie trafi\u0142 niezawodny Norbert Jaszczak (27. i 34. minuta). Na ich bramki swoim trzecim golem odpowiedzia\u0142 Cristian Arredondo Hermosilla (35. minuta).<\/p>\n<p class=\"contentpart contentpart--default contentpart--text\" data-position=\"4\">Polacy wygrali z Chile zdecydowanie. Dzi\u0119ki temu z sum\u0105 dziewi\u0119ciu punkt\u00f3w i bilansem bramek 17:5 okazali si\u0119 najlepsi w grupie L. Tym samym Bia\u0142o-Czerwoni zagraj\u0105 w fazie pucharowej od 1\/8 fina\u0142u.<\/p>\n<p class=\"contentpart contentpart--default contentpart--text\" data-position=\"5\">Socca to odmiana pi\u0142ki no\u017cnej, w kt\u00f3rej zespo\u0142y rywalizuj\u0105 na mniejszym boisku w sze\u015bcioosobowych sk\u0142adach. Polacy to aktualni mistrzowie \u015bwiata.<\/p>\n<p class=\"contentpart contentpart--default contentpart--text\" data-position=\"6\">ZOBACZ WIDEO: Ibrahimovi\u0107 zn\u00f3w szaleje. Takiego salta nikt si\u0119 nie spodziewa\u0142<\/p>\n","protected":false},"excerpt":{"rendered":"Najpierw\u00a0reprezentacja Polski\u00a0pokona\u0142a Kosowo 5:0. Nast\u0119pnie przysz\u0142a wygrana nad dru\u017cyn\u0105 Maroka 5:2. Na zako\u0144czenie zmaga\u0144 w grupie L Bia\u0142o-Czerwoni&hellip;\n","protected":false},"author":2,"featured_media":662755,"comment_status":"","ping_status":"","sticky":false,"template":"","format":"standard","meta":{"footnotes":"","_share_on_mastodon":"0"},"categories":[12],"tags":[306,295,989,269,42,38,40,39,41,83286],"class_list":["post-662754","post","type-post","status-publish","format-standard","has-post-thumbnail","category-polska","tag-chile","tag-niemcy","tag-pilka-na-swiecie","tag-pilka-nozna","tag-pl","tag-poland","tag-polish","tag-polska","tag-polski","tag-reprezentacja-polski-w-pilce-szescioosobowej"],"share_on_mastodon":{"url":"https:\/\/pubeurope.com\/@pl\/117202367419303319","error":""},"_links":{"self":[{"href":"https:\/\/www.europesays.com\/pl\/wp-json\/wp\/v2\/posts\/662754","targetHints":{"allow":["GET"]}}],"collection":[{"href":"https:\/\/www.europesays.com\/pl\/wp-json\/wp\/v2\/posts"}],"about":[{"href":"https:\/\/www.europesays.com\/pl\/wp-json\/wp\/v2\/types\/post"}],"author":[{"embeddable":true,"href":"https:\/\/www.europesays.com\/pl\/wp-json\/wp\/v2\/users\/2"}],"replies":[{"embeddable":true,"href":"https:\/\/www.europesays.com\/pl\/wp-json\/wp\/v2\/comments?post=662754"}],"version-history":[{"count":0,"href":"https:\/\/www.europesays.com\/pl\/wp-json\/wp\/v2\/posts\/662754\/revisions"}],"wp:featuredmedia":[{"embeddable":true,"href":"https:\/\/www.europesays.com\/pl\/wp-json\/wp\/v2\/media\/662755"}],"wp:attachment":[{"href":"https:\/\/www.europesays.com\/pl\/wp-json\/wp\/v2\/media?parent=662754"}],"wp:term":[{"taxonomy":"category","embeddable":true,"href":"https:\/\/www.europesays.com\/pl\/wp-json\/wp\/v2\/categories?post=662754"},{"taxonomy":"post_tag","embeddable":true,"href":"https:\/\/www.europesays.com\/pl\/wp-json\/wp\/v2\/tags?post=662754"}],"curies":[{"name":"wp","href":"https:\/\/api.w.org\/{rel}","templated":true}]}}