{"id":662776,"date":"2026-09-02T16:32:08","date_gmt":"2026-09-02T16:32:08","guid":{"rendered":"https:\/\/www.europesays.com\/pl\/662776\/"},"modified":"2026-09-02T16:32:08","modified_gmt":"2026-09-02T16:32:08","slug":"polacy-ocenili-sejm-senat-i-prezydenta","status":"publish","type":"post","link":"https:\/\/www.europesays.com\/pl\/662776\/","title":{"rendered":"Polacy ocenili Sejm, Senat i prezydenta"},"content":{"rendered":"\n<p>&#13;<br \/>\nWed\u0142ug wynik\u00f3w sonda\u017cu, Karola Nawrockiego dobrze ocenia 51 proc. Dla\u00a0por\u00f3wnania: w\u00a0lipcu odsetek ten wynosi\u0142 56 proc. i\u00a0by\u0142 najwy\u017cszy od\u00a0pocz\u0105tku jego kadencji. Z\u00a0kolei liczba przeciwnik\u00f3w g\u0142owy pa\u0144stwa to\u00a0obecnie 40 proc. ankietowanych. To\u00a0wi\u0119cej o\u00a03 pkt. proc. w\u00a0por\u00f3wnaniu z\u00a0lipcem. Zdania na\u00a0temat polskiego przyw\u00f3dcy nie\u00a0ma\u00a09 proc. ankietowanych. &#13;\n<\/p>\n<p>&#13;<br \/>\nW tym samym badaniu spytano tak\u017ce o\u00a0ocen\u0119 pracy pos\u0142\u00f3w i\u00a0senator\u00f3w. Dzia\u0142alno\u015b\u0107 Sejmu pozytywnie ocenia trzech na\u00a0dziesi\u0119ciu badanych (30 proc., wzrost o\u00a03 punkty procentowe od\u00a0lipca), a\u00a0negatywnie \u2013\u00a0ponad po\u0142owa (53 proc., spadek o\u00a05 punkt\u00f3w). &#13;\n<\/p>\n<p>&#13;<br \/>\nO pracy senator\u00f3w z\u00a0aprobat\u0105 wypowiada si\u0119 ponad jedna trzecia ankietowanych (35 proc., wzrost o\u00a04 punkty procentowe), natomiast niezadowolenie wyra\u017ca 39 proc. z\u00a0nich (spadek o\u00a04 punkty od\u00a0lipca). &#13;\n<\/p>\n<p>Zr\u00f3\u017cnicowane wyniki<\/p>\n<p>&#13;<br \/>\nW ostatnim sonda\u017cu United Surveys by\u00a0IBRiS dla\u00a0Wirtualnej Polski Polak\u00f3w <a href=\"https:\/\/dorzeczy.pl\/sondaz\/934816\/sondaz-58-proc-polakow-uwaza-nawrocki-dobrze-reprezentuje-polske-za-granica.html\" rel=\"nofollow noopener\" target=\"_blank\">zapytano o\u00a0ocen\u0119 dotychczasowej prezydentury<\/a> Karola Nawrockiego. &#13;\n<\/p>\n<p>&#13;<br \/>\n\u0141\u0105cznie 49,2 proc. Polak\u00f3w dobrze ocenia prezydentur\u0119 Karola Nawrockiego. Odpowied\u017a &#8222;zdecydowanie dobrze&#8221; wybra\u0142o 32,2 proc. respondent\u00f3w, a\u00a0&#8222;raczej dobrze&#8221; \u2013\u00a017,0 proc. Polak\u00f3w. &#13;\n<\/p>\n<p>&#13;<br \/>\n38,1 proc. badanych w\u00a0sonda\u017cu, wyra\u017ca si\u0119 krytycznie o\u00a0prezydenturze Karola Nawrockiego, z\u00a0czego 25,4 proc. ocenia &#8222;zdecydowanie \u017ale&#8221;, za\u015b\u00a012,7 proc. \u2013\u00a0&#8222;raczej \u017ale&#8221;. &#13;\n<\/p>\n<p>&#13;<br \/>\nNiezdecydowanych w\u00a0sprawie tego, jak Karol Nawrocki sprawuje prezydentur\u0119, jest 12,7 proc. uczestnik\u00f3w sonda\u017cu. &#13;\n<\/p>\n<p>&#13;<br \/>\nW\u015br\u00f3d wyborc\u00f3w opozycji (PiS, Konfederacja, Konfederacja Korony Polskiej i\u00a0Razem) 78 proc. dobrze ocenia dzia\u0142ania prezydenta (w tym 63 proc. &#8222;zdecydowanie dobrze&#8221;). &#13;\n<\/p>\n<p>&#13;<br \/>\nJe\u015bli chodzi o\u00a0zwolennik\u00f3w koalicji rz\u0105dowej, to\u00a088 proc. wystawia g\u0142owie pa\u0144stwa ocen\u0119 negatywn\u0105 (w tym 65 proc. &#8222;zdecydowanie \u017ale&#8221;). &#13;\n<\/p>\n<p>&#13;<br \/>\n   Czytaj te\u017c:<br \/><a href=\"https:\/\/dorzeczy.pl\/opinie\/937147\/nawrocki-na-westerplatte-wywolal-burze-niemcy-demony-prezydenta.html\" rel=\"follow nofollow noopener\" data-schema=\"DORZECZY\" data-image=\"https:\/\/img.dorzeczy.pl\/_thumb\/77\/66\/6d75646295a2bb52418921c2a6c8.jpeg\" target=\"_blank\">Niemcy krytykuj\u0105 Nawrockiego. Posz\u0142o o\u00a0s\u0142owa na\u00a0Westerplatte<\/a>   Czytaj te\u017c:<br \/><a href=\"https:\/\/dorzeczy.pl\/opinie\/937072\/uprzejmie-pana-informuje-czarzasty-uderza-w-nawrockiego.html\" rel=\"follow nofollow noopener\" data-schema=\"DORZECZY\" data-image=\"https:\/\/img.dorzeczy.pl\/_thumb\/b6\/69\/22be528cb15f9fbb279d91595559.jpeg\" target=\"_blank\">&#8222;Trzeba wskaza\u0107, kto za\u00a0to\u00a0zap\u0142aci&#8221;. Czarzasty uderza w\u00a0Nawrockiego<\/a>&#13;<\/p>\n","protected":false},"excerpt":{"rendered":"&#13; Wed\u0142ug wynik\u00f3w sonda\u017cu, Karola Nawrockiego dobrze ocenia 51 proc. Dla\u00a0por\u00f3wnania: w\u00a0lipcu odsetek ten wynosi\u0142 56 proc. i\u00a0by\u0142&hellip;\n","protected":false},"author":2,"featured_media":662777,"comment_status":"","ping_status":"","sticky":false,"template":"","format":"standard","meta":{"footnotes":"","_share_on_mastodon":"0"},"categories":[62712],"tags":[13658,98,690,49,1315,16178,102,367,366],"class_list":["post-662776","post","type-post","status-publish","format-standard","has-post-thumbnail","category-karol-nawrocki","tag-cbos","tag-dorzeczy","tag-karol-nawrocki","tag-kraj","tag-nawrocki","tag-oceny","tag-opinie","tag-polacy","tag-sondaz"],"share_on_mastodon":{"url":"","error":""},"_links":{"self":[{"href":"https:\/\/www.europesays.com\/pl\/wp-json\/wp\/v2\/posts\/662776","targetHints":{"allow":["GET"]}}],"collection":[{"href":"https:\/\/www.europesays.com\/pl\/wp-json\/wp\/v2\/posts"}],"about":[{"href":"https:\/\/www.europesays.com\/pl\/wp-json\/wp\/v2\/types\/post"}],"author":[{"embeddable":true,"href":"https:\/\/www.europesays.com\/pl\/wp-json\/wp\/v2\/users\/2"}],"replies":[{"embeddable":true,"href":"https:\/\/www.europesays.com\/pl\/wp-json\/wp\/v2\/comments?post=662776"}],"version-history":[{"count":0,"href":"https:\/\/www.europesays.com\/pl\/wp-json\/wp\/v2\/posts\/662776\/revisions"}],"wp:featuredmedia":[{"embeddable":true,"href":"https:\/\/www.europesays.com\/pl\/wp-json\/wp\/v2\/media\/662777"}],"wp:attachment":[{"href":"https:\/\/www.europesays.com\/pl\/wp-json\/wp\/v2\/media?parent=662776"}],"wp:term":[{"taxonomy":"category","embeddable":true,"href":"https:\/\/www.europesays.com\/pl\/wp-json\/wp\/v2\/categories?post=662776"},{"taxonomy":"post_tag","embeddable":true,"href":"https:\/\/www.europesays.com\/pl\/wp-json\/wp\/v2\/tags?post=662776"}],"curies":[{"name":"wp","href":"https:\/\/api.w.org\/{rel}","templated":true}]}}