{"id":662780,"date":"2026-09-02T16:38:13","date_gmt":"2026-09-02T16:38:13","guid":{"rendered":"https:\/\/www.europesays.com\/pl\/662780\/"},"modified":"2026-09-02T16:38:13","modified_gmt":"2026-09-02T16:38:13","slug":"jutrzejsze-informacje-pogodowe-3-09-dla-bialegostoku-sprawdz-najswiezsze-dane","status":"publish","type":"post","link":"https:\/\/www.europesays.com\/pl\/662780\/","title":{"rendered":"Jutrzejsze informacje pogodowe (3.09) dla Bia\u0142egostoku. Sprawd\u017a naj\u015bwie\u017csze dane"},"content":{"rendered":"<p><img decoding=\"async\" loading=\"eager\" fetchpriority=\"high\" class=\"atomsArticleGalleryImage__mainImg\" src=\"https:\/\/www.europesays.com\/pl\/wp-content\/uploads\/2026\/09\/il20260623_969927053_medium.jpg\" alt=\"Czy jutro b&#x119;dzie dobra pogoda do zbierania kasztan&#xF3;w w Bia&#x142;ymstoku? Sprawd&#x17A; prognoz&#x119; pogody na czwartek, 03.09\" width=\"1920\" height=\"1268\"\/><\/p>\n<p>\n        Czy jutro b\u0119dzie dobra pogoda do zbierania kasztan\u00f3w w Bia\u0142ymstoku? Sprawd\u017a prognoz\u0119 pogody na czwartek, 03.09<\/p>\n<p>          fot. Steve Satushek\/ Getty Images\n        <\/p>\n<p>Prognoza pogody dla Bia\u0142egostoku na jutro przewiduje temperatur\u0119 si\u0119gaj\u0105c\u0105 21\u00b0C w cieniu w najcieplejszym momencie dnia. Chcesz wiedzie\u0107, jaka pogoda b\u0119dzie jutro w Bia\u0142ymstoku? Dobrze trafi\u0142e\u015b. Na tej stronie zawsze sprawdzisz aktualn\u0105 prognoz\u0119 pogody na najbli\u017cszy dzie\u0144. Przypnij j\u0105 do ulubionych, a zawsze b\u0119dziesz mie\u0107 pod r\u0119k\u0105 informacj\u0119 o przewidywanej pogodzie. Sprawd\u017a, jak b\u0119dzie jutro (w czwartek, 03.09) w Bia\u0142ymstoku.<\/p>\n","protected":false},"excerpt":{"rendered":"Czy jutro b\u0119dzie dobra pogoda do zbierania kasztan\u00f3w w Bia\u0142ymstoku? Sprawd\u017a prognoz\u0119 pogody na czwartek, 03.09 fot. Steve&hellip;\n","protected":false},"author":2,"featured_media":662781,"comment_status":"","ping_status":"","sticky":false,"template":"","format":"standard","meta":{"footnotes":"","_share_on_mastodon":"0"},"categories":[51614],"tags":[2151,101806,101807,42,38,40,39,41,1600],"class_list":["post-662780","post","type-post","status-publish","format-standard","has-post-thumbnail","category-bialystok","tag-bialystok","tag-meteo","tag-meteorologia","tag-pl","tag-poland","tag-polish","tag-polska","tag-polski","tag-prognoza-pogody"],"share_on_mastodon":{"url":"https:\/\/pubeurope.com\/@pl\/117202434136248975","error":""},"_links":{"self":[{"href":"https:\/\/www.europesays.com\/pl\/wp-json\/wp\/v2\/posts\/662780","targetHints":{"allow":["GET"]}}],"collection":[{"href":"https:\/\/www.europesays.com\/pl\/wp-json\/wp\/v2\/posts"}],"about":[{"href":"https:\/\/www.europesays.com\/pl\/wp-json\/wp\/v2\/types\/post"}],"author":[{"embeddable":true,"href":"https:\/\/www.europesays.com\/pl\/wp-json\/wp\/v2\/users\/2"}],"replies":[{"embeddable":true,"href":"https:\/\/www.europesays.com\/pl\/wp-json\/wp\/v2\/comments?post=662780"}],"version-history":[{"count":0,"href":"https:\/\/www.europesays.com\/pl\/wp-json\/wp\/v2\/posts\/662780\/revisions"}],"wp:featuredmedia":[{"embeddable":true,"href":"https:\/\/www.europesays.com\/pl\/wp-json\/wp\/v2\/media\/662781"}],"wp:attachment":[{"href":"https:\/\/www.europesays.com\/pl\/wp-json\/wp\/v2\/media?parent=662780"}],"wp:term":[{"taxonomy":"category","embeddable":true,"href":"https:\/\/www.europesays.com\/pl\/wp-json\/wp\/v2\/categories?post=662780"},{"taxonomy":"post_tag","embeddable":true,"href":"https:\/\/www.europesays.com\/pl\/wp-json\/wp\/v2\/tags?post=662780"}],"curies":[{"name":"wp","href":"https:\/\/api.w.org\/{rel}","templated":true}]}}