{"id":662814,"date":"2026-09-02T16:55:15","date_gmt":"2026-09-02T16:55:15","guid":{"rendered":"https:\/\/www.europesays.com\/pl\/662814\/"},"modified":"2026-09-02T16:55:15","modified_gmt":"2026-09-02T16:55:15","slug":"funkcjonariusze-hur-i-sbu-starli-sie-w-kijowie-padly-strzaly","status":"publish","type":"post","link":"https:\/\/www.europesays.com\/pl\/662814\/","title":{"rendered":"Funkcjonariusze HUR i SBU starli si\u0119 w Kijowie. Pad\u0142y strza\u0142y"},"content":{"rendered":"<p>Do zdarzenia dosz\u0142o na ulicy Jurija Szumskiego na wschodzie Kijowa. Ulica ta jest zamkni\u0119ta dla ruchu od \u015brodowego popo\u0142udnia.<\/p>\n<p>Wst\u0119pne doniesienia wskazuj\u0105, \u017ce dosz\u0142o do wymiany ognia mi\u0119dzy funkcjonariuszami S\u0142u\u017cby Bezpiecze\u0144stwa Ukrainy (SBU) a \u017co\u0142nierzami G\u0142\u00f3wnego Zarz\u0105du Wywiadu Ministerstwa Obrony Ukrainy (HUR). Do zdarzenia dosz\u0142o podczas dzia\u0142a\u0144 w sprawie rosyjskiego spisku przeciwko zast\u0119pcy dow\u00f3dcy Rosyjskiego Korpusu Ochotniczego (RDK).<\/p>\n<p><a href=\"https:\/\/www.onet.pl\/\" title=\"Strona G\u0142\u00f3wna\" aria-label=\"Strona G\u0142\u00f3wna\" data-astro-prefetch=\"tap\" class=\"ods-a-logo-main-desktop\" rel=\"nofollow noopener\" target=\"_blank\"><img src=\"https:\/\/cdn.wiadomosci.onet.pl\/img\/Logo_desktop_Onet.svg\" class=\"ods-a-logo-main-desktop__image\" alt=\"Logo\" width=\"107\" height=\"60\" fetchpriority=\"high\" decoding=\"sync\" style=\"height:60px\"\/><\/a><\/p>\n<p class=\"ods-m-google-article__text\">Czytaj nas cz\u0119\u015bciej w Google<\/p>\n<p><a href=\"https:\/\/google.com\/preferences\/source?q=wiadomosci.onet.pl\" target=\"_blank\" rel=\"noopener noreferrer nofollow\" aria-label=\"Dodaj w Google\" title=\"Dodaj w Google\" class=\"ods-a-button ods-a-button__primary ods-a-button__default ods-a-button-l\">Dodaj w Google<\/a>Dalszy ci\u0105g artyku\u0142u pod materia\u0142em wideo<\/p>\n<p>SBU odpowiada przede wszystkim za wywiad wewn\u0119trzny i dzia\u0142ania antyterrorystyczne, natomiast HUR, jako cz\u0119\u015b\u0107 si\u0142 zbrojnych, zajmuje si\u0119 g\u0142\u00f3wnie wywiadem zagranicznym i rozpoznaniem. RDK to natomiast jednostka wojskowa z\u0142o\u017cona z obywateli Rosji walcz\u0105cych po stronie Ukrainy przeciwko Moskwie.<\/p>\n<p>Strzelanina na ulicach Kijowa. Ukrai\u0144ska prokuratura wyda\u0142a komunikat<\/p>\n<p>W nast\u0119pstwie doniesie\u0144 medi\u00f3w o strzelaninie Prokuratura Generalna Ukrainy wyda\u0142a o godz. 12.10 o\u015bwiadczenie, w kt\u00f3rym og\u0142osi\u0142a wszcz\u0119cie nowego \u015bledztwa karnego. Wed\u0142ug prokuratury funkcjonariusze SBU otrzymali od Federalnej S\u0142u\u017cby Bezpiecze\u0144stwa (FSB) rozkaz zapobie\u017cenia nieokre\u015blonemu &#8222;aktowi terrorystycznemu&#8221;. Podczas operacji grupa uzbrojonych m\u0119\u017cczyzn mia\u0142a zaatakowa\u0107 funkcjonariuszy SBU.<\/p>\n<p>&#8222;Podczas przeszukania jednego z adres\u00f3w grupa os\u00f3b przeprowadzi\u0142a zbrojny atak na grup\u0119 operacyjno-\u015bledcz\u0105 SBU. Pr\u00f3bowali uniemo\u017cliwi\u0107 przeprowadzenie czynno\u015bci \u015bledczych i zablokowali przejazd funkcjonariuszy organ\u00f3w \u015bcigania samochodami&#8221; \u2014 czytamy w o\u015bwiadczeniu.<\/p>\n<p>S\u0142u\u017cby poinformowa\u0142y, \u017ce na pomoc kolegom wys\u0142ano w\u00f3wczas oddzia\u0142 si\u0142 specjalnych SBU &#8222;Alfa&#8221;, a napastnicy zostali p\u00f3\u017aniej zatrzymani. Napastnicy, jak dodano, nale\u017c\u0105 do &#8222;jednej z jednostek Si\u0142 Obronnych Ukrainy&#8221;, a doniesienia medi\u00f3w wskazuj\u0105, \u017ce s\u0105 to cz\u0142onkowie HUR.<\/p>\n<p>Ukraina &#8222;powoli przegrywa&#8221; wojn\u0119. Diabelsko skuteczna strategia Rosji ma j\u0105 rzuci\u0107 na kolana. &#8222;Cudu nie b\u0119dzie&#8221;<img class=\"ods-a-photo ods-a-photo--background\" src=\"https:\/\/www.europesays.com\/pl\/wp-content\/uploads\/2026\/09\/f-Hk9lBaHR0cHM6Ly9vY2RuLmV1L3B1bHNjbXMvTURBXy84MzQ1Nzg0ZjM3MmQ2MWVmYjZjYjI3OTE0NzJjNGQ5My5wbmeRlQLNA.jpeg\" height=\"258\" width=\"450\" alt=\"M\u0119\u017cczyzna obserwuj\u0105cy po\u017car du\u017cego magazynu opon w Buczy po rosyjskim ataku, Ukraina, 29 sierpnia 2026 r.\" loading=\"lazy\" fetchpriority=\"low\" decoding=\"async\"\/><\/p>\n<p>Portal Ukrai\u0144ska Prawda poda\u0142, \u017ce na miejsce zdarzenia przybyli funkcjonariusze Pa\u0144stwowego Biura \u015aledczego (DBR) \u2014 kolejnej ukrai\u0144skiej agencji \u015bledczej obok SBU \u2014 aby interweniowa\u0107 i nakaza\u0107 obu stronom zawieszenie broni.<\/p>\n<p>Udaremniono atak na przyw\u00f3dc\u0119 rosyjskiej opozycji. Sprawy mog\u0105 by\u0107 powi\u0105zane<\/p>\n<p>Doniesienia medi\u00f3w sugeruj\u0105, \u017ce sprawa by\u0142a powi\u0105zana z rosyjskim zamachem na Stepana Kaplunowa, zast\u0119pc\u0119 dow\u00f3dcy RDK. W \u015brod\u0119 rano SBU poinformowa\u0142a, \u017ce we wsp\u00f3\u0142pracy z HUR udaremni\u0142a atak przygotowywany przez rosyjsk\u0105 FSB na rosyjskiego przyw\u00f3dc\u0119 opozycji, kt\u00f3ry przyby\u0142 do Ukrainy z okazji Dnia Niepodleg\u0142o\u015bci.<\/p>\n<p>Niezale\u017cny rosyjski serwis Astra poinformowa\u0142, \u017ce HUR usun\u0105\u0142 ju\u017c swoj\u0105 wersj\u0119 komunikatu w tej sprawie. Chocia\u017c w komunikacie nie podano szczeg\u00f3\u0142\u00f3w operacji, w tym nazwiska celu ani szczeg\u00f3\u0142\u00f3w samej akcji, RDK informuje, \u017ce Kaplunow zagin\u0105\u0142 kilka dni temu w pobli\u017cu swojego domu, a jednostka zg\u0142osi\u0142a ten incydent r\u00f3\u017cnym organom \u015bcigania, w tym HUR i SBU.<\/p>\n<p>W\u0142adze ukrai\u0144skie nie potwierdzi\u0142y publicznie, \u017ce Kaplunow zosta\u0142 porwany. Jego zagini\u0119cie i obecne miejsce pobytu nie zosta\u0142y oficjalnie ustalone. Doniesienia medi\u00f3w sugeruj\u0105, \u017ce zagini\u0119cie zast\u0119pcy dow\u00f3dcy RDK ma zwi\u0105zek ze strzelanin\u0105, cho\u0107 pe\u0142ne okoliczno\u015bci pozostaj\u0105 niejasne.<\/p>\n<p>Otoczenie Wo\u0142odymyra Ze\u0142enskiego wzywa do bezstronnego \u015bledztwa<\/p>\n<p>Kyry\u0142o Budanow, szef Gabinetu Prezydenta Ukrainy i by\u0142y pracownik HUR, wezwa\u0142 do przeprowadzenia &#8222;dok\u0142adnego i bezstronnego \u015bledztwa&#8221; w zwi\u0105zku z incydentem. Polityk powiedzia\u0142 agencji RBC Ukraina, \u017ce Prokuratura Generalna wraz z DBR zajmuje si\u0119 t\u0105 spraw\u0105.<\/p>\n<p>\u2014 Wa\u017cne jest zapewnienie dok\u0142adnego i bezstronnego \u015bledztwa, ale nikt nie ma prawa bezkarnie porywa\u0107 \u017co\u0142nierzy, otwiera\u0107 ognia na ulicach naszych miast, wydawa\u0107 i wykonywa\u0107 przest\u0119pcze rozkazy \u2014 powiedzia\u0142 Budanow.<\/p>\n","protected":false},"excerpt":{"rendered":"Do zdarzenia dosz\u0142o na ulicy Jurija Szumskiego na wschodzie Kijowa. Ulica ta jest zamkni\u0119ta dla ruchu od \u015brodowego&hellip;\n","protected":false},"author":2,"featured_media":662815,"comment_status":"","ping_status":"","sticky":false,"template":"","format":"standard","meta":{"footnotes":"","_share_on_mastodon":"0"},"categories":[14],"tags":[61195,32,33,6815,27,1239,34,35,28,31,48,25,46,40,41,87,6816,47,1277,80,29,30,415,26,82,83,84],"class_list":["post-662814","post","type-post","status-publish","format-standard","has-post-thumbnail","category-swiat","tag-bottomfeed_styl","tag-breaking-news","tag-breakingnews","tag-fsb","tag-headlines","tag-kijow","tag-latest-news","tag-latestnews","tag-naglowki","tag-najwazniejsze-artykuly","tag-nat_styl","tag-news","tag-omp","tag-polish","tag-polski","tag-rosja","tag-sbu","tag-screening_general","tag-strzelanina","tag-swiat","tag-top-stories","tag-topstories","tag-ukraina","tag-wiadomosci","tag-world","tag-world-news","tag-worldnews"],"share_on_mastodon":{"url":"","error":""},"_links":{"self":[{"href":"https:\/\/www.europesays.com\/pl\/wp-json\/wp\/v2\/posts\/662814","targetHints":{"allow":["GET"]}}],"collection":[{"href":"https:\/\/www.europesays.com\/pl\/wp-json\/wp\/v2\/posts"}],"about":[{"href":"https:\/\/www.europesays.com\/pl\/wp-json\/wp\/v2\/types\/post"}],"author":[{"embeddable":true,"href":"https:\/\/www.europesays.com\/pl\/wp-json\/wp\/v2\/users\/2"}],"replies":[{"embeddable":true,"href":"https:\/\/www.europesays.com\/pl\/wp-json\/wp\/v2\/comments?post=662814"}],"version-history":[{"count":0,"href":"https:\/\/www.europesays.com\/pl\/wp-json\/wp\/v2\/posts\/662814\/revisions"}],"wp:featuredmedia":[{"embeddable":true,"href":"https:\/\/www.europesays.com\/pl\/wp-json\/wp\/v2\/media\/662815"}],"wp:attachment":[{"href":"https:\/\/www.europesays.com\/pl\/wp-json\/wp\/v2\/media?parent=662814"}],"wp:term":[{"taxonomy":"category","embeddable":true,"href":"https:\/\/www.europesays.com\/pl\/wp-json\/wp\/v2\/categories?post=662814"},{"taxonomy":"post_tag","embeddable":true,"href":"https:\/\/www.europesays.com\/pl\/wp-json\/wp\/v2\/tags?post=662814"}],"curies":[{"name":"wp","href":"https:\/\/api.w.org\/{rel}","templated":true}]}}