{"id":662820,"date":"2026-09-02T16:58:20","date_gmt":"2026-09-02T16:58:20","guid":{"rendered":"https:\/\/www.europesays.com\/pl\/662820\/"},"modified":"2026-09-02T16:58:20","modified_gmt":"2026-09-02T16:58:20","slug":"pozar-w-skarzysku-kamiennej-tusk-akt-sabotazu","status":"publish","type":"post","link":"https:\/\/www.europesays.com\/pl\/662820\/","title":{"rendered":"Po\u017car w Skar\u017cysku-Kamiennej. Tusk: Akt sabota\u017cu"},"content":{"rendered":"\n<p>&#13;<br \/>\nW ostatnich dniach dosz\u0142o <a href=\"https:\/\/dorzeczy.pl\/kraj\/936208\/pozar-w-wb-electronics-produkujacej-drony-sprawe-bada-abw.html\" rel=\"nofollow noopener\" target=\"_blank\">do po\u017caru na\u00a0terenie zak\u0142adu WB Electronics w\u00a0Skar\u017cysku-Kamiennej<\/a> oraz\u00a0do\u00a0po\u017caru fabryki cz\u0119\u015bci do\u00a0\u015bmig\u0142owc\u00f3w i\u00a0samolot\u00f3w w\u00a0Lublinie. &#13;\n<\/p>\n<p>&#13;<br \/>\nSpraw\u0119 komentuje Donald Tusk. Premier wprost m\u00f3wi o\u00a0sabota\u017cu i\u00a0wskazuje na\u00a0udzia\u0142 Rosji w\u00a0tych wydarzeniach. &#13;\n<\/p>\n<p>&#13;<br \/>\n&#8211; Dosz\u0142o do\u00a0bardzo niepokoj\u0105cych incydent\u00f3w, zdarze\u0144 w\u00a0ostatnich kilkudziesi\u0119ciu godzinach w\u00a0Polsce, tak\u017ce w\u00a0Niemczech. Jest to\u00a0kontynuacja dzia\u0142a\u0144 eskalacyjnych ze\u00a0strony Rosji w\u00a0ca\u0142ym regionie, to\u00a0nie s\u0105 niestety pierwsze przypadki i\u00a0z\u00a0ca\u0142\u0105 pewno\u015bci\u0105, co\u00a0gorsza, nie\u00a0s\u0105 to\u00a0ostatnie tego typu zdarzenia \u2013\u00a0powiedzia\u0142 premier podczas posiedzenia rz\u0105du. &#13;\n<\/p>\n<p>&#13;<br \/>\n&#8211; Je\u015bli chodzi o\u00a0po\u017cary w\u00a0dw\u00f3ch zak\u0142adach, w\u00a0Lublinie i\u00a0w\u00a0Skar\u017cysku-Kamiennej, to\u00a0w\u00a0przypadku Skar\u017cyska-Kamiennej nie\u00a0ma\u00a0\u017cadnych w\u0105tpliwo\u015bci, \u017ce\u00a0dosz\u0142o do\u00a0celowego podpalenia, czyli do\u00a0aktu sabota\u017cu, w\u00a0przypadku Lublina nie\u00a0mamy tego typu dowod\u00f3w, ale\u00a0nie mo\u017cna wykluczy\u0107, bior\u0105c pod\u00a0uwag\u0119 tak\u017ce charakter produkcji, \u017ce\u00a0tam r\u00f3wnie\u017c dosz\u0142o do\u00a0celowego podpalenia &#8211;\u00a0kontynuowa\u0142 Donald Tusk. &#13;\n<\/p>\n<p>Po\u017car w\u00a0zak\u0142adzie produkuj\u0105cym drony<\/p>\n<p>&#13;<br \/>\nW nocy z\u00a030 na\u00a031 sierpnia dosz\u0142o do\u00a0po\u017caru na\u00a0terenie zak\u0142adu WB Electronics w\u00a0Skar\u017cysku-Kamiennej. Ogie\u0144 pojawi\u0142 si\u0119 po\u00a0p\u00f3\u0142nocy, kiedy firma by\u0142a nieczynna. Na\u00a0miejscu mia\u0142o doj\u015b\u0107 do\u00a0podpalenia. Prokuratura wszcz\u0119\u0142a \u015bledztwo w\u00a0kierunku dopuszczenia si\u0119 przest\u0119pstwa o\u00a0charakterze terrorystycznym poprzez pod\u0142o\u017cenie \u0142adunku z\u00a0\u0142atwopalnymi materia\u0142ami. Wed\u0142ug wst\u0119pnych ustale\u0144 \u015bledczych, sprawca m\u00f3g\u0142 dzia\u0142a\u0107 na\u00a0zlecenie obcego wywiadu. &#13;\n<\/p>\n<p>&#13;<br \/>\n\u015awi\u0119tokrzyska policja powo\u0142a\u0142a grup\u0119 specjaln\u0105, kt\u00f3ra zbada okoliczno\u015bci zdarzenia. Zesp\u00f3\u0142 ma\u00a0przeanalizowa\u0107 zabezpieczone \u015blady i\u00a0materia\u0142y oraz\u00a0wszystkie wersje wydarze\u0144. Pracami pokieruje inspektor Jacek Cholewa, zast\u0119pca komendanta wojew\u00f3dzkiego policji w\u00a0Kielcach, kt\u00f3ry nadzoruje pion kryminalny. Zesp\u00f3\u0142 b\u0119dzie \u015bci\u015ble wsp\u00f3\u0142pracowa\u0107 z\u00a0innymi s\u0142u\u017cbami i\u00a0specjalistami. &#13;\n<\/p>\n<p>&#13;<br \/>\n   Czytaj te\u017c:<br \/><a href=\"https:\/\/dorzeczy.pl\/kraj\/936208\/pozar-w-wb-electronics-produkujacej-drony-sprawe-bada-abw.html\" rel=\"follow nofollow noopener\" data-schema=\"DORZECZY\" data-image=\"https:\/\/img.dorzeczy.pl\/_thumb\/19\/a2\/5204a4470b3fc9633cb2621f91ea.jpeg\" target=\"_blank\">Po\u017car w\u00a0zak\u0142adzie produkuj\u0105cym drony. ABW wkroczy\u0142o na\u00a0teren<\/a>   Czytaj te\u017c:<br \/><a href=\"https:\/\/dorzeczy.pl\/opinie\/936643\/pozar-fabryki-w-lublinie-prokuratura-bada-celowe-podpalenie.html\" rel=\"follow nofollow noopener\" data-schema=\"DORZECZY\" data-image=\"https:\/\/img.dorzeczy.pl\/_thumb\/39\/b9\/2267490e1a7e061267cef84c7298.jpeg\" target=\"_blank\">Po\u017car fabryki cz\u0119\u015bci do\u00a0\u015bmig\u0142owc\u00f3w i\u00a0samolot\u00f3w w\u00a0Lublinie. Mo\u017cliwe podpalenie<\/a> &#13;<\/p>\n","protected":false},"excerpt":{"rendered":"&#13; W ostatnich dniach dosz\u0142o do po\u017caru na\u00a0terenie zak\u0142adu WB Electronics w\u00a0Skar\u017cysku-Kamiennej oraz\u00a0do\u00a0po\u017caru fabryki cz\u0119\u015bci do\u00a0\u015bmig\u0142owc\u00f3w i\u00a0samolot\u00f3w w\u00a0Lublinie.&hellip;\n","protected":false},"author":2,"featured_media":662821,"comment_status":"","ping_status":"","sticky":false,"template":"","format":"standard","meta":{"footnotes":"","_share_on_mastodon":"0"},"categories":[62713],"tags":[1345,98,49,102,2148,87,18456],"class_list":["post-662820","post","type-post","status-publish","format-standard","has-post-thumbnail","category-donald-tusk","tag-donald-tusk","tag-dorzeczy","tag-kraj","tag-opinie","tag-pozar","tag-rosja","tag-sabotaz"],"share_on_mastodon":{"url":"https:\/\/pubeurope.com\/@pl\/117202511956571754","error":""},"_links":{"self":[{"href":"https:\/\/www.europesays.com\/pl\/wp-json\/wp\/v2\/posts\/662820","targetHints":{"allow":["GET"]}}],"collection":[{"href":"https:\/\/www.europesays.com\/pl\/wp-json\/wp\/v2\/posts"}],"about":[{"href":"https:\/\/www.europesays.com\/pl\/wp-json\/wp\/v2\/types\/post"}],"author":[{"embeddable":true,"href":"https:\/\/www.europesays.com\/pl\/wp-json\/wp\/v2\/users\/2"}],"replies":[{"embeddable":true,"href":"https:\/\/www.europesays.com\/pl\/wp-json\/wp\/v2\/comments?post=662820"}],"version-history":[{"count":0,"href":"https:\/\/www.europesays.com\/pl\/wp-json\/wp\/v2\/posts\/662820\/revisions"}],"wp:featuredmedia":[{"embeddable":true,"href":"https:\/\/www.europesays.com\/pl\/wp-json\/wp\/v2\/media\/662821"}],"wp:attachment":[{"href":"https:\/\/www.europesays.com\/pl\/wp-json\/wp\/v2\/media?parent=662820"}],"wp:term":[{"taxonomy":"category","embeddable":true,"href":"https:\/\/www.europesays.com\/pl\/wp-json\/wp\/v2\/categories?post=662820"},{"taxonomy":"post_tag","embeddable":true,"href":"https:\/\/www.europesays.com\/pl\/wp-json\/wp\/v2\/tags?post=662820"}],"curies":[{"name":"wp","href":"https:\/\/api.w.org\/{rel}","templated":true}]}}