{"id":662828,"date":"2026-09-02T17:05:16","date_gmt":"2026-09-02T17:05:16","guid":{"rendered":"https:\/\/www.europesays.com\/pl\/662828\/"},"modified":"2026-09-02T17:05:16","modified_gmt":"2026-09-02T17:05:16","slug":"spotkanie-autorskie-ze-stanislawem-lubienskim","status":"publish","type":"post","link":"https:\/\/www.europesays.com\/pl\/662828\/","title":{"rendered":"Spotkanie autorskie ze Stanis\u0142awem \u0141ubie\u0144skim"},"content":{"rendered":"\n<p>\t\t\t<a data-fancybox=\"gallery\" href=\"https:\/\/www.bialystokonline.pl\/gfx\/gfx_imprezy\/202609\/150935\/150935-max.webp\" data-caption=\"Spotkanie autorskie ze Stanis\u0142awem \u0141ubie\u0144skim\" class=\"event-item-photo\" rel=\"nofollow noopener\" target=\"_blank\"><\/p>\n<p>                    <img decoding=\"async\" class=\"event-item-img\" src=\"https:\/\/www.europesays.com\/pl\/wp-content\/uploads\/2026\/09\/150935-mini1.jpg\" alt=\"Spotkanie autorskie ze Stanis\u0142awem \u0141ubie\u0144skim\" title=\"Spotkanie autorskie ze Stanis\u0142awem \u0141ubie\u0144skim\" width=\"300\" height=\"169\" loading=\"lazy\"\/><\/p>\n<p>            <\/a><\/p>\n<p>\n            15<br \/>\n            wrz 2026\n        <\/p>\n<p>\n            Wtorek\n        <\/p>\n<p>\n            godz. 18:00\n        <\/p>\n<p>Zapraszamy na spotkanie autorskie ze Stanis\u0142awem \u0141ubie\u0144skim \u2013 kulturoznawc\u0105, ukrainist\u0105, z zami\u0142owania przyrodnikiem. Wsp\u00f3\u0142pracowa\u0142 z \u201eGazet\u0105 Wyborcz\u0105\u201d, \u201eTygodnikiem Powszechnym\u201d i \u201eDwutygodnikiem\u201d. Jest autorem nagradzanych i t\u0142umaczonych na j\u0119zyki obce ksi\u0105\u017cek: \u201ePirat stepowy\u201d, \u201eDwana\u015bcie srok za ogon\u201d, \u201eKsi\u0105\u017cka o \u015bmieciach\u201d. Prowadzi spacery przyrodnicze po Warszawie, jest gospodarzem audycji \u201eKsi\u0119stwo Ptak\u00f3w\u201d w radiowej Tr\u00f3jce i Prezesem Zarz\u0105du Og\u00f3lnopolskiego Towarzystwa Ochrony Ptak\u00f3w.<\/p>\n<p>Wst\u0119p na wydarzenie jest bezp\u0142atny.<\/p>\n<p>15 wrze\u015bnia 2026 r. (wtorek)<br \/>&#13;<br \/>\ngodz. 18:00<\/p>\n<p>Widzimy si\u0119 w Galerii Parter Ksi\u0105\u017cnicy Podlaskiej!<\/p>\n<p>Organizator<\/p>\n<p class=\"hdrline hdrline-mod l-space-sm-top\">Inne wydarzenia organizatora<\/p>\n<p>&#13;<br \/>\n&#13;<br \/>\n&#13;<br \/>\n<img loading=\"lazy\" decoding=\"async\" src=\"https:\/\/www.europesays.com\/pl\/wp-content\/uploads\/2026\/09\/1788368711_308_adlog.gif\" width=\"0\" height=\"0\" alt=\"\" style=\"width: 0px; height: 0px;\"\/><\/p>\n<p class=\"hdrline hdrline-mod l-space-sm-top\">Zobacz tak\u017ce<\/p>\n<p>                <a href=\"https:\/\/www.bialystokonline.pl\/pomosty-przyszlosci-2026,impreza,149583,11,1.html\" title=\"Pomosty Przysz\u0142o\u015bci 2026\" class=\"event-imga\" rel=\"nofollow noopener\" target=\"_blank\">&#13;<br \/>\n                    &#13;<br \/>\n                        &#13;<br \/>\n                        &#13;<br \/>\n                        <img decoding=\"async\" src=\"https:\/\/www.europesays.com\/pl\/wp-content\/uploads\/2026\/09\/149583-343x229.jpg\" alt=\"\" class=\"img\" width=\"343\" height=\"229\" loading=\"lazy\"\/>&#13;<br \/>\n                    &#13;<br \/>\n                <\/a><\/p>\n<p class=\"event-label hdr-label\">Patronat<\/p>\n<p>                <a href=\"https:\/\/www.bialystokonline.pl\/polskie-meteory-letnia-akcja-rakietowa,impreza,150640,11,1.html\" title=\"Polskie Meteory | Letnia Akcja Rakietowa\" class=\"event-imga\" rel=\"nofollow noopener\" target=\"_blank\">&#13;<br \/>\n                    &#13;<br \/>\n                        &#13;<br \/>\n                        &#13;<br \/>\n                        <img decoding=\"async\" src=\"https:\/\/www.europesays.com\/pl\/wp-content\/uploads\/2026\/09\/150640-343x229.jpg\" alt=\"\" class=\"img\" width=\"343\" height=\"229\" loading=\"lazy\"\/>&#13;<br \/>\n                    &#13;<br \/>\n                <\/a><\/p>\n<p>\n            19<br \/>\n            wrz 2026\n        <\/p>\n<p>\n            Sobota\n        <\/p>\n<p>\n            godz. 09:00\n        <\/p>\n<p>                <a href=\"https:\/\/www.bialystokonline.pl\/ciekawi-swiata-anita-pogorzelska-podroze-bez-granic-angola-piekno-bez-retuszu,impreza,150867,11,1.html\" title=\"Ciekawi \u015awiata: Anita Pogorzelska \/ Podr\u00f3\u017ce bez granic: Angola. Pi\u0119kno bez retuszu \" class=\"event-imga\" rel=\"nofollow noopener\" target=\"_blank\">&#13;<br \/>\n                    &#13;<br \/>\n                        &#13;<br \/>\n                        &#13;<br \/>\n                        <img decoding=\"async\" src=\"https:\/\/www.europesays.com\/pl\/wp-content\/uploads\/2026\/09\/150867-343x229.jpg\" alt=\"\" class=\"img\" width=\"343\" height=\"229\" loading=\"lazy\"\/>&#13;<br \/>\n                    &#13;<br \/>\n                <\/a><\/p>\n<p>\n            22<br \/>\n            wrz 2026\n        <\/p>\n<p>\n            Wtorek\n        <\/p>\n<p>\n            godz. 18:00\n        <\/p>\n<p>                <a href=\"https:\/\/www.bialystokonline.pl\/volvo-for-safety-interaktywne-miasteczko-bezpieczenstwa,impreza,150905,11,1.html\" title=\"Volvo For Safety \u2013 interaktywne miasteczko bezpiecze\u0144stwa\" class=\"event-imga\" rel=\"nofollow noopener\" target=\"_blank\">&#13;<br \/>\n                    &#13;<br \/>\n                        &#13;<br \/>\n                        &#13;<br \/>\n                        <img decoding=\"async\" src=\"https:\/\/www.europesays.com\/pl\/wp-content\/uploads\/2026\/09\/150905-343x229.jpg\" alt=\"\" class=\"img\" width=\"343\" height=\"229\" loading=\"lazy\"\/>&#13;<br \/>\n                    &#13;<br \/>\n                <\/a><\/p>\n<p class=\"event-label hdr-label\">Patronat<\/p>\n<p>Plac Marsza\u0142ka J. Pi\u0142sudskiego (przed Teatrem Dramatycznym)<\/p>\n<p>                <a href=\"https:\/\/www.bialystokonline.pl\/czwarte-swieto-ulicy-warszawskiej,impreza,150897,11,1.html\" title=\"Czwarte \u015awi\u0119to Ulicy Warszawskiej\" class=\"event-imga\" rel=\"nofollow noopener\" target=\"_blank\">&#13;<br \/>\n                    &#13;<br \/>\n                        &#13;<br \/>\n                        &#13;<br \/>\n                        <img decoding=\"async\" src=\"https:\/\/www.europesays.com\/pl\/wp-content\/uploads\/2026\/09\/150897-343x229.jpg\" alt=\"\" class=\"img\" width=\"343\" height=\"229\" loading=\"lazy\"\/>&#13;<br \/>\n                    &#13;<br \/>\n                <\/a><\/p>\n<p>Ulica Warszawska, Bia\u0142ystok<\/p>\n","protected":false},"excerpt":{"rendered":"15 wrz 2026 Wtorek godz. 18:00 Zapraszamy na spotkanie autorskie ze Stanis\u0142awem \u0141ubie\u0144skim \u2013 kulturoznawc\u0105, ukrainist\u0105, z zami\u0142owania&hellip;\n","protected":false},"author":2,"featured_media":662829,"comment_status":"","ping_status":"","sticky":false,"template":"","format":"standard","meta":{"footnotes":"","_share_on_mastodon":"0"},"categories":[51614],"tags":[2151,51731,113,51730,3754,51738,51735,4041,1096,1089,53208,399,17334,51736,2921,3840,51734,8736,1232,120,7116,17265,19285,42,5083,53207,38,40,39,41,6309,1756,8815,38950,123,128853,800,4278,1323,51737,2879,253],"class_list":["post-662828","post","type-post","status-publish","format-standard","has-post-thumbnail","category-bialystok","tag-bialystok","tag-bialystokonline","tag-biznes","tag-bstok","tag-dom","tag-drobne","tag-firm","tag-firmy","tag-hotele","tag-imprezy","tag-imprezy-okolicznosciowe-bialystok","tag-informacje","tag-katalog","tag-kina","tag-koncert","tag-lokale","tag-miejski","tag-mieszkanie","tag-motoryzacja","tag-nauka","tag-ogloszenia","tag-on-line","tag-online","tag-pl","tag-podlasie","tag-pokazy","tag-poland","tag-polish","tag-polska","tag-polski","tag-portal","tag-praca","tag-repertuar","tag-rozklad","tag-rozrywka","tag-spotkanie-autorskie-ze-stanislawem-lubienskim-wyklady","tag-teatr","tag-turystyka","tag-uroda","tag-urzedy","tag-zakupy","tag-zdrowie"],"share_on_mastodon":{"url":"https:\/\/pubeurope.com\/@pl\/117202540718497020","error":""},"_links":{"self":[{"href":"https:\/\/www.europesays.com\/pl\/wp-json\/wp\/v2\/posts\/662828","targetHints":{"allow":["GET"]}}],"collection":[{"href":"https:\/\/www.europesays.com\/pl\/wp-json\/wp\/v2\/posts"}],"about":[{"href":"https:\/\/www.europesays.com\/pl\/wp-json\/wp\/v2\/types\/post"}],"author":[{"embeddable":true,"href":"https:\/\/www.europesays.com\/pl\/wp-json\/wp\/v2\/users\/2"}],"replies":[{"embeddable":true,"href":"https:\/\/www.europesays.com\/pl\/wp-json\/wp\/v2\/comments?post=662828"}],"version-history":[{"count":0,"href":"https:\/\/www.europesays.com\/pl\/wp-json\/wp\/v2\/posts\/662828\/revisions"}],"wp:featuredmedia":[{"embeddable":true,"href":"https:\/\/www.europesays.com\/pl\/wp-json\/wp\/v2\/media\/662829"}],"wp:attachment":[{"href":"https:\/\/www.europesays.com\/pl\/wp-json\/wp\/v2\/media?parent=662828"}],"wp:term":[{"taxonomy":"category","embeddable":true,"href":"https:\/\/www.europesays.com\/pl\/wp-json\/wp\/v2\/categories?post=662828"},{"taxonomy":"post_tag","embeddable":true,"href":"https:\/\/www.europesays.com\/pl\/wp-json\/wp\/v2\/tags?post=662828"}],"curies":[{"name":"wp","href":"https:\/\/api.w.org\/{rel}","templated":true}]}}