{"id":662870,"date":"2026-09-02T17:26:18","date_gmt":"2026-09-02T17:26:18","guid":{"rendered":"https:\/\/www.europesays.com\/pl\/662870\/"},"modified":"2026-09-02T17:26:18","modified_gmt":"2026-09-02T17:26:18","slug":"dobre-projekty-prezydenta-blokuje-je-koalicja-13-grudnia","status":"publish","type":"post","link":"https:\/\/www.europesays.com\/pl\/662870\/","title":{"rendered":"&#8222;Dobre projekty prezydenta&#8221;. Blokuje je koalicja 13 grudnia"},"content":{"rendered":"<p data-v-01d4021f=\"\">Pose\u0142 Andrzej \u015aliwka bije na alarm &#8211; dobre projekty prezydenckie s\u0105 blokowane przez obecn\u0105 koalicj\u0119. W\u015br\u00f3d nich m.in. projekt dotycz\u0105cy CPK, zerowego podatku dla rodzin z dzie\u0107mi czy zakazu propagowania banderyzmu. &#8222;Pozw\u00f3lcie parlamentowi nad nimi pracowa\u0107&#8221; &#8211; apeluje pose\u0142 PiS. <\/p>\n<p data-v-01d4021f=\"\">Marsza\u0142ek Sejmu W\u0142odzimierz Czarzasty odni\u00f3s\u0142 si\u0119 na konferencji prasowej do zarzut\u00f3w skierowanych ze strony kancelarii prezydenta odno\u015bnie do zamra\u017cania przez niego projekt\u00f3w ustaw. Lider Lewicy stwierdzi\u0142 arogancko w odpowiedzi, \u017ce jedynie &#8222;trzy buble prawne&#8221; trafi\u0142y do sejmowej zamra\u017carki, reszta projekt\u00f3w jest procedowana przez Sejm.\u00a0<\/p>\n<p data-v-01d4021f=\"\"><a href=\"https:\/\/wpolityce.pl\/polityka\/prezydenckie-projekty-w-zamrazarce-czarzasty-bezczelnie-to-buble,244078\" data-v-01d4021f=\"\" rel=\"nofollow noopener\" target=\"_blank\">Prezydenckie projekty w zamra\u017carce. Czarzasty bezczelnie: &#8222;Buble prawne&#8221;<\/a><\/p>\n<p>Pose\u0142 \u015aliwka: &#8222;Koalicja 13 grudnia blokuje dobre projekty prezydenta&#8221;<\/p>\n<p data-v-01d4021f=\"\">Z tym, \u017ce liczby m\u00f3wi\u0105 jasno &#8211; tylko 2 z 22 z\u0142o\u017conych przez prezydenta ustaw przesz\u0142y pe\u0142n\u0105 \u015bcie\u017ck\u0119 legislacyjn\u0105, o czym przypomnia\u0142 pose\u0142 Andrzej \u015aliwka. Polityk PiS we wpisie na portalu X zwr\u00f3ci\u0142 uwag\u0119 na to, \u017ce prezydenckie projekty s\u0105 celowo blokowane przez marsza\u0142ka.\u00a0<\/p>\n<p style=\"text-align: justify;\" data-v-01d4021f=\"\">Koalicja 13 grudnia blokuje dobre projekty Prezydenta Karola Nawrockiego! Takie, kt\u00f3re oznaczaj\u0105 ni\u017csze rachunki, ni\u017csze podatki, wi\u0119ksze bezpiecze\u0144stwo, wsparcie polskich rodzin i wielkie inwestycje rozwojowe<\/p>\n<p data-v-01d4021f=\"\">&#8211; napisal pose\u0142.<\/p>\n<p data-v-01d4021f=\"\">Parlamentarzysta w kolejnych wpisach w w\u0105tku wymieni\u0142 szereg projekt\u00f3w ustaw z\u0142o\u017conych przez Karola Nawrockiego. S\u0105 to m.in. &#8222;Tak dla CPK&#8221;, PIT zero dla rodzin z dw\u00f3jk\u0105 i wi\u0119cej dzieci, wsparcie dla rozwoju AI w Polsce czy zakaz propagowania banderyzmu w Polsce. Wszystkie wymienione przez pos\u0142a projekty albo tkwi\u0105 w komisjach sejmowych i nie s\u0105 procedowane albo w zamra\u017carce u marsza\u0142ka Czarzastego.\u00a0<\/p>\n<p data-v-01d4021f=\"\">To Marsza\u0142ek Sejmu, komisje i ich prezydia maj\u0105 wp\u0142yw na tempo dalszych prac nad konkretnymi projektami. A ostatecznie w komisjach decyduje wi\u0119kszo\u015b\u0107 parlamentarna czyli koalicja 13 grudnia. Mo\u017cna z panem Prezydentem polemizowa\u0107. Mo\u017cna jego projekty poprawia\u0107. Mo\u017cna je nawet odrzuci\u0107. Ale najpierw trzeba pozwoli\u0107 parlamentowi nad nimi pracowa\u0107<\/p>\n<p data-v-01d4021f=\"\">&#8211; zwr\u00f3ci\u0142 uwag\u0119 \u015aliwka, po czym doda\u0142: <\/p>\n<p data-v-01d4021f=\"\">Blokuj\u0105c dobre projekty Karola Nawrockiego, nie blokuje si\u0119 tylko Prezydenta. Blokuje si\u0119 rozwi\u0105zania dla polskich rodzin, senior\u00f3w, przedsi\u0119biorc\u00f3w, bezpiecze\u0144stwa Polski, energetyki, ochrony zdrowia i rozwoju naszej gospodarki.<\/p>\n<p data-v-01d4021f=\"\">kh\/x.com<\/p>\n","protected":false},"excerpt":{"rendered":"Pose\u0142 Andrzej \u015aliwka bije na alarm &#8211; dobre projekty prezydenckie s\u0105 blokowane przez obecn\u0105 koalicj\u0119. W\u015br\u00f3d nich m.in.&hellip;\n","protected":false},"author":2,"featured_media":662871,"comment_status":"","ping_status":"","sticky":false,"template":"","format":"standard","meta":{"footnotes":"","_share_on_mastodon":"0"},"categories":[62712],"tags":[121116,690,88380,127822,13347,72917,907,99789,4362,2462,1005,380,423,231,127821,123474,3654],"class_list":["post-662870","post","type-post","status-publish","format-standard","has-post-thumbnail","category-karol-nawrocki","tag-analizy-polityczne","tag-karol-nawrocki","tag-komentarze-polityczne","tag-kulisy-polityki","tag-opozycja","tag-partie-polityczne","tag-polityka","tag-polityka-krajowa","tag-polityka-zagraniczna","tag-polska-polityka","tag-prezydent","tag-rzad","tag-sejm","tag-sondaze","tag-wiadomosci-polityczne","tag-wpolityce-pl","tag-wybory"],"share_on_mastodon":{"url":"https:\/\/pubeurope.com\/@pl\/117202621870158587","error":""},"_links":{"self":[{"href":"https:\/\/www.europesays.com\/pl\/wp-json\/wp\/v2\/posts\/662870","targetHints":{"allow":["GET"]}}],"collection":[{"href":"https:\/\/www.europesays.com\/pl\/wp-json\/wp\/v2\/posts"}],"about":[{"href":"https:\/\/www.europesays.com\/pl\/wp-json\/wp\/v2\/types\/post"}],"author":[{"embeddable":true,"href":"https:\/\/www.europesays.com\/pl\/wp-json\/wp\/v2\/users\/2"}],"replies":[{"embeddable":true,"href":"https:\/\/www.europesays.com\/pl\/wp-json\/wp\/v2\/comments?post=662870"}],"version-history":[{"count":0,"href":"https:\/\/www.europesays.com\/pl\/wp-json\/wp\/v2\/posts\/662870\/revisions"}],"wp:featuredmedia":[{"embeddable":true,"href":"https:\/\/www.europesays.com\/pl\/wp-json\/wp\/v2\/media\/662871"}],"wp:attachment":[{"href":"https:\/\/www.europesays.com\/pl\/wp-json\/wp\/v2\/media?parent=662870"}],"wp:term":[{"taxonomy":"category","embeddable":true,"href":"https:\/\/www.europesays.com\/pl\/wp-json\/wp\/v2\/categories?post=662870"},{"taxonomy":"post_tag","embeddable":true,"href":"https:\/\/www.europesays.com\/pl\/wp-json\/wp\/v2\/tags?post=662870"}],"curies":[{"name":"wp","href":"https:\/\/api.w.org\/{rel}","templated":true}]}}