{"id":662916,"date":"2026-09-02T17:54:19","date_gmt":"2026-09-02T17:54:19","guid":{"rendered":"https:\/\/www.europesays.com\/pl\/662916\/"},"modified":"2026-09-02T17:54:19","modified_gmt":"2026-09-02T17:54:19","slug":"raper-kizo-u-prezydenta-nawrockiego-sila","status":"publish","type":"post","link":"https:\/\/www.europesays.com\/pl\/662916\/","title":{"rendered":"Raper &#8222;Kizo&#8221; u prezydenta Nawrockiego. &#8222;Si\u0142a&#8221;"},"content":{"rendered":"<p data-v-01d4021f=\"\">Raper &#8222;Kizo&#8221; pochwali\u0142 si\u0119 w mediach spo\u0142eczno\u015bciowych nietypowym spotkaniem. Na tle sprz\u0119tu do \u0107wicze\u0144 si\u0142owych pozowa\u0142 do zdj\u0119cia razem&#8230; z prezydentem Karolem Nawrockim. &#8222;Si\u0142a&#8221; &#8211; skomentowa\u0142 muzyk. <\/p>\n<p data-v-01d4021f=\"\">Raper Kizo poinformowal o spotkaniu z prezydentem w \u015brod\u0119. Na swoich social mediach wrzuci\u0142 zdj\u0119cie razem z Karolem Nawrockim w pa\u0142acu prezydenckim pozuj\u0105c na tle popularnej \u0142awki do wyciskania sztangi.\u00a0<\/p>\n<p data-v-01d4021f=\"\">Popularny muzyk skomentowa\u0142 post kr\u00f3tko: &#8222;Si\u0142a&#8221; z emotk\u0105 bia\u0142o-czerwonej flagi.\u00a0<\/p>\n<p>Kizo o Nawrockim: &#8222;Zakumplowali\u015bmy si\u0119&#8221;<\/p>\n<p data-v-01d4021f=\"\">Zdj\u0119cie nie powinno by\u0107 zaskoczeniem, gdy\u017c ju\u017c wcze\u015bniej raper chwali\u0142 si\u0119 w Kanale Zero znajomo\u015bci\u0105 z g\u0142ow\u0105 pa\u0144stwa. Z Karolem Nawrockim mieli si\u0119 pozna\u0107 jeszcze w momencie, gdy obecny prezydent by\u0142 dyrektorem Muzeum II Wojny \u015awiatowej w Gda\u0144sku.\u00a0<\/p>\n<p data-v-01d4021f=\"\">Zaprosi\u0142 mnie kiedy\u015b, by\u00a0pokaza\u0107\u00a0Muzeum<\/p>\n<p data-v-01d4021f=\"\">\u2013 m\u00f3wi\u0142 \u201eKizo\u201d w rozmowie z Krzysztofem Stanowskim, kt\u00f3ry wtr\u0105ci\u0142:<\/p>\n<p data-v-01d4021f=\"\">Bo wszyscy my\u015bleli, \u017ce si\u0119 znacie z sali bokserskiej<\/p>\n<p data-v-01d4021f=\"\">\u201eKizo\u201d opowiedzia\u0142, jak dosz\u0142o do\u00a0spotkania z\u00a0przysz\u0142ym\u00a0prezydentem.<\/p>\n<p data-v-01d4021f=\"\">Przez koleg\u0119 zadzwoni\u0142. Powiedzia\u0142: S\u0142uchaj, bo Karol ci\u0119 zaprasza do Muzeum. I tak si\u0119 zakumplowali\u015bmy<\/p>\n<p data-v-01d4021f=\"\">&#8211; m\u00f3wi\u0142 raper.\u00a0<\/p>\n<p data-v-01d4021f=\"\"><a href=\"https:\/\/wpolityce.pl\/kultura\/jak-kizo-trafil-do-muzeum-ii-ws-zaprosil-go-nawrocki,94261\" data-v-01d4021f=\"\" rel=\"nofollow noopener\" target=\"_blank\">Jak raper &#8222;Kizo&#8221; trafi\u0142 do Muzeum II Wojny \u015awiatowej? Zaprosi\u0142 go Karol Nawrocki! &#8222;I tak si\u0119 zakumplowali\u015bmy&#8221;<\/a><\/p>\n<p data-v-01d4021f=\"\">kh\/wPolityce.pl\/fb.com<\/p>\n","protected":false},"excerpt":{"rendered":"Raper &#8222;Kizo&#8221; pochwali\u0142 si\u0119 w mediach spo\u0142eczno\u015bciowych nietypowym spotkaniem. Na tle sprz\u0119tu do \u0107wicze\u0144 si\u0142owych pozowa\u0142 do zdj\u0119cia&hellip;\n","protected":false},"author":2,"featured_media":662917,"comment_status":"","ping_status":"","sticky":false,"template":"","format":"standard","meta":{"footnotes":"","_share_on_mastodon":"0"},"categories":[62712],"tags":[121116,690,88380,127822,13347,72917,907,99789,4362,2462,1005,380,423,231,127821,123474,3654],"class_list":["post-662916","post","type-post","status-publish","format-standard","has-post-thumbnail","category-karol-nawrocki","tag-analizy-polityczne","tag-karol-nawrocki","tag-komentarze-polityczne","tag-kulisy-polityki","tag-opozycja","tag-partie-polityczne","tag-polityka","tag-polityka-krajowa","tag-polityka-zagraniczna","tag-polska-polityka","tag-prezydent","tag-rzad","tag-sejm","tag-sondaze","tag-wiadomosci-polityczne","tag-wpolityce-pl","tag-wybory"],"share_on_mastodon":{"url":"https:\/\/pubeurope.com\/@pl\/117202732407167627","error":""},"_links":{"self":[{"href":"https:\/\/www.europesays.com\/pl\/wp-json\/wp\/v2\/posts\/662916","targetHints":{"allow":["GET"]}}],"collection":[{"href":"https:\/\/www.europesays.com\/pl\/wp-json\/wp\/v2\/posts"}],"about":[{"href":"https:\/\/www.europesays.com\/pl\/wp-json\/wp\/v2\/types\/post"}],"author":[{"embeddable":true,"href":"https:\/\/www.europesays.com\/pl\/wp-json\/wp\/v2\/users\/2"}],"replies":[{"embeddable":true,"href":"https:\/\/www.europesays.com\/pl\/wp-json\/wp\/v2\/comments?post=662916"}],"version-history":[{"count":0,"href":"https:\/\/www.europesays.com\/pl\/wp-json\/wp\/v2\/posts\/662916\/revisions"}],"wp:featuredmedia":[{"embeddable":true,"href":"https:\/\/www.europesays.com\/pl\/wp-json\/wp\/v2\/media\/662917"}],"wp:attachment":[{"href":"https:\/\/www.europesays.com\/pl\/wp-json\/wp\/v2\/media?parent=662916"}],"wp:term":[{"taxonomy":"category","embeddable":true,"href":"https:\/\/www.europesays.com\/pl\/wp-json\/wp\/v2\/categories?post=662916"},{"taxonomy":"post_tag","embeddable":true,"href":"https:\/\/www.europesays.com\/pl\/wp-json\/wp\/v2\/tags?post=662916"}],"curies":[{"name":"wp","href":"https:\/\/api.w.org\/{rel}","templated":true}]}}