{"id":662938,"date":"2026-09-02T18:07:14","date_gmt":"2026-09-02T18:07:14","guid":{"rendered":"https:\/\/www.europesays.com\/pl\/662938\/"},"modified":"2026-09-02T18:07:14","modified_gmt":"2026-09-02T18:07:14","slug":"wroclaw-nowy-sezon-improwizowanych-poniedzialkow-startuje-juz-28-wrzesnia","status":"publish","type":"post","link":"https:\/\/www.europesays.com\/pl\/662938\/","title":{"rendered":"Wroc\u0142aw. Nowy sezon Improwizowanych Poniedzia\u0142k\u00f3w startuje ju\u017c 28 wrze\u015bnia"},"content":{"rendered":"<p>Ponad 500 spektakli, 15 lat dzia\u0142alno\u015bci i ani jednego scenariusza. Improwizowane Poniedzia\u0142ki rozpoczynaj\u0105 nowy sezon we Wroc\u0142awiu. Od 28 wrze\u015bnia aktorzy b\u0119d\u0105 spotyka\u0107 si\u0119 z publiczno\u015bci\u0105 w ka\u017cdy poniedzia\u0142ek o godz. 19:00 w Schodach Donik\u0105d przy Placu Solnym 13. W repertuarze znalaz\u0142y si\u0119 m.in. improwizowany horror, krymina\u0142, telenowela, mockumentary i \u015bwi\u0105teczne morderstwa.<\/p>\n<p>            <a data-lightbox=\"article-gallery\" href=\"https:\/\/e-teatr.pl\/files\/multimedias\/182594\/1000021026.jpg\" rel=\"nofollow noopener\" target=\"_blank\">&#13;<br \/>\n        <img loading=\"lazy\" decoding=\"async\" src=\"https:\/\/www.europesays.com\/pl\/wp-content\/uploads\/2026\/09\/thumb_1000021026.jpg\" alt=\"\" title=\"mat. organizatora\" width=\"1100\" height=\"733\"\/>      <\/a><\/p>\n<p>fot. mat. organizatora<\/p>\n<p>Poniedzia\u0142kowy wiecz\u00f3r nie musi oznacza\u0107 powrotu do pracy po weekendzie. Od pi\u0119tnastu lat we Wroc\u0142awiu w\u0142a\u015bnie tego dnia na scen\u0119 wychodz\u0105 aktorzy Improwizowanych Poniedzia\u0142k\u00f3w, by stworzy\u0107 spektakl, kt\u00f3rego nie da si\u0119 wcze\u015bniej przewidzie\u0107.<\/p>\n<p>Nowy sezon rozpocznie si\u0119 28 wrze\u015bnia 2026 roku i potrwa do czerwca 2027 roku. Zesp\u00f3\u0142 b\u0119dzie gra\u0142 w Schodach Donik\u0105d przy Placu Solnym 13, kilkadziesi\u0105t metr\u00f3w od wroc\u0142awskiego Rynku.<\/p>\n<p>Szekspir, krymina\u0142 i Blair Witch, ale bez scenariusza<\/p>\n<p>Program nowego sezonu pokazuje, jak szeroko mo\u017cna potraktowa\u0107 improwizacj\u0119.<\/p>\n<p>Jesieni\u0105 publiczno\u015b\u0107 zobaczy m.in. \u201eSen Nocy Improwizowanej\u201d, czyli histori\u0119 inspirowan\u0105 \u015bwiatem Szekspira, kt\u00f3rej sam Szekspir nigdy nie napisa\u0142. B\u0119dzie te\u017c impro drama \u201eA mia\u0142o by\u0107 mi\u0142o\u201d, telenowela \u201eLos Impros Telenovelas\u201d, hotelowe reality show \u201eHotel Improvise\u201d oraz thriller \u201eAmnezja\u201d.<\/p>\n<p>W pa\u017adzierniku wraca r\u00f3wnie\u017c \u201eBlair Witch Impro\u201d, improwizowany horror, kt\u00f3ry zesp\u00f3\u0142 gra tylko raz w sezonie, w okolicach Halloween.<\/p>\n<p>Listopad przyniesie m.in. \u201eImpro Crime Story\u201d, czyli improwizowane \u015bledztwo, w kt\u00f3rym publiczno\u015b\u0107 podaje miejsce i motyw, a aktorzy pr\u00f3buj\u0105 odnale\u017a\u0107 sprawc\u0119.<\/p>\n<p>Nie zabraknie r\u00f3wnie\u017c mockumentary. W \u201eThe biuro\u201d kamera zagl\u0105da do otwartej przestrzeni biurowej, gdzie bohaterowie bardzo staraj\u0105 si\u0119 dobrze wypa\u015b\u0107.<\/p>\n<p>Jeden format, dwa spektakle, dwie r\u00f3\u017cne historie<\/p>\n<p>Jedn\u0105 z nowo\u015bci sezonu b\u0119d\u0105 wieczory z dwoma spektaklami.<\/p>\n<p>16 listopada o godz. 19:00 i 21:00 zesp\u00f3\u0142 zagra \u201eTo tylko seks!\u201d. Oba przedstawienia rozpoczn\u0105 si\u0119 od tej samej sytuacji wyj\u015bciowej, ale inspiracje zostan\u0105 zebrane od dw\u00f3ch r\u00f3\u017cnych publiczno\u015bci.<\/p>\n<p>W efekcie powstan\u0105 dwie zupe\u0142nie r\u00f3\u017cne historie.<\/p>\n<p>To jeden z najbardziej bezpo\u015brednich sposob\u00f3w na pokazanie, czym r\u00f3\u017cni si\u0119 improwizacja od tradycyjnego teatru: nawet je\u015bli punkt wyj\u015bcia jest identyczny, przedstawienie nie mo\u017ce wydarzy\u0107 si\u0119 ponownie w ten sam spos\u00f3b.<\/p>\n<p>\u015awi\u0105teczne morderstwo i improwizowany gangster<\/p>\n<p>Grudniowy repertuar r\u00f3wnie\u017c b\u0119dzie daleki od klasycznej \u015bwi\u0105tecznej poczt\u00f3wki.<\/p>\n<p>Podczas \u201eMorderczych Miko\u0142ajek\u201d publiczno\u015b\u0107 zdecyduje przed spektaklem, kto z obsady zostanie morderc\u0105. W programie znajd\u0105 si\u0119 te\u017c \u201eMistrzuniu Impro\u201d, czyli turniej improwizowanych pojedynk\u00f3w, oraz \u201eW tym roku by\u0142e\u015b niegrzeczny\u201d.<\/p>\n<p>28 grudnia, w tygodniu pomi\u0119dzy \u015bwi\u0119tami a Sylwestrem, zesp\u00f3\u0142 zaprosi natomiast na \u201eW ryj da\u0107 mog\u0119 da\u0107\u201d, czyli improwizowane kino gangsterskie na \u017cywo.<\/p>\n<p>15 lat na scenie i ponad 29 tysi\u0119cy z\u0142otych na cele charytatywne<\/p>\n<p>Improwizowane Poniedzia\u0142ki dzia\u0142aj\u0105 we Wroc\u0142awiu od 2011 roku. Przez ten czas zesp\u00f3\u0142 zagra\u0142 ponad 500 spektakli.<\/p>\n<p>Wa\u017cnym punktem sezonu b\u0119dzie kwiecie\u0144, czyli miesi\u0105c urodzin zespo\u0142u. Co roku z tej okazji pojawiaj\u0105 si\u0119 specjalne wydarzenia i formaty.<\/p>\n<p>Z kolei maj b\u0119dzie Charytatywnym Miesi\u0105cem Impro. Od 2017 roku aktorzy graj\u0105 w\u00f3wczas bez wynagrodzenia, a doch\u00f3d z przedstawie\u0144 przekazywany jest na wybrany cel charytatywny. Dotychczas podczas wszystkich edycji uda\u0142o si\u0119 zebra\u0107 ponad 29 tysi\u0119cy z\u0142otych.<\/p>\n<p>Na czym w\u0142a\u015bciwie polega improwizacja?<\/p>\n<p>Aktorzy nie dostaj\u0105 scenariusza. Historia powstaje na \u017cywo, cz\u0119sto na podstawie jednego s\u0142owa, miejsca, imienia czy zawodu podanego przez publiczno\u015b\u0107.<\/p>\n<p>Nie oznacza to jednak, \u017ce widzowie musz\u0105 wychodzi\u0107 na scen\u0119. W wi\u0119kszo\u015bci spektakli ich rola ogranicza si\u0119 do dostarczenia inspiracji. Reszta wydarza si\u0119 na scenie.<\/p>\n<p>I w\u0142a\u015bnie dlatego ka\u017cda historia jest jednorazowa.<\/p>\n<p>\u201eNie zagramy jej drugi raz\u201d to jedna z podstawowych zasad Improwizowanych Poniedzia\u0142k\u00f3w.<\/p>\n<p>Dlaczego poniedzia\u0142ek?<\/p>\n<p>Zesp\u00f3\u0142 od pocz\u0105tku gra w\u0142a\u015bnie w poniedzia\u0142ki.<\/p>\n<p>Pow\u00f3d jest prosty: poniedzia\u0142ek jest jednym z najmniej oczywistych wieczor\u00f3w na wyj\u015bcie do teatru. Improwizowane Poniedzia\u0142ki postanowi\u0142y wi\u0119c zrobi\u0107 z niego sw\u00f3j znak rozpoznawczy.<\/p>\n<p>Po pi\u0119tnastu latach i ponad 500 spektaklach poniedzia\u0142kowe granie sta\u0142o si\u0119 sta\u0142ym elementem dzia\u0142alno\u015bci zespo\u0142u.<\/p>\n<p>Informacje dla widz\u00f3w<\/p>\n<p>Improwizowane Poniedzia\u0142ki<br \/>\u00a0od 28 wrze\u015bnia 2026, ka\u017cdy poniedzia\u0142ek<br \/>\u00a0godz. 19:00, w wybrane dni r\u00f3wnie\u017c 21:00<br \/>\u00a0Schody Donik\u0105d, Plac Solny 13, Wroc\u0142aw<br \/>\u00a0wej\u015bcie od 18:30<br \/>\u00a0spektakle trwaj\u0105 minimum 90 minut<br \/>\u00a0bilety od 30 z\u0142<br \/>18+<\/p>\n<p>Miejsca nie s\u0105 numerowane. Bilety mo\u017cna kupi\u0107 online, a sprzeda\u017c na miejscu odbywa si\u0119 od 18:30 do 19:00.<\/p>\n<p>Pe\u0142ny repertuar sezonu 2026\/2027 oraz informacje o biletach dost\u0119pne s\u0105 na improwizowane.pl<\/p>\n","protected":false},"excerpt":{"rendered":"Ponad 500 spektakli, 15 lat dzia\u0142alno\u015bci i ani jednego scenariusza. Improwizowane Poniedzia\u0142ki rozpoczynaj\u0105 nowy sezon we Wroc\u0142awiu. Od&hellip;\n","protected":false},"author":2,"featured_media":662939,"comment_status":"","ping_status":"","sticky":false,"template":"","format":"standard","meta":{"footnotes":"","_share_on_mastodon":"0"},"categories":[51607],"tags":[2434,8588,6588,17490,16331,51630,42,38,40,39,41,649,650,11541,51629,8815,51631,8767,51628,800,8816,1853],"class_list":["post-662938","post","type-post","status-publish","format-standard","has-post-thumbnail","category-wroclaw","tag-aktor","tag-aktorzy","tag-festiwal","tag-festiwale","tag-kariera","tag-kariery","tag-pl","tag-poland","tag-polish","tag-polska","tag-polski","tag-premiera","tag-premiery","tag-realizacja","tag-realizacje","tag-repertuar","tag-ruch-teatralny","tag-sztuka","tag-sztuki","tag-teatr","tag-teatry","tag-wroclaw"],"share_on_mastodon":{"url":"https:\/\/pubeurope.com\/@pl\/117202784301896657","error":""},"_links":{"self":[{"href":"https:\/\/www.europesays.com\/pl\/wp-json\/wp\/v2\/posts\/662938","targetHints":{"allow":["GET"]}}],"collection":[{"href":"https:\/\/www.europesays.com\/pl\/wp-json\/wp\/v2\/posts"}],"about":[{"href":"https:\/\/www.europesays.com\/pl\/wp-json\/wp\/v2\/types\/post"}],"author":[{"embeddable":true,"href":"https:\/\/www.europesays.com\/pl\/wp-json\/wp\/v2\/users\/2"}],"replies":[{"embeddable":true,"href":"https:\/\/www.europesays.com\/pl\/wp-json\/wp\/v2\/comments?post=662938"}],"version-history":[{"count":0,"href":"https:\/\/www.europesays.com\/pl\/wp-json\/wp\/v2\/posts\/662938\/revisions"}],"wp:featuredmedia":[{"embeddable":true,"href":"https:\/\/www.europesays.com\/pl\/wp-json\/wp\/v2\/media\/662939"}],"wp:attachment":[{"href":"https:\/\/www.europesays.com\/pl\/wp-json\/wp\/v2\/media?parent=662938"}],"wp:term":[{"taxonomy":"category","embeddable":true,"href":"https:\/\/www.europesays.com\/pl\/wp-json\/wp\/v2\/categories?post=662938"},{"taxonomy":"post_tag","embeddable":true,"href":"https:\/\/www.europesays.com\/pl\/wp-json\/wp\/v2\/tags?post=662938"}],"curies":[{"name":"wp","href":"https:\/\/api.w.org\/{rel}","templated":true}]}}