{"id":662942,"date":"2026-09-02T18:09:13","date_gmt":"2026-09-02T18:09:13","guid":{"rendered":"https:\/\/www.europesays.com\/pl\/662942\/"},"modified":"2026-09-02T18:09:13","modified_gmt":"2026-09-02T18:09:13","slug":"wroclaw-zbliza-sie-polska-platforma-tanca","status":"publish","type":"post","link":"https:\/\/www.europesays.com\/pl\/662942\/","title":{"rendered":"Wroc\u0142aw. Zbli\u017ca si\u0119 Polska Platforma Ta\u0144ca"},"content":{"rendered":"<p>Ju\u017c 17 wrze\u015bnia rozpoczyna si\u0119 najwi\u0119ksze w kraju biennale ta\u0144ca i choreografii.\u00a0Znamy tytu\u0142 spektaklu, kt\u00f3ry otworzy Polsk\u0105 Platform\u0119 Ta\u0144ca we Wroc\u0142awiu.<\/p>\n<p>            <a data-lightbox=\"article-gallery\" href=\"https:\/\/e-teatr.pl\/files\/multimedias\/182592\/PPT2026_Plakat_pion.jpg\" rel=\"nofollow noopener\" target=\"_blank\">&#13;<br \/>\n        <img loading=\"lazy\" decoding=\"async\" src=\"https:\/\/www.europesays.com\/pl\/wp-content\/uploads\/2026\/09\/thumb_PPT2026_Plakat_pion.jpg\" alt=\"\" title=\"mat. organizatora\" width=\"1100\" height=\"1555\"\/>      <\/a><\/p>\n<p>fot. mat. organizatora<\/p>\n<p>W dniach 17\u201320 wrze\u015bnia we Wroc\u0142awiu odb\u0119dzie si\u0119 9. edycja Polskiej Platformy Ta\u0144ca. Najwa\u017cniejsze w kraju biennale ta\u0144ca i choreografii otworzy premiera spektaklu \u201eEkspozycje\u201d Marii Stok\u0142osy \u2013 to kulminacja trwaj\u0105cego od kwietnia programu \u201eWroc\u0142aw ta\u0144czy!\u201d zapowiadaj\u0105cego wrze\u015bniow\u0105 Platform\u0119. Podczas festiwalu zobaczymy \u0142\u0105cznie 12 spektakli, w tym 9 prac czo\u0142owych polskich choreografek i choreograf\u00f3w, wybranych przez mi\u0119dzynarodowe jury, a tak\u017ce najnowsz\u0105 produkcj\u0119 wsp\u00f3\u0142pracownik\u00f3w Piny Bausch. Do Wroc\u0142awia przyjad\u0105 go\u015bcie z ca\u0142ego \u015bwiata, odb\u0119d\u0105 si\u0119 spotkania bran\u017cowe, spacer choreograficzny po Parku Szczytnickim czy bitwa taneczna, a \u017byjnia BWA Wroc\u0142aw zapewni wytchnienie w otoczeniu sztuki. Do sprzeda\u017cy trafi\u0142a dodatkowa pula bilet\u00f3w na spektakle.<\/p>\n<p>Polska Platforma Ta\u0144ca (PPT), organizowana przez Narodowy Instytut Muzyki i Ta\u0144ca, prezentuje najciekawsze zjawiska we wsp\u00f3\u0142czesnej rodzimej choreografii. Jest tak\u017ce wa\u017cnym miejscem spotkania i wsp\u00f3\u0142pracy polskiego oraz zagranicznego \u015brodowiska tanecznego. W 2026 roku jej wsp\u00f3\u0142organizatorem zosta\u0142 Wroc\u0142aw reprezentowany przez Instytut im. Jerzego Grotowskiego. \u2013 Wyr\u00f3\u017cnikiem Platformy jest jej wyj\u0105tkowy charakter. Daje ona przestrze\u0144 do refleksji nad kondycj\u0105 ta\u0144ca wsp\u00f3\u0142czesnego, jego potrzebami i przysz\u0142o\u015bci\u0105, a tak\u017ce do zawi\u0105zywania sojuszy i wypracowywania wsp\u00f3lnych perspektyw \u2013 m\u00f3wi Joanna Szymajda, dyrektorka Narodowego Instytutu Muzyki i Ta\u0144ca. Dotychczas Platforma go\u015bci\u0142a w Warszawie, Poznaniu, Lublinie, Bytomiu, Gda\u0144sku i \u0141odzi. Zgodnie z jej formu\u0142\u0105 kolejne edycje odbywaj\u0105 si\u0119 w r\u00f3\u017cnych miastach, we wsp\u00f3\u0142pracy z lokalnymi instytucjami i \u015brodowiskami ta\u0144ca.<\/p>\n<p>Wroc\u0142aw ta\u0144czy od kwietnia<\/p>\n<p>Tegoroczna ods\u0142ona wydarzenia po\u0142\u0105czy wsp\u00f3\u0142czesn\u0105 choreografi\u0119 z wroc\u0142awsk\u0105 tradycj\u0105 sztuk performatywnych. \u2013 Moje miasto ma w\u0142asn\u0105 histori\u0119 zwi\u0105zan\u0105 ze sztukami performatywnymi \u2013 d\u0142ug\u0105, nieoczywist\u0105 i wci\u0105\u017c \u017cyw\u0105. Jerzy Grotowski i Teatr Laboratorium zmienili spos\u00f3b my\u015blenia o aktorze i jego relacji z widzem. Henryk Tomaszewski stworzy\u0142 jeden z najwa\u017cniejszych polskich j\u0119zyk\u00f3w pantomimy. W mie\u015bcie rozwija\u0142y si\u0119 tak\u017ce teatr otwarty, happening i dzia\u0142ania artystyczne wychodz\u0105ce poza tradycyjn\u0105 scen\u0119 \u2013 m\u00f3wi Marek Gluzi\u0144ski, kurator programu towarzysz\u0105cego tegorocznej Platformy, kt\u00f3ry od lat stara\u0142 si\u0119 o organizacj\u0119 PPT we Wroc\u0142awiu.<\/p>\n<p>Obecno\u015b\u0107 Polskiej Platformy Ta\u0144ca w stolicy Dolnego \u015al\u0105ska sta\u0142a si\u0119 pretekstem do regularnej obecno\u015bci ta\u0144ca w kulturalnym \u017cyciu miasta. Po raz pierwszy w historii Platformy realizowany jest program zapowiadaj\u0105cy jej jesienny fina\u0142. Od kwietnia, w ramach inicjatywy \u201eWroc\u0142aw ta\u0144czy!\u201d, odbywaj\u0105 si\u0119 warsztaty, pota\u0144c\u00f3wki, pokazy filmowe i performanse. Przez ca\u0142e lato w centrum miasta mo\u017cna by\u0142o korzysta\u0107 z bezp\u0142atnego parkietu tanecznego, a kulminacj\u0105 dzia\u0142a\u0144<\/p>\n<p>przygotowuj\u0105cych Wroc\u0142aw do wrze\u015bniowego festiwalu jest wyj\u0105tkowy spektakl anga\u017cuj\u0105cy lokalne \u015brodowisko taneczne.<\/p>\n<p>Premiera \u201eEkspozycji\u201d zainauguruje Platform\u0119<\/p>\n<p>Polsk\u0105 Platform\u0105 Ta\u0144ca otworz\u0105 \u201eEkspozycje\u201d w choreografii Marii Stok\u0142osy. Spektakl powstawa\u0142 od czerwca do wrze\u015bnia specjalnie na t\u0119 okazj\u0119, z udzia\u0142em siedmiorga wroc\u0142awskich tancerzy i tancerek wy\u0142onionych w otwartym naborze. \u2013 Tytu\u0142 gra wieloma znaczeniami. \u201eEksponowa\u0107\u201d to uczyni\u0107 co\u015b widzialnym, ale te\u017c wystawi\u0107 na dzia\u0142anie \u015bwiat\u0142a, promieniowania, oceny czy uwagi \u2013 m\u00f3wi Maria Stok\u0142osa. Spektakl mo\u017ce by\u0107 rodzajem rozgrzewki do patrzenia na ruch, praktyk\u0105 nie tylko dla cia\u0142 na scenie, ale tak\u017ce dla widza: w wychwytywaniu r\u00f3\u017cnic, zmian i napi\u0119\u0107 bez potrzeby ich natychmiastowego rozpoznawania czy nazywania. \u201eEkspozycje\u201d to cz\u0119\u015b\u0107 programu towarzysz\u0105cego, w ramach kt\u00f3rego obejrzymy tak\u017ce \u201eMy Home, No Home\u201d, najnowszy spektakl Nazareth Panadero i Michaela Streckera, tancerzy legendarnej grupy Tanztheater Wuppertal, za\u0142o\u017conej przez pionierk\u0119 ta\u0144ca wsp\u00f3\u0142czesnego, Pin\u0119 Bausch, oraz \u201eMateria\u0142y do Pokoj\u00f3wek Studia WACHOWICZ\/FRET \u2013 spektakl o kobietach z do\u015bwiadczeniem uchod\u017actwa, o to\u017csamo\u015bci oraz kszta\u0142tuj\u0105cym si\u0119 j\u0119zyku ich do\u015bwiadczenia.<\/p>\n<p>Zwyci\u0119skie spektakle, mi\u0119dzynarodowe jury<\/p>\n<p>Podczas Polskiej Platformy Ta\u0144ca, w ramach programu g\u0142\u00f3wnego, zaprezentowanych zostanie dziewi\u0119\u0107 spektakli wybranych przez mi\u0119dzynarodowe jury z\u0142o\u017cone z przedstawicieli i przedstawicielek \u015brodowisk tanecznych z Litwy, Francji, W\u0142och, Bu\u0142garii i Japonii. Rodzime produkcje, docenione za oryginalno\u015b\u0107, wysoki poziom artystyczny oraz innowacyjne podej\u015bcie do sztuki ta\u0144ca, pokazane zostan\u0105 nie tylko festiwalowej publiczno\u015bci \u2013 do Wroc\u0142awia przyjad\u0105 bowiem krytycy i krytyczki, kuratorzy i kuratorki oraz reprezentanci i reprezentantki festiwali i instytucji kulturalnych z ca\u0142ego \u015bwiata. \u2013 Kiedy ogl\u0105da\u0142em prace polskich artyst\u00f3w i artystek, wielkie wra\u017cenie zrobi\u0142a na mnie cecha, kt\u00f3ra \u0142\u0105czy wielu z nich: szerokie spojrzenie. Inspiruje ich nie tylko wielow\u0105tkowa historia Polski i Europy, ale te\u017c wsp\u00f3\u0142czesna technologia, filozofia, rozmaite tradycje i pr\u0105dy kulturowe z ca\u0142ego \u015bwiata \u2013 m\u00f3wi Takao Norikoshi, jeden z juror\u00f3w tegorocznej Platformy. W\u015br\u00f3d dziewi\u0119ciu wyr\u00f3\u017cnionych produkcji s\u0105:<\/p>\n<p>\u201eGlory Game\u201d | chor. Dominik Wi\u0119cek<\/p>\n<p>\u201eRapeflower\u201d | chor. Hana Umeda<\/p>\n<p>\u201eTo bitch or not to bitch\u201d | chor. Hertz Haus<\/p>\n<p>\u201eKocham balet\u201d | chor. Ramona Nagabczy\u0144ska<\/p>\n<p>\u201eThe Spell\u201d | chor. Marta Kosieradzka, Marta Luiza Jankowska<\/p>\n<p>\u201eThreesome\/Trzy\u201d | chor. Wojciech Grudzi\u0144ski<\/p>\n<p>\u201eRooms by the Sea. \u0106wiczenia w s\u0142uchaniu\u201d | chor. Joanna Le\u015bnierowska<\/p>\n<p>\u201ewho cares\u201d | chor. Agnieszka Brzezi\u0144ska<\/p>\n<p>\u201eWoW\u201d | chor. Marta Wo\u0142owiec<\/p>\n<p>Tegoroczne spektakle podejmuj\u0105 tematy zwi\u0105zane z kreowaniem wizerunku, spo\u0142ecznymi oczekiwaniami i \u017cyciem na pokaz, dotykaj\u0105 do\u015bwiadczenia traumy i wykluczenia, a tak\u017ce skupiaj\u0105 si\u0119 na fizyczno\u015bci, mo\u017cliwo\u015bciach cia\u0142a oraz jego relacji z przestrzeni\u0105, \u015bwiat\u0142em, obrazem i innymi dziedzinami sztuki.<\/p>\n<p>Obok prezentacji spektakli odb\u0119d\u0105 si\u0119 wydarzenia bran\u017cowe, w tym warsztaty, spotkania i panele, a tak\u017ce spacer choreograficzny w Parku Szczytnickim czy bitwa taneczna w Studiu Na Grobli, w kt\u00f3rej wezm\u0105 udzia\u0142 reprezentanci r\u00f3\u017cnych styl\u00f3w tanecznych. \u2013 Czeka nas kilka bardzo intensywnych dni, podczas kt\u00f3rych Wroc\u0142aw stanie si\u0119 miejscem spotkania ca\u0142ego \u015brodowiska tanecznego, ale te\u017c publiczno\u015bci. Przygotowali\u015bmy mi\u0119dzynarodowe warsztaty prowadzone przez tancerzy zwi\u0105zanych z Tanztheater Wuppertal, program PolandDances Producers! dla producentek i producent\u00f3w, speed dating, obiady performatywne, a tak\u017ce festiwalowy klub Sikafal\u0105 Freaky Neon Bar, kt\u00f3ry b\u0119dzie miejscem spotka\u0144 i nieformalnego sp\u0119dzania czasu \u2013 m\u00f3wi Marek Gluzi\u0144ski. Ostatniego dnia festiwalu odb\u0119d\u0105 si\u0119 tak\u017ce zabawy choreograficzne dla rodzic\u00f3w z ma\u0142ymi dzie\u0107mi \u2013 bezp\u0142atne zaj\u0119cia w \u017byjni BWA Wroc\u0142aw pomog\u0105 budowa\u0107 blisko\u015b\u0107 i rozwin\u0105\u0107 wra\u017cliwo\u015b\u0107 artystyczn\u0105. Zapisy rusz\u0105 8 wrze\u015bnia.<\/p>\n<p>Dodatkowa pula bilet\u00f3w, informacje praktyczne<\/p>\n<p>edycja Polskiej Platformy Ta\u0144ca Wroc\u0142aw 2026 odb\u0119dzie si\u0119 w dniach 17\u201320 wrze\u015bnia. Spektakle prezentowane b\u0119d\u0105 w Centrum Sztuk Performatywnych Instytutu Grotowskiego (PIEKARNIA \u017bywa Kultura), gdzie zlokalizowane b\u0119dzie tak\u017ce biuro festiwalowe, w Narodowym Forum Muzyki, Wroc\u0142awskim Teatrze Wsp\u00f3\u0142czesnym i wroc\u0142awskiej filii Akademii Sztuk Teatralnych. Do sprzeda\u017cy trafi\u0142a dodatkowa pula bilet\u00f3w na spektakle do kupienia przez stron\u0119: <a href=\"http:\/\/www.polskaplatformatanca.pl\/\" rel=\"nofollow noopener\" target=\"_blank\">www.polskaplatformatanca.pl<\/a>\/bilety. Bezpo\u015brednio przed spektaklami, w razie wolnych miejsc, dost\u0119pne b\u0119d\u0105 pojedyncze bilety last minute. Na czas festiwalu \u017byjnia BWA Wroc\u0142aw, gdzie trwa w\u0142a\u015bnie letnia ods\u0142ona wystawy-sytuacji pt. \u201eNegocjacje s\u0142oneczne\u201d, stanie si\u0119 miejscem odpoczynku i regeneracji w otoczeniu sztuki. Wst\u0119p do galerii jest bezp\u0142atny.<\/p>\n<p>Pe\u0142ny program Polskiej Platformy Ta\u0144ca we Wroc\u0142awiu dost\u0119pny jest na stronach <a href=\"http:\/\/www.polskaplatformatanca.pl\/\" rel=\"nofollow noopener\" target=\"_blank\">www.polskaplatformatanca.pl<\/a> oraz <a href=\"http:\/\/www.grotowski-institute.pl\/\" rel=\"nofollow noopener\" target=\"_blank\">www.grotowski-institute.pl<\/a>, a bie\u017c\u0105ce informacje \u015bledzi\u0107 mo\u017cna w mediach spo\u0142eczno\u015bciowych: na Facebooku <a href=\"https:\/\/www.facebook.com\/polskaplatformatanca\" rel=\"nofollow noopener\" target=\"_blank\">https:\/\/www.facebook.com\/polskaplatformatanca<\/a> oraz Instagramie: <a href=\"https:\/\/www.instagram.com\/polskaplatformatanca\" rel=\"nofollow noopener\" target=\"_blank\">https:\/\/www.instagram.com\/polskaplatformatanca.<\/a><\/p>\n<p>PROGRAM POLSKIEJ PLATFORMY TA\u0143CA WROC\u0141AW 2026<\/p>\n<p>17.09 (czwartek)<\/p>\n<p>16:30\u201318:00 | Centrum Sztuk Performatywnych Instytutu Grotowskiego Oficjalne otwarcie Polskiej Platformy Ta\u0144ca<\/p>\n<p>19:00 | Centrum Sztuk Performatywnych Instytutu Grotowskiego<\/p>\n<p>\u201eEkspozycje\u201d | spektakl \u2013 premiera otwarcia chor. Maria Stok\u0142osa<\/p>\n<p>19:00 oraz 20:30 | Wroc\u0142awski Teatr Wsp\u00f3\u0142czesny<\/p>\n<p>\u201ewho cares\u201d| spektakl chor. Agnieszka Brzezi\u0144ska<\/p>\n<p>21:30 | Narodowe Forum Muzyki<\/p>\n<p>\u201eKocham balet\u201d | spektakl chor. Ramona Nagabczy\u0144ska<\/p>\n<p>23:00\u201301:00 | Klub festiwalowy Sikalaf\u0105 Freaky Neon Bar<\/p>\n<p>18.09 (pi\u0105tek)<\/p>\n<p>10:00\u201313:00 | Akademia Sztuk Teatralnych<\/p>\n<p>\u201ePolandDances Producers!\u201d | wydarzenie bran\u017cowe transmisja online na kanale YouTube NIMiT<\/p>\n<p>18:30 | Narodowe Forum Muzyki<\/p>\n<p>\u201eGlory Game\u201d | spektakl chor. Dominik Wi\u0119cek<\/p>\n<p>20:00 | Wroc\u0142awski Teatr Wsp\u00f3\u0142czesny<\/p>\n<p>\u201eTo bitch or not to bitch\u201d | spektakl chor. Hertz Haus<\/p>\n<p>22:00 | Centrum Sztuk Performatywnych Instytutu Grotowskiego<\/p>\n<p>\u201eThreesome\/Trzy\u201d | spektakl chor. Wojciech Grudzi\u0144ski<\/p>\n<p>23:00\u201301:00 | Klub festiwalowy Sikalaf\u0105 Freaky Neon Bar<\/p>\n<p>19.09 (sobota)<\/p>\n<p>17:00 | Centrum Sztuk Performatywnych Instytutu Grotowskiego<\/p>\n<p>\u201eRooms by the Sea. \u0106wiczenia w s\u0142uchaniu\u201d | spektakl<\/p>\n<p>chor. Joanna Le\u015bnierowska<\/p>\n<p>19:15 | Wroc\u0142awski Teatr Wsp\u00f3\u0142czesny<\/p>\n<p>\u201eRapeflower\u201d | spektakl chor. Hana Umeda<\/p>\n<p>21:15 | Akademia Sztuk Teatralnych<\/p>\n<p>\u201eWoW\u201d | spektakl chor. Marta Wo\u0142owiec<\/p>\n<p>23:00\u201301:00 | Klub festiwalowy Sikalaf\u0105 Freaky Neon Bar<\/p>\n<p>20.09 (niedziela)<\/p>\n<p>11:30\u201312:15, 12:30\u201313:15 | \u017byjnia BWA Wroc\u0142aw<\/p>\n<p>\u201eZabawy choreograficzne. \u017byj\u0105ce cia\u0142a.\u201d | warsztaty dla rodzic\u00f3w z dzie\u0107mi<\/p>\n<p>12:00\u201314:00 | Park Szczytnicki Spacer performatywny<\/p>\n<p>17:00 | Centrum Sztuk Performatywnych Instytutu Grotowskiego<\/p>\n<p>\u201eMateria\u0142y do Pokoj\u00f3wek\u201d | spektakl Studio WACHOWICZ\/FRET<\/p>\n<p>19:00 | Wroc\u0142awski Teatr Wsp\u00f3\u0142czesny<\/p>\n<p>\u201eMy Home, No Home\u201d | spektakl chor. Nazareth Panadero, Michael Strecker<\/p>\n<p>19:00, 20:30 | Akademia Sztuk Teatralnych<\/p>\n<p>\u201eThe Spell\u201d | spektakl chor. Marta Kosieradzka, Marta Luiza Jankowska<\/p>\n<p>21:15 | Akademia Sztuk Teatralnych<\/p>\n<p>Oficjalne zamkni\u0119cie Polskiej Platformy Ta\u0144ca Wroc\u0142aw 2026<\/p>\n<p>23:00\u201301:00 | Klub festiwalowy Sikalaf\u0105 Freaky Neon Bar<\/p>\n<p>W programie wydarze\u0144 bran\u017cowych znalaz\u0142y si\u0119 <a href=\"http:\/\/m.in\/\" rel=\"nofollow\">m.in.<\/a> warsztaty, panele, spotkania czy bitwa taneczna. Bilety na spektakle do kupienia przez stron\u0119 <a href=\"http:\/\/www.polskaplatformatanca.pl\/\" rel=\"nofollow noopener\" target=\"_blank\">www.polskaplatformatanca.pl\/<\/a>bilety w razie dost\u0119pnych miejsc. Wydarzenia bran\u017cowe przeznaczone s\u0105 dla os\u00f3b akredytowanych. Przez ca\u0142y festiwal mo\u017cna korzysta\u0107 bezp\u0142atnie z \u017byjni BWA Wroc\u0142aw \u2013 przestrzeni wytchnienia. Godziny<\/p>\n<p>otwarcia galerii: 17-18.09, 12:00-20:00 i 19-20.09, 11:00-18:00. Na warsztaty w \u017byjni BWA Wroc\u0142aw, organizowane w ramach Polskiej Platformy Ta\u0144ca, obowi\u0105zuj\u0105 zapisy od 8 wrze\u015bnia.<\/p>\n<p>Polska Platforma Ta\u0144ca jest organizowana przez Narodowy Instytut Muzyki i Ta\u0144ca, a w 2026 roku jej wsp\u00f3\u0142organizatorem jest Instytut im. Jerzego Grotowskiego. Wydarzenie jest finansowane ze \u015brodk\u00f3w Ministerstwa Kultury i Dziedzictwa Narodowego.<\/p>\n<p>Szczeg\u00f3\u0142y programu oraz informacje o biletach i zapisach dost\u0119pne na <a href=\"http:\/\/www.polskaplatformatanca.pl\/\" rel=\"nofollow noopener\" target=\"_blank\">www.polskaplatformatanca.pl<\/a> oraz w mediach spo\u0142eczno\u015bciowych Polskiej Platformy Ta\u0144ca.<\/p>\n<p>  <script async src=\"\/\/www.instagram.com\/embed.js\"><\/script><\/p>\n","protected":false},"excerpt":{"rendered":"Ju\u017c 17 wrze\u015bnia rozpoczyna si\u0119 najwi\u0119ksze w kraju biennale ta\u0144ca i choreografii.\u00a0Znamy tytu\u0142 spektaklu, kt\u00f3ry otworzy Polsk\u0105 Platform\u0119&hellip;\n","protected":false},"author":2,"featured_media":662943,"comment_status":"","ping_status":"","sticky":false,"template":"","format":"standard","meta":{"footnotes":"","_share_on_mastodon":"0"},"categories":[12],"tags":[2434,8588,6588,17490,16331,51630,42,38,40,39,41,649,650,11541,51629,8815,51631,8767,51628,800,8816],"class_list":["post-662942","post","type-post","status-publish","format-standard","has-post-thumbnail","category-polska","tag-aktor","tag-aktorzy","tag-festiwal","tag-festiwale","tag-kariera","tag-kariery","tag-pl","tag-poland","tag-polish","tag-polska","tag-polski","tag-premiera","tag-premiery","tag-realizacja","tag-realizacje","tag-repertuar","tag-ruch-teatralny","tag-sztuka","tag-sztuki","tag-teatr","tag-teatry"],"share_on_mastodon":{"url":"https:\/\/pubeurope.com\/@pl\/117202792360178181","error":""},"_links":{"self":[{"href":"https:\/\/www.europesays.com\/pl\/wp-json\/wp\/v2\/posts\/662942","targetHints":{"allow":["GET"]}}],"collection":[{"href":"https:\/\/www.europesays.com\/pl\/wp-json\/wp\/v2\/posts"}],"about":[{"href":"https:\/\/www.europesays.com\/pl\/wp-json\/wp\/v2\/types\/post"}],"author":[{"embeddable":true,"href":"https:\/\/www.europesays.com\/pl\/wp-json\/wp\/v2\/users\/2"}],"replies":[{"embeddable":true,"href":"https:\/\/www.europesays.com\/pl\/wp-json\/wp\/v2\/comments?post=662942"}],"version-history":[{"count":0,"href":"https:\/\/www.europesays.com\/pl\/wp-json\/wp\/v2\/posts\/662942\/revisions"}],"wp:featuredmedia":[{"embeddable":true,"href":"https:\/\/www.europesays.com\/pl\/wp-json\/wp\/v2\/media\/662943"}],"wp:attachment":[{"href":"https:\/\/www.europesays.com\/pl\/wp-json\/wp\/v2\/media?parent=662942"}],"wp:term":[{"taxonomy":"category","embeddable":true,"href":"https:\/\/www.europesays.com\/pl\/wp-json\/wp\/v2\/categories?post=662942"},{"taxonomy":"post_tag","embeddable":true,"href":"https:\/\/www.europesays.com\/pl\/wp-json\/wp\/v2\/tags?post=662942"}],"curies":[{"name":"wp","href":"https:\/\/api.w.org\/{rel}","templated":true}]}}