{"id":662958,"date":"2026-09-02T18:17:18","date_gmt":"2026-09-02T18:17:18","guid":{"rendered":"https:\/\/www.europesays.com\/pl\/662958\/"},"modified":"2026-09-02T18:17:18","modified_gmt":"2026-09-02T18:17:18","slug":"zderzenie-dwoch-statkow-u-wybrzezy-turcji-10-osob-jest-zaginionych","status":"publish","type":"post","link":"https:\/\/www.europesays.com\/pl\/662958\/","title":{"rendered":"Zderzenie dw\u00f3ch statk\u00f3w u wybrze\u017cy Turcji. 10 os\u00f3b jest zaginionych"},"content":{"rendered":"<p>Do wypadku dosz\u0142o w nocy z wtorku na \u015brod\u0119 u wybrze\u017cy Turcji, na wysoko\u015bci miasta Silivri \u2014 poinformowa\u0142a turecka Dyrekcja Generalna do spraw Transportu Morskiego we wpisie na portalu X. O godz. 3.26 czasu lokalnego (2.26 czasu polskiego) s\u0142u\u017cby odebra\u0142y sygna\u0142 alarmowy z frachtowca Tugberk Imamoglu.<\/p>\n<p>Dalszy ci\u0105g artyku\u0142u pod materia\u0142em wideo<\/p>\n<p>Nast\u0119pnie o godz. 3.41 kapitan tankowca Alsu poinformowa\u0142 w komunikacie radiowym, \u017ce oko\u0142o godz. 3.15 jego statek zderzy\u0142 si\u0119 z nieznan\u0105 jednostk\u0105. Z danych wynika, \u017ce statki si\u0119 zderzy\u0142y.<\/p>\n<p><a href=\"https:\/\/www.onet.pl\/\" title=\"Strona G\u0142\u00f3wna\" aria-label=\"Strona G\u0142\u00f3wna\" data-astro-prefetch=\"tap\" class=\"ods-a-logo-main-desktop\" rel=\"nofollow noopener\" target=\"_blank\"><img src=\"https:\/\/cdn.wiadomosci.onet.pl\/img\/Logo_desktop_Onet.svg\" class=\"ods-a-logo-main-desktop__image\" alt=\"Logo\" width=\"107\" height=\"60\" fetchpriority=\"high\" decoding=\"sync\" style=\"height:60px\"\/><\/a><\/p>\n<p class=\"ods-m-google-article__text\">Czytaj nas cz\u0119\u015bciej w Google<\/p>\n<p><a href=\"https:\/\/google.com\/preferences\/source?q=wiadomosci.onet.pl\" target=\"_blank\" rel=\"noopener noreferrer nofollow\" aria-label=\"Dodaj w Google\" title=\"Dodaj w Google\" class=\"ods-a-button ods-a-button__primary ods-a-button__default ods-a-button-l\">Dodaj w Google<\/a><\/p>\n<p>W\u0142a\u015bciciel statku Tugberk Imamoglu poinformowa\u0142, \u017ce kapitan przed zderzeniem skontaktowa\u0142 si\u0119 z za\u0142og\u0105 Alsu, aby ostrzec, \u017ce wkracza on na tor \u017ceglugowy statku towarowego.<\/p>\n<p>Akcja s\u0142u\u017cb u wybrze\u017cy Turcji. 10 os\u00f3b jest poszukiwanych<\/p>\n<p>&#8222;Natychmiast podj\u0119to dzia\u0142ania poszukiwawcze i ratownicze. Pierwsza jednostka morska rozpocz\u0119\u0142a akcj\u0119 w tym rejonie o godz. 4.10&#8221; \u2014 informuje dalej komunikat tureckiej Dyrekcji Generalnej. Tugberk \u0130mamoglu nie odpowiada\u0142 na wezwania, dlatego ratownicy zak\u0142adaj\u0105, \u017ce zaton\u0105\u0142.<\/p>\n<p>Zakrojone na szerok\u0105 skal\u0119 dzia\u0142ania poszukiwawcze w zwi\u0105zku z wypadkiem prowadzi obecnie 14 zespo\u0142\u00f3w Dyrekcji Generalnej do spraw Bezpiecze\u0144stwa Wybrze\u017ca i Komendy Stra\u017cy Przybrze\u017cnej. Zaanga\u017cowano tak\u017ce za\u0142og\u0119 helikoptera. W akcji bierze udzia\u0142 tak\u017ce tankowiec Alsu.<\/p>\n<p>Sprz\u0119t ratunkowy statku Tugberk \u0130mamoglu, w tym \u0142odzie ratunkowe przeznaczone dla dziesi\u0119ciu cz\u0142onk\u00f3w za\u0142ogi, zosta\u0142 zlokalizowany na powierzchni morza. W \u0142odziach nie by\u0142o jednak \u017cadnej z os\u00f3b, kt\u00f3re p\u0142yn\u0119\u0142y frachtowcem.<\/p>\n<p>W wakacyjnym raju Europejczyk\u00f3w cumuj\u0105 ludzie Putina. Turcja sta\u0142a si\u0119 przystani\u0105 dla rosyjskich elit<img class=\"ods-a-photo ods-a-photo--background\" src=\"https:\/\/www.europesays.com\/pl\/wp-content\/uploads\/2026\/09\/eFxk9lBaHR0cHM6Ly9vY2RuLmV1L3B1bHNjbXMvTURBXy9jMDQxZjA3ODhmYjk4MmU2ZDg0ZDMxZGRjYjczMDM2Zi5qcGeRlQLNA.jpeg\" height=\"375\" width=\"450\" alt=\"Prezydent Rosji W\u0142adimir Putin, 25 lipca 2026 r.\" loading=\"lazy\" fetchpriority=\"low\" decoding=\"async\"\/><\/p>\n<p>Na pok\u0142adzie by\u0142o 10 marynarzy, w tym kapitan. Wszyscy s\u0105 obywatelami Turcji. \u2014 Nie odnaleziono nikogo \u017cywego \u2014 m\u00f3wi minister transportu Turcji Abdulkadir Uraloglu.<\/p>\n<p>Tugberk Imamoglu p\u0142yn\u0105\u0142 z Iskenderun nad Morzem \u015ar\u00f3dziemnym do portu Karadeniz Eregli nad Morzem Czarnym, za\u015b Alsu \u2014 z le\u017c\u0105cej na wsch\u00f3d od Stambu\u0142u prowincji Kocaeli do portu Aliaga na wybrze\u017cu Morza Egejskiego.<\/p>\n","protected":false},"excerpt":{"rendered":"Do wypadku dosz\u0142o w nocy z wtorku na \u015brod\u0119 u wybrze\u017cy Turcji, na wysoko\u015bci miasta Silivri \u2014 poinformowa\u0142a&hellip;\n","protected":false},"author":2,"featured_media":662959,"comment_status":"","ping_status":"","sticky":false,"template":"","format":"standard","meta":{"footnotes":"","_share_on_mastodon":"0"},"categories":[14],"tags":[61195,32,33,27,34,35,28,31,48,25,46,40,41,47,5110,13321,80,29,30,192,26,82,83,84,2588,12480,28501],"class_list":["post-662958","post","type-post","status-publish","format-standard","has-post-thumbnail","category-swiat","tag-bottomfeed_styl","tag-breaking-news","tag-breakingnews","tag-headlines","tag-latest-news","tag-latestnews","tag-naglowki","tag-najwazniejsze-artykuly","tag-nat_styl","tag-news","tag-omp","tag-polish","tag-polski","tag-screening_general","tag-statek","tag-statki_transport_morski","tag-swiat","tag-top-stories","tag-topstories","tag-turcja","tag-wiadomosci","tag-world","tag-world-news","tag-worldnews","tag-wypadek","tag-zaginieni","tag-zegluga"],"share_on_mastodon":{"url":"https:\/\/pubeurope.com\/@pl\/117202822602211706","error":""},"_links":{"self":[{"href":"https:\/\/www.europesays.com\/pl\/wp-json\/wp\/v2\/posts\/662958","targetHints":{"allow":["GET"]}}],"collection":[{"href":"https:\/\/www.europesays.com\/pl\/wp-json\/wp\/v2\/posts"}],"about":[{"href":"https:\/\/www.europesays.com\/pl\/wp-json\/wp\/v2\/types\/post"}],"author":[{"embeddable":true,"href":"https:\/\/www.europesays.com\/pl\/wp-json\/wp\/v2\/users\/2"}],"replies":[{"embeddable":true,"href":"https:\/\/www.europesays.com\/pl\/wp-json\/wp\/v2\/comments?post=662958"}],"version-history":[{"count":0,"href":"https:\/\/www.europesays.com\/pl\/wp-json\/wp\/v2\/posts\/662958\/revisions"}],"wp:featuredmedia":[{"embeddable":true,"href":"https:\/\/www.europesays.com\/pl\/wp-json\/wp\/v2\/media\/662959"}],"wp:attachment":[{"href":"https:\/\/www.europesays.com\/pl\/wp-json\/wp\/v2\/media?parent=662958"}],"wp:term":[{"taxonomy":"category","embeddable":true,"href":"https:\/\/www.europesays.com\/pl\/wp-json\/wp\/v2\/categories?post=662958"},{"taxonomy":"post_tag","embeddable":true,"href":"https:\/\/www.europesays.com\/pl\/wp-json\/wp\/v2\/tags?post=662958"}],"curies":[{"name":"wp","href":"https:\/\/api.w.org\/{rel}","templated":true}]}}