{"id":663000,"date":"2026-09-02T18:42:18","date_gmt":"2026-09-02T18:42:18","guid":{"rendered":"https:\/\/www.europesays.com\/pl\/663000\/"},"modified":"2026-09-02T18:42:18","modified_gmt":"2026-09-02T18:42:18","slug":"dzieci-harryego-i-meghan-pojda-do-szkoly-w-uk-placowka-apeluje-do-rodzicow","status":"publish","type":"post","link":"https:\/\/www.europesays.com\/pl\/663000\/","title":{"rendered":"Dzieci Harry&#8217;ego i Meghan p\u00f3jd\u0105 do szko\u0142y w UK. Plac\u00f3wka apeluje do rodzic\u00f3w"},"content":{"rendered":"<p><a href=\"https:\/\/plejada.pl\/temat\/rodziny-krolewskie-rody-royalsi\/rgknq1p\" target=\"_blank\" class=\"ods-c-linked-image\" rel=\"nofollow noopener\"><img src=\"https:\/\/www.europesays.com\/pl\/wp-content\/uploads\/2026\/09\/203k9lBaHR0cHM6Ly9vY2RuLmV1L3B1bHNjbXMvTURBXy9mMTRkOTIyMDcwYjFjMGI2YzQyMTNkNDYwYWYwNTg3Ni5qcGeRlQLNB.jpeg\" height=\"50\" width=\"400\" alt=\"royalsi plejada\" fetchpriority=\"auto\" loading=\"lazy\" decoding=\"async\" class=\"ods-c-image__img ods-c-linked-image__image\"\/><\/a><\/p>\n<p>Szko\u0142a w Cotswolds przekaza\u0142a rodzicom uczni\u00f3w list z instrukcjami, jak nale\u017cy si\u0119 zachowywa\u0107 w obecno\u015bci dzieci znanych z medi\u00f3w. Wed\u0142ug komentatorki kr\u00f3lewskiej Kinsey Schofield cytowanej przez serwis OK rodziny zosta\u0142y poinformowane, \u017ce niekt\u00f3re dzieci mog\u0105 przyci\u0105ga\u0107 uwag\u0119 medi\u00f3w, co wymaga dodatkowych \u015brodk\u00f3w ostro\u017cno\u015bci. List przypomina\u0142 tak\u017ce o zakazie fotografowania i nagrywania innych uczni\u00f3w bez zgody oraz o nieudost\u0119pnianiu zdj\u0119\u0107 i informacji o dzieciach lub ich rodzinach w mediach spo\u0142eczno\u015bciowych.<\/p>\n<p>Szko\u0142a podkre\u015bli\u0142a, \u017ce jej priorytetem jest stworzenie spokojnego i bezpiecznego \u015brodowiska, w kt\u00f3rym ka\u017cde dziecko mo\u017ce swobodnie si\u0119 uczy\u0107.<\/p>\n<p><a href=\"https:\/\/www.onet.pl\/\" title=\"Strona G\u0142\u00f3wna\" aria-label=\"Strona G\u0142\u00f3wna\" data-astro-prefetch=\"tap\" class=\"ods-a-logo-main-desktop\" rel=\"nofollow noopener\" target=\"_blank\"><img src=\"https:\/\/cdn.plejada.pl\/img\/Logo_desktop_Onet.svg\" class=\"ods-a-logo-main-desktop__image\" alt=\"Logo\" width=\"107\" height=\"60\" fetchpriority=\"high\" decoding=\"sync\" style=\"height:60px\"\/><\/a><\/p>\n<p class=\"ods-m-google-article__text\">Czytaj nas cz\u0119\u015bciej w Google<\/p>\n<p><a href=\"https:\/\/google.com\/preferences\/source?q=plejada.pl\" target=\"_blank\" rel=\"noopener noreferrer nofollow\" aria-label=\"Dodaj w Google\" title=\"Dodaj w Google\" class=\"ods-a-button ods-a-button__primary ods-a-button__default ods-a-button-l\">Dodaj w Google<\/a>Dalszy ci\u0105g artyku\u0142u pod materia\u0142em wideoNowe \u017cycie Harry\u2019ego i Meghan w Wielkiej BrytaniiWed\u0142ug doniesie\u0144, ksi\u0105\u017c\u0119 Harry i <a href=\"https:\/\/plejada.pl\/temat\/ksiezna-meghan-ksiezna-sussex-meghan-markle\/52km2qm\" id=\"b0e8f35e-82ab-474d-a387-e54bf38bf149\" rel=\"nofollow noopener\" target=\"_blank\">Meghan Markle<\/a> postanowili wr\u00f3ci\u0107 do Anglii na d\u0142u\u017cszy czas. Para opu\u015bci\u0142a Wielk\u0105 Brytani\u0119 w 2020 r., rezygnuj\u0105c z pe\u0142nienia obowi\u0105zk\u00f3w kr\u00f3lewskich. Teraz, po cichu wyprowadzili si\u0119 ze swojej posiad\u0142o\u015bci w Montecito i przylecieli do kraju prywatnym odrzutowcem. Media informuj\u0105, \u017ce Harry chcia\u0142, by jego dzieci mia\u0142y mo\u017cliwo\u015b\u0107 nawi\u0105zania bli\u017cszych relacji z kr\u00f3lem Karolem III, kt\u00f3ry w 2024 r. poinformowa\u0142 o diagnozie nowotworowej.<\/p>\n<p>Dzieci Harry\u2019ego i Meghan rozpocz\u0119\u0142y nauk\u0119 w prywatnej szkole w Wielkiej Brytanii. Wcze\u015bniejsze doniesienia wskazywa\u0142y, \u017ce para szuka\u0142a domu w\u0142a\u015bnie w Cotswolds \u2014 presti\u017cowej okolicy na angielskiej wsi. Tom Sykes, dziennikarz zajmuj\u0105cy si\u0119 tematyk\u0105 kr\u00f3lewsk\u0105, przekaza\u0142, \u017ce Harry wybra\u0142 t\u0119 lokalizacj\u0119 ze wzgl\u0119du na swoje wspomnienia z dzieci\u0144stwa oraz blisko\u015b\u0107 rezydencji Highgrove House, nale\u017c\u0105cej do Karola i Kamili.<\/p>\n<p><img class=\"ods-a-photo ods-a-photo--background\" src=\"https:\/\/www.europesays.com\/pl\/wp-content\/uploads\/2026\/09\/Jh2k9lBaHR0cHM6Ly9vY2RuLmV1L3B1bHNjbXMvTURBXy9iM2I1NGFlMTZiMmQ5YzRkMDg2NjQ2ZTkzYmY2ZDUwMS5qcGeRkwXNB.jpeg\" height=\"800\" width=\"788\" alt=\"Meghan Markle, ksi\u0105\u017c\u0119 Harry\" loading=\"lazy\" fetchpriority=\"auto\" decoding=\"auto\" url=\"https:\/\/ocdn.eu\/pulscms\/MDA_\/b3b54ae16b2d9c4d086646e93bf6d501.jpg\" description=\"Meghan Markle, ksi\u0105\u017c\u0119 Harry\" author=\"Lev Radin \/ Shutterstock\" source=\"\" link=\"\"\/><\/p>\n<p>Lev Radin \/ Shutterstock<\/p>\n<p>Meghan Markle, ksi\u0105\u017c\u0119 Harry<\/p>\n<p>Dzi\u0119kujemy, \u017ce przeczyta\u0142a\u015b\/e\u015b nasz artyku\u0142 do ko\u0144ca. W serwisie Plejada.pl ka\u017cdego dnia piszemy o najwa\u017cniejszych wydarzeniach show-biznesowych. B\u0105d\u017a na bie\u017c\u0105co!<a rel=\"nofollow noopener\" href=\"https:\/\/profile.google.com\/cp\/Cg0vZy8xMWJ6X19wdHBx\" id=\"9a754cf4-d330-42bf-9922-d6a123832920\" target=\"_blank\"> Obserwuj<\/a> Plejad\u0119 w Google. Odwied\u017a nas tak\u017ce na<a rel=\"nofollow noopener\" href=\"https:\/\/www.facebook.com\/plejadapl\" id=\"0ec6470b-697e-4eb0-8899-150d828bbbab\" target=\"_blank\"> Facebooku<\/a>,<a rel=\"nofollow noopener\" href=\"https:\/\/www.instagram.com\/plejadapl\/\" id=\"d7574ee6-125e-4faf-ba92-408ded6c780d\" target=\"_blank\"> Instagramie<\/a>,<a rel=\"nofollow noopener\" href=\"https:\/\/www.youtube.com\/c\/plejada\" id=\"71902aa5-0ba0-479f-b497-e658859c21ff\" target=\"_blank\"> YouTubie<\/a> oraz<a rel=\"nofollow noopener\" href=\"https:\/\/www.tiktok.com\/@plejada_pl\" id=\"6aa01c4a-a0f7-435f-ab3f-4aac8783323d\" target=\"_blank\"> TikToku<\/a>.Chcesz podzieli\u0107 si\u0119 ciekawym newsem lub zaproponowa\u0107 temat? Skontaktuj si\u0119 z nami, pisz\u0105c maila na adres: <a rel=\"nofollow noopener\" href=\"https:\/\/plejada.pl\/newsy\/dzieci-harryego-i-meghan-pojda-do-szkoly-w-uk-placowka-apeluje-do-rodzicow\/mailto:plejada@redakcjaonet.pl\" id=\"f4a19cf7-0615-4d40-b0cc-e0e9c1c5e0d6\" target=\"_blank\">plejada@redakcjaonet.pl<\/a>.<script async src=\"\/\/www.instagram.com\/embed.js\"><\/script><script async src=\"\/\/www.tiktok.com\/embed.js\"><\/script><\/p>\n","protected":false},"excerpt":{"rendered":"Szko\u0142a w Cotswolds przekaza\u0142a rodzicom uczni\u00f3w list z instrukcjami, jak nale\u017cy si\u0119 zachowywa\u0107 w obecno\u015bci dzieci znanych z&hellip;\n","protected":false},"author":2,"featured_media":663001,"comment_status":"","ping_status":"","sticky":false,"template":"","format":"standard","meta":{"footnotes":"","_share_on_mastodon":"0"},"categories":[22],"tags":[61195,122,3276,3277,48,125,46,42,38,40,39,41,44330,123,47,79],"class_list":["post-663000","post","type-post","status-publish","format-standard","has-post-thumbnail","category-rozrywka","tag-bottomfeed_styl","tag-entertainment","tag-ksiaze_harry","tag-ksiezna_meghan","tag-nat_styl","tag-newsy","tag-omp","tag-pl","tag-poland","tag-polish","tag-polska","tag-polski","tag-rodziny_rody_krolewskie","tag-rozrywka","tag-screening_general","tag-wielka_brytania"],"share_on_mastodon":{"url":"https:\/\/pubeurope.com\/@pl\/117202922150859752","error":""},"_links":{"self":[{"href":"https:\/\/www.europesays.com\/pl\/wp-json\/wp\/v2\/posts\/663000","targetHints":{"allow":["GET"]}}],"collection":[{"href":"https:\/\/www.europesays.com\/pl\/wp-json\/wp\/v2\/posts"}],"about":[{"href":"https:\/\/www.europesays.com\/pl\/wp-json\/wp\/v2\/types\/post"}],"author":[{"embeddable":true,"href":"https:\/\/www.europesays.com\/pl\/wp-json\/wp\/v2\/users\/2"}],"replies":[{"embeddable":true,"href":"https:\/\/www.europesays.com\/pl\/wp-json\/wp\/v2\/comments?post=663000"}],"version-history":[{"count":0,"href":"https:\/\/www.europesays.com\/pl\/wp-json\/wp\/v2\/posts\/663000\/revisions"}],"wp:featuredmedia":[{"embeddable":true,"href":"https:\/\/www.europesays.com\/pl\/wp-json\/wp\/v2\/media\/663001"}],"wp:attachment":[{"href":"https:\/\/www.europesays.com\/pl\/wp-json\/wp\/v2\/media?parent=663000"}],"wp:term":[{"taxonomy":"category","embeddable":true,"href":"https:\/\/www.europesays.com\/pl\/wp-json\/wp\/v2\/categories?post=663000"},{"taxonomy":"post_tag","embeddable":true,"href":"https:\/\/www.europesays.com\/pl\/wp-json\/wp\/v2\/tags?post=663000"}],"curies":[{"name":"wp","href":"https:\/\/api.w.org\/{rel}","templated":true}]}}