{"id":663012,"date":"2026-09-02T18:48:14","date_gmt":"2026-09-02T18:48:14","guid":{"rendered":"https:\/\/www.europesays.com\/pl\/663012\/"},"modified":"2026-09-02T18:48:14","modified_gmt":"2026-09-02T18:48:14","slug":"poslanka-pis-broni-moskala-zapalila-sie-czerwona-lampka-i-sie-wycofal","status":"publish","type":"post","link":"https:\/\/www.europesays.com\/pl\/663012\/","title":{"rendered":"Pos\u0142anka PiS broni Moskala. &#8222;Zapali\u0142a si\u0119 czerwona lampka i si\u0119 wycofa\u0142&#8221;"},"content":{"rendered":"<p class=\"font-primary mb-8 text-lg leading-[1.55] [&amp;_a]:text-[#23437D] [&amp;_a]:underline [&amp;_a]:font-bold\">OGL\u0104DAJ.\u00a0J\u00f3zefa Szczurek-\u017belazko (PiS) go\u015bcini\u0105 Sylwii Bia\u0142ek<\/p>\n<p>Kryptoaktywa w Sejmie. PiS poprze weto prezydenta<\/p>\n<p class=\"font-primary mb-8 text-lg leading-[1.55] [&amp;_a]:text-[#23437D] [&amp;_a]:underline [&amp;_a]:font-bold\">Pos\u0142anka PiS J\u00f3zefa Szczurek-\u017belazko nie spodziewa si\u0119, by jej klub zag\u0142osowa\u0142 w pi\u0105tek za odrzuceniem <a href=\"https:\/\/polskieradio24.pl\/polityka\/sejm-wraca-do-ustawy-o-kryptoaktywach-zywno-pis-nie-osmieli-sie-odrzucic-weta\" rel=\"nofollow noopener\" target=\"_blank\">prezydenckiego weta do ustawy o kryptowalutach<\/a>. &#8211; Nasze stanowisko jest jasne, bo zosta\u0142o sformu\u0142owane we wniosku, w kt\u00f3rym z\u0142o\u017cyli\u015bmy projekt ustawy ca\u0142kowicie zakazuj\u0105cy handlu kryptowalutami na terenie naszego kraju. Skoro nasz rz\u0105d nie potrafi\u0142 uregulowa\u0107 w spos\u00f3b w\u0142a\u015bciwy tego segmentu gospodarki &#8211; bo tak to trzeba nazwa\u0107 &#8211; aby m\u00f3g\u0142 funkcjonowa\u0107 zgodnie z prawem, to w takiej d\u017cungli lepiej, \u017ceby co\u015b takiego w og\u00f3le si\u0119 nie odbywa\u0142o &#8211; t\u0142umaczy\u0142a.<\/p>\n<p>Szczurek-\u017belazko obwinia Tuska. &#8222;Dlaczego s\u0142u\u017cby go nie ostrzeg\u0142y?&#8221;<\/p>\n<p class=\"font-primary mb-8 text-lg leading-[1.55] [&amp;_a]:text-[#23437D] [&amp;_a]:underline [&amp;_a]:font-bold\">Szczurek-\u017belazko uwa\u017ca, \u017ce win\u0119<a href=\"https:\/\/polskieradio24.pl\/polska\/znany-inwestor-gieldowy-doprowadzony-do-prokuratury-chodzi-o-zondacrypto\" rel=\"nofollow noopener\" target=\"_blank\"> za afer\u0119 wok\u00f3\u0142 Zondacrypto<\/a> ponosi Donald Tusk. &#8211; Dlaczego s\u0142u\u017cby, kt\u00f3re kontroluje poprzez swoich ministr\u00f3w, nie ostrzeg\u0142y pana premiera rz\u0105du, \u017ce ta firma jest firm\u0105, kt\u00f3ra powinna by\u0107 mo\u017ce zosta\u0107 obj\u0119ta szczeg\u00f3lnym nadzorem &#8211; pyta\u0142a pos\u0142anka.<\/p>\n<p>Redakcja poleca<\/p>\n<p class=\"font-primary mb-8 text-lg leading-[1.55] [&amp;_a]:text-[#23437D] [&amp;_a]:underline [&amp;_a]:font-bold\">Wed\u0142ug rozm\u00f3wczyni Sylwii Bia\u0142ek nie ma natomiast nic z\u0142ego w tym, \u017ce pose\u0142 PiS Micha\u0142 Moskal spotka\u0142 si\u0119 na Ibizie z prezesem Zondacrypto, Przemys\u0142awem Kralem.<\/p>\n<p class=\"text-dark text-center text-lg leading-[1.35] font-semibold md:!text-2xl\">&#8211; W\u0142a\u015bnie po tej rozmowie z prezesem Kralem panu Moskalowi zapali\u0142a si\u0119 czerwona lampka i nie dosz\u0142o do \u017cadnych relacji. Uznano, \u017ce to jest firma wysokiego ryzyka i Moskal si\u0119 wycofa\u0142 z tego wszystkiego &#8211; powiedzia\u0142a Szczurek-\u017belazko.<\/p>\n<p class=\"font-primary mb-8 text-lg leading-[1.55] [&amp;_a]:text-[#23437D] [&amp;_a]:underline [&amp;_a]:font-bold\">Pos\u0142anka PiS stwierdzi\u0142a te\u017c, \u017ce poprawki do ustawy o kryptoaktywach &#8222;pojawi\u0142y si\u0119 po pracy zespo\u0142u, kt\u00f3ry sk\u0142ada\u0142 si\u0119 z przedstawicieli koalicji 13 grudnia&#8221;. &#8211; I po tajnym spotkaniu tego zespo\u0142u przygotowano poprawki, kt\u00f3re p\u00f3\u017aniej by\u0142y procedowane &#8211; doda\u0142a.<\/p>\n<p>PiS nie chce komisji \u015bledczej. Szczurek-\u017belazko: chodzi o teatr dla opinii publicznej<\/p>\n<p class=\"font-primary mb-8 text-lg leading-[1.55] [&amp;_a]:text-[#23437D] [&amp;_a]:underline [&amp;_a]:font-bold\">Szczurek-\u017belazko przekonywa\u0142a, \u017ce spraw\u0119 gie\u0142dy powinna wyja\u015bni\u0107 komisja zaufania publicznego. &#8211; Dlatego, \u017ce mamy do\u015bwiadczenie, jak dzia\u0142aj\u0105 komisje \u015bledcze w Sejmie. Wiadomo, \u017ce one b\u0119d\u0105 wybierane przez obecn\u0105 wi\u0119kszo\u015b\u0107 sejmow\u0105 &#8211; t\u0142umaczy\u0142a.<\/p>\n<p class=\"text-dark text-center text-lg leading-[1.35] font-semibold md:!text-2xl\">&#8211; Pan Donald Tusk z panem Czarzastym, z panem Ho\u0142owni\u0105 i jeszcze z panem Kosiniakiem-Kamyszem dobior\u0105 sobie taki sk\u0142ad, \u017ceby mieli wi\u0119kszo\u015b\u0107 w ka\u017cdej komisji, a jak pos\u0142owie Prawa i Sprawiedliwo\u015bci b\u0119d\u0105 zadawa\u0107 trudne pytania, to si\u0119 im wy\u0142\u0105czy mikrofon albo si\u0119 ich wyrzuci &#8211; stwierdzi\u0142a Szczurek-\u017belazko.<\/p>\n<p class=\"font-primary mb-8 text-lg leading-[1.55] [&amp;_a]:text-[#23437D] [&amp;_a]:underline [&amp;_a]:font-bold\">Wed\u0142ug pos\u0142anki PiS<a href=\"https:\/\/polskieradio24.pl\/polityka\/co-morawiecki-chce-ugrac-na-zondacrypto-ma-dwa-polityczne-cele\" rel=\"nofollow noopener\" target=\"_blank\"> powo\u0142anie komisji \u015bledczej <\/a>&#8222;jest bez sensu&#8221;. &#8211; Tylko po to, \u017ceby teatr robi\u0107 dla opinii publicznej. My uwa\u017camy, \u017ce powinna by\u0107 niezale\u017cna komisja zaufania publicznego i ta komisja powinna t\u0119 spraw\u0119 wyja\u015bnia\u0107. Natomiast prokurator zgodnie z przepisami prawa, chyba powinien wiedzie\u0107, co ma robi\u0107, niezale\u017cnie od powo\u0142anych komisji, bo to s\u0105 zupe\u0142nie niezale\u017cne dzia\u0142ania &#8211; podsumowa\u0142a Szczurek-\u017belazko.<\/p>\n<p>Redakcja poleca<\/p>\n","protected":false},"excerpt":{"rendered":"OGL\u0104DAJ.\u00a0J\u00f3zefa Szczurek-\u017belazko (PiS) go\u015bcini\u0105 Sylwii Bia\u0142ek Kryptoaktywa w Sejmie. PiS poprze weto prezydenta Pos\u0142anka PiS J\u00f3zefa Szczurek-\u017belazko nie&hellip;\n","protected":false},"author":2,"featured_media":663013,"comment_status":"","ping_status":"","sticky":false,"template":"","format":"standard","meta":{"footnotes":"","_share_on_mastodon":"0"},"categories":[62713],"tags":[89335,1345,2462,88176,7797,17994],"class_list":["post-663012","post","type-post","status-publish","format-standard","has-post-thumbnail","category-donald-tusk","tag-24-pytania","tag-donald-tusk","tag-polska-polityka","tag-polskie-radio-24","tag-prawo-i-sprawiedliwosc","tag-zondacrypto"],"share_on_mastodon":{"url":"https:\/\/pubeurope.com\/@pl\/117202944520536973","error":""},"_links":{"self":[{"href":"https:\/\/www.europesays.com\/pl\/wp-json\/wp\/v2\/posts\/663012","targetHints":{"allow":["GET"]}}],"collection":[{"href":"https:\/\/www.europesays.com\/pl\/wp-json\/wp\/v2\/posts"}],"about":[{"href":"https:\/\/www.europesays.com\/pl\/wp-json\/wp\/v2\/types\/post"}],"author":[{"embeddable":true,"href":"https:\/\/www.europesays.com\/pl\/wp-json\/wp\/v2\/users\/2"}],"replies":[{"embeddable":true,"href":"https:\/\/www.europesays.com\/pl\/wp-json\/wp\/v2\/comments?post=663012"}],"version-history":[{"count":0,"href":"https:\/\/www.europesays.com\/pl\/wp-json\/wp\/v2\/posts\/663012\/revisions"}],"wp:featuredmedia":[{"embeddable":true,"href":"https:\/\/www.europesays.com\/pl\/wp-json\/wp\/v2\/media\/663013"}],"wp:attachment":[{"href":"https:\/\/www.europesays.com\/pl\/wp-json\/wp\/v2\/media?parent=663012"}],"wp:term":[{"taxonomy":"category","embeddable":true,"href":"https:\/\/www.europesays.com\/pl\/wp-json\/wp\/v2\/categories?post=663012"},{"taxonomy":"post_tag","embeddable":true,"href":"https:\/\/www.europesays.com\/pl\/wp-json\/wp\/v2\/tags?post=663012"}],"curies":[{"name":"wp","href":"https:\/\/api.w.org\/{rel}","templated":true}]}}