{"id":663036,"date":"2026-09-02T19:04:19","date_gmt":"2026-09-02T19:04:19","guid":{"rendered":"https:\/\/www.europesays.com\/pl\/663036\/"},"modified":"2026-09-02T19:04:19","modified_gmt":"2026-09-02T19:04:19","slug":"krakow-interakcje-w-cricotece-e-teatr-pl","status":"publish","type":"post","link":"https:\/\/www.europesays.com\/pl\/663036\/","title":{"rendered":"Krak\u00f3w. \u201eInterakcje\u201d w Cricotece | e-teatr.pl"},"content":{"rendered":"<p>We wrze\u015bniu\u00a0Sp\u00f3\u0142dzielnia Muzyczna Contemporary Ensemble\u00a0zaprasza na kolejne wydarzenia prezentuj\u0105ce muzyk\u0119\u00a0najnowsz\u0105 w r\u00f3\u017cnych kontekstach i z r\u00f3\u017cnych perspektyw. Centralnym punktem programu krakowskich wydarze\u0144 b\u0119dzie kolejny koncert z cyklu\u00a0Interakcje, kt\u00f3ry odb\u0119dzie si\u0119\u00a016 wrze\u015bnia o godz. 19:00\u00a0w\u00a0O\u015brodku Dokumentacji Sztuki Tadeusza Kantora Cricoteka w Krakowie.<\/p>\n<p>            <a data-lightbox=\"article-gallery\" href=\"https:\/\/e-teatr.pl\/files\/multimedias\/182591\/social_media_wrzesien___1920x1080.png\" rel=\"nofollow noopener\" target=\"_blank\">&#13;<br \/>\n        <img loading=\"lazy\" decoding=\"async\" src=\"https:\/\/www.europesays.com\/pl\/wp-content\/uploads\/2026\/09\/thumb_social_media_wrzesien___1920x1080.png\" alt=\"\" title=\"mat. teatru\" width=\"1100\" height=\"618\"\/>      <\/a><\/p>\n<p>fot. mat. teatru<\/p>\n<p>Wrze\u015bniowe Interakcje to kolejne wydarzenie z cyklu, w kt\u00f3rym podejmujemy wsp\u00f3\u0142prac\u0119 z innymi zespo\u0142ami muzyki wsp\u00f3\u0142czesnej. Tym razem b\u0119dzie to bydgoski zesp\u00f3\u0142 Luzie z Ve\u0142ny za\u0142o\u017cony w 2021 roku przez perkusist\u0119 i kompozytora Rafa\u0142a Gorzyckiego. W ramach koncertu nasi go\u015bcie wykonaj\u0105 dwa utwory ze swojego repertuaru: Sudavik sonat\u0119 Gra\u017cyny Pstroko\u0144skiej-Nawratil i \u015amier\u0107 Pana S Rafa\u0142a Gorzyckiego. Sp\u00f3\u0142dzielnia Muzyczna zaprezentuj\u0119 krakowskiej publiczno\u015bci efekt wsp\u00f3\u0142pracy z kompozytorkami z Wysp Owczych (Mura Heleny Lamhauge i Portals Anny Katrin \u00d8. Egilstr\u00f8\u00f0), kt\u00f3ra zawi\u0105za\u0142a si\u0119 w ramach trasy koncertowej w lipcu tego roku. Na koniec koncertu zespo\u0142y wykonaj\u0105 wsp\u00f3lnie Horizomeny i S\u0142owidoki Aleksandra Ko\u015bciowa i 7 Artura Zagajewskiego. Koncertowi towarzyszy\u0107 b\u0119dzie rozmowa Rafa\u0142a Gorzyckiego i Jakuba Gucika z Paw\u0142em Szczepanikiem &#8211; Pe\u0142nomocnikiem Prezydenta Miasta Krakowa ds. Kultury. dotycz\u0105ca samorz\u0105dowego finansowania kultury, funkcjonowania zespo\u0142\u00f3w muzyki wsp\u00f3\u0142czesnej i r\u00f3\u017cnych dr\u00f3g dochodzenia do artystycznej to\u017csamo\u015bci.<\/p>\n<p>Pozosta\u0142e wydarzenia Sp\u00f3\u0142dzielni Muzycznej we wrze\u015bniu:<\/p>\n<p>4.09.2026 \u2014 (NIE) SPACER D\u0179WI\u0118KOWY \u2013 Performans R\u00d3J<br \/>godz. 18:00, Przestrze\u0144 Otwarta przy Krakowskim Centrum Muzyki<\/p>\n<p>6.09.2026 \u2014 Rytmiczne Wierszowanki &#8211; warsztaty dla dzieci<br \/>gr. I &#8211; 10:30, gr. II &#8211; 12:00, Siedziba Sp\u00f3\u0142dzielni Muzycznej &#8211; Kopernika 19<\/p>\n<p>8.09.2026 \u2014 UNA &#8211; Collabs<br \/>godz. 18:00, UNA Kluboksi\u0119garnia Polskiego Wydawnictwa Muzycznego<\/p>\n<p>12.09.2026 \u2014 Koncert na miejscu &#8211; Wo\u015b, Gucik, Sowa, Gu\u0144ka<br \/>godz. 19:00, Siedziba Sp\u00f3\u0142dzielni Muzycznej &#8211; Kopernika 19<\/p>\n<p>22.09.2026 \u2014 Mi\u0119dzynarodowy Festiwal Muzyki Wsp\u00f3\u0142czesnej \u201eWarszawska Jesie\u0144\u201d<br \/>godz. 19:30, Studio Koncertowe Polskiego Radia im. Lutos\u0142awskiego, Warszawa<\/p>\n<p>27.09.2026 \u2014 Festiwal ENSEMS<br \/>godz. 17:30, Les Arts &#8211; Aula magistral, Walencja, Hiszpania<\/p>\n<p>27.09.2026 \u2014 Scena muzyki improwizowanej \u2013 Tracy Lisk, Maria Do Mar<br \/>godz. 19:00, Siedziba Sp\u00f3\u0142dzielni Muzycznej &#8211; Kopernika 19<\/p>\n<p>Szczeg\u00f3\u0142owe informacje dotycz\u0105ce wszystkich wydarze\u0144, aktualno\u015bci oraz programu <a href=\"https:\/\/spoldzielniamuzyczna.com\/\" rel=\"nofollow noopener\" target=\"_blank\">Sp\u00f3\u0142dzielni Muzycznej Contemporary Ensemble<\/a> mo\u017cna znale\u017a\u0107 na naszej stronie internetowej.<\/p>\n","protected":false},"excerpt":{"rendered":"We wrze\u015bniu\u00a0Sp\u00f3\u0142dzielnia Muzyczna Contemporary Ensemble\u00a0zaprasza na kolejne wydarzenia prezentuj\u0105ce muzyk\u0119\u00a0najnowsz\u0105 w r\u00f3\u017cnych kontekstach i z r\u00f3\u017cnych perspektyw. Centralnym&hellip;\n","protected":false},"author":2,"featured_media":663037,"comment_status":"","ping_status":"","sticky":false,"template":"","format":"standard","meta":{"footnotes":"","_share_on_mastodon":"0"},"categories":[51606],"tags":[2434,8588,6588,17490,16331,51630,1304,42,38,40,39,41,649,650,11541,51629,8815,51631,8767,51628,800,8816],"class_list":["post-663036","post","type-post","status-publish","format-standard","has-post-thumbnail","category-krakow","tag-aktor","tag-aktorzy","tag-festiwal","tag-festiwale","tag-kariera","tag-kariery","tag-krakow","tag-pl","tag-poland","tag-polish","tag-polska","tag-polski","tag-premiera","tag-premiery","tag-realizacja","tag-realizacje","tag-repertuar","tag-ruch-teatralny","tag-sztuka","tag-sztuki","tag-teatr","tag-teatry"],"share_on_mastodon":{"url":"https:\/\/pubeurope.com\/@pl\/117203007381101835","error":""},"_links":{"self":[{"href":"https:\/\/www.europesays.com\/pl\/wp-json\/wp\/v2\/posts\/663036","targetHints":{"allow":["GET"]}}],"collection":[{"href":"https:\/\/www.europesays.com\/pl\/wp-json\/wp\/v2\/posts"}],"about":[{"href":"https:\/\/www.europesays.com\/pl\/wp-json\/wp\/v2\/types\/post"}],"author":[{"embeddable":true,"href":"https:\/\/www.europesays.com\/pl\/wp-json\/wp\/v2\/users\/2"}],"replies":[{"embeddable":true,"href":"https:\/\/www.europesays.com\/pl\/wp-json\/wp\/v2\/comments?post=663036"}],"version-history":[{"count":0,"href":"https:\/\/www.europesays.com\/pl\/wp-json\/wp\/v2\/posts\/663036\/revisions"}],"wp:featuredmedia":[{"embeddable":true,"href":"https:\/\/www.europesays.com\/pl\/wp-json\/wp\/v2\/media\/663037"}],"wp:attachment":[{"href":"https:\/\/www.europesays.com\/pl\/wp-json\/wp\/v2\/media?parent=663036"}],"wp:term":[{"taxonomy":"category","embeddable":true,"href":"https:\/\/www.europesays.com\/pl\/wp-json\/wp\/v2\/categories?post=663036"},{"taxonomy":"post_tag","embeddable":true,"href":"https:\/\/www.europesays.com\/pl\/wp-json\/wp\/v2\/tags?post=663036"}],"curies":[{"name":"wp","href":"https:\/\/api.w.org\/{rel}","templated":true}]}}