{"id":663038,"date":"2026-09-02T19:05:13","date_gmt":"2026-09-02T19:05:13","guid":{"rendered":"https:\/\/www.europesays.com\/pl\/663038\/"},"modified":"2026-09-02T19:05:13","modified_gmt":"2026-09-02T19:05:13","slug":"polska-chce-napastnika-z-premier-league-pzpn-tylko-czeka-na-sygnal","status":"publish","type":"post","link":"https:\/\/www.europesays.com\/pl\/663038\/","title":{"rendered":"Polska chce napastnika z Premier League. PZPN tylko czeka na sygna\u0142"},"content":{"rendered":"<p>Redakcja polecaEllis Simms blisko reprezentacji Polski<\/p>\n<p class=\"font-primary mb-8 text-lg leading-[1.55] [&amp;_a]:text-[#23437D] [&amp;_a]:underline [&amp;_a]:font-bold\">Piotr Wo\u0142osik z &#8222;Przegl\u0105du Sportowego&#8221; w podca\u015bcie &#8222;Ofensywni&#8221; poinformowa\u0142 o mo\u017cliwym debiucie Ellisa Simmsa w reprezentacji Polski. Otoczenie 25-letniego zawodnika Coventry City finalizuje rozmowy dotycz\u0105ce gry w bia\u0142o-czerwonych barwach.<\/p>\n<p class=\"text-dark text-center text-lg leading-[1.35] font-semibold italic md:!text-2xl\">To taki pi\u0142karz, o kt\u00f3rego zabiega reprezentacja Polski, cho\u0107 jeszcze czekaj\u0105 na ostatnie s\u0142owo tego ch\u0142opaka. Sprawy nabra\u0142y tempa. W ci\u0105gu najbli\u017cszych dni Simms i jego otoczenie maj\u0105 zdecydowa\u0107. W\u0142a\u015bciwie pono\u0107 jest tam ju\u017c klepni\u0119te, \u017ce oni chc\u0105 si\u0119 stara\u0107 o to, by Simms wyst\u0119powa\u0142 w reprezentacji Polski &#8211; w ataku by\u0107 mo\u017ce z Robertem Lewandowskim, je\u015bli trener znajdzie pomys\u0142 na niego<\/p>\n<p>Piotr Wo\u0142osik o powo\u0142aniu Simmsa do reprezentacji Polski<\/p>\n<p class=\"font-primary mb-8 text-lg leading-[1.55] [&amp;_a]:text-[#23437D] [&amp;_a]:underline [&amp;_a]:font-bold\">Napastnik ma polskie korzenie, cho\u0107 urodzi\u0142 si\u0119 w Anglii i ca\u0142\u0105 dotychczasow\u0105 karier\u0119 sp\u0119dzi\u0142 na Wyspach Brytyjskich. Cho\u0107 w przesz\u0142o\u015bci zanotowa\u0142 wyst\u0119py w angielskiej kadrze do lat 18, przepisy FIFA pozwalaj\u0105 mu na zmian\u0119 barw narodowych w seniorskiej pi\u0142ce. Skauci Polskiego Zwi\u0105zku Pi\u0142ki No\u017cnej obserwowali snajpera ju\u017c pod koniec 2021 roku, jednak dopiero teraz sprawa nabra\u0142a realnego tempa.<\/p>\n<p>Redakcja polecaJan Urban postawiony pod \u015bcian\u0105<\/p>\n<p class=\"font-primary mb-8 text-lg leading-[1.55] [&amp;_a]:text-[#23437D] [&amp;_a]:underline [&amp;_a]:font-bold\">Pocz\u0105tkowo selekcjoner kadry nie by\u0142 entuzjast\u0105 powo\u0142ywania urodzonego w Anglii gracza, jednak ostatnie zawirowania wok\u00f3\u0142 reprezentacji zmieni\u0142y sytuacj\u0119. \u2013 Jak tylko b\u0119dzie zielone \u015bwiat\u0142o od otoczenia Simmsa, to ruszy procedura urz\u0119dowa przyznawania obywatelstwa czy paszportu. Z tego, co s\u0142ysz\u0119, selekcjoner Jan Urban pocz\u0105tkowo niespecjalnie by\u0142 przekonany do tego pomys\u0142u, do tego cz\u0142owieka. Dotar\u0142y do mnie plotki, \u017ce si\u0119 opiera\u0142. Teraz jest troch\u0119 postawiony pod \u015bcian\u0105, bo dochodz\u0105 informacje, \u017ce nie wiadomo, czy Robert b\u0119dzie przyje\u017cd\u017ca\u0142 na wszystkie mecze reprezentacji \u2013 doda\u0142 Wo\u0142osik.<\/p>\n<p class=\"font-primary mb-8 text-lg leading-[1.55] [&amp;_a]:text-[#23437D] [&amp;_a]:underline [&amp;_a]:font-bold\">Oficjalne rozpocz\u0119cie procedury paszportowej nast\u0105pi natychmiast po otrzymaniu ostatecznej deklaracji ze strony otoczenia zawodnika. Potencjalne wzmocnienie linii ataku staje si\u0119 dla sztabu szkoleniowego priorytetem ze wzgl\u0119du na <a href=\"https:\/\/polskieradio24.pl\/sport\/lewandowski-przyleci-z-usa-na-jeden-mecz-grzegorz-lato-powiedzial-wprost\" rel=\"nofollow noopener\" target=\"_blank\">niepewno\u015b\u0107 co do dost\u0119pno\u015bci Roberta Lewandowskiego na wszystkich zgrupowaniach<\/a>. Sprowadzenie napastnika maj\u0105cego za sob\u0105 wyst\u0119py na poziomie Premier League ma zabezpieczy\u0107 pozycj\u0119 numer dziewi\u0119\u0107 w dru\u017cynie narodowej.<\/p>\n","protected":false},"excerpt":{"rendered":"Redakcja polecaEllis Simms blisko reprezentacji Polski Piotr Wo\u0142osik z &#8222;Przegl\u0105du Sportowego&#8221; w podca\u015bcie &#8222;Ofensywni&#8221; poinformowa\u0142 o mo\u017cliwym debiucie&hellip;\n","protected":false},"author":2,"featured_media":663039,"comment_status":"","ping_status":"","sticky":false,"template":"","format":"standard","meta":{"footnotes":"","_share_on_mastodon":"0"},"categories":[12],"tags":[269,42,38,40,39,41,537,273],"class_list":["post-663038","post","type-post","status-publish","format-standard","has-post-thumbnail","category-polska","tag-pilka-nozna","tag-pl","tag-poland","tag-polish","tag-polska","tag-polski","tag-reprezentacja-polski","tag-robert-lewandowski"],"share_on_mastodon":{"url":"https:\/\/pubeurope.com\/@pl\/117203011104494942","error":""},"_links":{"self":[{"href":"https:\/\/www.europesays.com\/pl\/wp-json\/wp\/v2\/posts\/663038","targetHints":{"allow":["GET"]}}],"collection":[{"href":"https:\/\/www.europesays.com\/pl\/wp-json\/wp\/v2\/posts"}],"about":[{"href":"https:\/\/www.europesays.com\/pl\/wp-json\/wp\/v2\/types\/post"}],"author":[{"embeddable":true,"href":"https:\/\/www.europesays.com\/pl\/wp-json\/wp\/v2\/users\/2"}],"replies":[{"embeddable":true,"href":"https:\/\/www.europesays.com\/pl\/wp-json\/wp\/v2\/comments?post=663038"}],"version-history":[{"count":0,"href":"https:\/\/www.europesays.com\/pl\/wp-json\/wp\/v2\/posts\/663038\/revisions"}],"wp:featuredmedia":[{"embeddable":true,"href":"https:\/\/www.europesays.com\/pl\/wp-json\/wp\/v2\/media\/663039"}],"wp:attachment":[{"href":"https:\/\/www.europesays.com\/pl\/wp-json\/wp\/v2\/media?parent=663038"}],"wp:term":[{"taxonomy":"category","embeddable":true,"href":"https:\/\/www.europesays.com\/pl\/wp-json\/wp\/v2\/categories?post=663038"},{"taxonomy":"post_tag","embeddable":true,"href":"https:\/\/www.europesays.com\/pl\/wp-json\/wp\/v2\/tags?post=663038"}],"curies":[{"name":"wp","href":"https:\/\/api.w.org\/{rel}","templated":true}]}}