{"id":663042,"date":"2026-09-02T19:07:18","date_gmt":"2026-09-02T19:07:18","guid":{"rendered":"https:\/\/www.europesays.com\/pl\/663042\/"},"modified":"2026-09-02T19:07:18","modified_gmt":"2026-09-02T19:07:18","slug":"informator-stolicy-ukradl-samochod-z-niemiec-i-kierowal-sie-nim-do-warszawy","status":"publish","type":"post","link":"https:\/\/www.europesays.com\/pl\/663042\/","title":{"rendered":"Informator Stolicy &#8211; Ukrad\u0142 samoch\u00f3d z Niemiec i kierowa\u0142 si\u0119 nim do Warszawy"},"content":{"rendered":"<p style=\"text-align:justify\">Policjanci operacyjni we wsp\u00f3\u0142pracy z funkcjonariuszami CB\u015aP odzyskali skradzion\u0105 w Niemczech Toyot\u0119 wart\u0105 130 tysi\u0119cy z\u0142otych. W sprawie zatrzymano 21-letniego m\u0119\u017cczyzn\u0119 podejrzanego o kradzie\u017c z w\u0142amaniem. Na wniosek prokuratury s\u0105d zadecydowa\u0142 o jego tymczasowym aresztowaniu.<\/p>\n<p>Wsp\u00f3\u0142praca grupy \u201eKobra\u201d i CB\u015aP<\/p>\n<p style=\"text-align:justify\">Policjanci operacyjni grupy \u201eKobra\u201d i funkcjonariusze Wydzia\u0142u do Zwalczania Zorganizowanej Przest\u0119pczo\u015bci Kryminalnej Zarz\u0105du w Warszawie CB\u015aP po\u0142\u0105czyli si\u0142y, aby zatrzyma\u0107 sprawc\u0119 kradzie\u017cy niemieckiego auta. Policjanci z komendy na Pradze Po\u0142udnie ustalili, \u017ce skradziona na terenie Niemiec Toyota Corolla Cross prawdopodobnie jedzie w kierunku Warszawy. Pojazd mia\u0142 porusza\u0107 si\u0119 na innych tablicach rejestracyjnych. Operacyjni skontaktowali si\u0119 z CB\u015aP i zaplanowali wsp\u00f3ln\u0105 akcj\u0119. Zlokalizowali samoch\u00f3d i zacz\u0119li go obserwowa\u0107, a w odpowiednim momencie rozpocz\u0119li interwencj\u0119. B\u0142yskawicznie uniemo\u017cliwili kierowcy dalsz\u0105 jazd\u0119 i go zatrzymali. Sprawc\u0105 okaza\u0142 si\u0119 21-letni m\u0119\u017cczyzna. Przypuszczenia \u015bledczych w pe\u0142ni si\u0119 potwierdzi\u0142y, auto by\u0142o poszukiwane przez niemieckie s\u0142u\u017cby. Zamontowane na nim tablice pochodzi\u0142y z innego, polskiego samochodu, a oryginalne le\u017ca\u0142y ukryte we wn\u0119trzu pojazdu. Co wi\u0119cej, wysz\u0142o na jaw, \u017ce kierowca posiada\u0142 trzy aktywne zakazy prowadzenia pojazd\u00f3w mechanicznych. Toyota zosta\u0142a zabezpieczona, a m\u0119\u017cczyzna zosta\u0142 przewieziony do policyjnej celi.<\/p>\n<p>Post\u0119powanie<\/p>\n<p style=\"text-align:justify\">Policjanci z Wydzia\u0142u do walki z Przest\u0119pczo\u015bci\u0105 Samochodow\u0105 zgromadzili materia\u0142 dowodowy, kt\u00f3ry pozwoli\u0142 na przedstawienie m\u0119\u017cczy\u017anie trzech zarzut\u00f3w. 21-latek odpowie za kradzie\u017c z w\u0142amaniem do samochodu, pos\u0142u\u017cenie si\u0119 tablicami rejestracyjnymi z innego pojazdu oraz niestosowanie si\u0119 do wyrok\u00f3w s\u0105du dotycz\u0105cych zakaz\u00f3w prowadzenia pojazd\u00f3w mechanicznych. Na wniosek Prokuratury Rejonowej Warszawa \u017boliborz s\u0105d zastosowa\u0142 wobec podejrzanego tymczasowy areszt. Post\u0119powanie jest w toku.\u00a0<\/p>\n<p style=\"text-align:justify\">fot. pexels<\/p>\n","protected":false},"excerpt":{"rendered":"Policjanci operacyjni we wsp\u00f3\u0142pracy z funkcjonariuszami CB\u015aP odzyskali skradzion\u0105 w Niemczech Toyot\u0119 wart\u0105 130 tysi\u0119cy z\u0142otych. W sprawie&hellip;\n","protected":false},"author":2,"featured_media":663043,"comment_status":"","ping_status":"","sticky":false,"template":"","format":"standard","meta":{"footnotes":"","_share_on_mastodon":"0"},"categories":[51605],"tags":[1247,42,38,414,40,39,41,128890,435,3519],"class_list":["post-663042","post","type-post","status-publish","format-standard","has-post-thumbnail","category-warszawa","tag-kradziez","tag-pl","tag-poland","tag-policja","tag-polish","tag-polska","tag-polski","tag-skradzione-auto","tag-warszawa","tag-wspolpraca"],"share_on_mastodon":{"url":"https:\/\/pubeurope.com\/@pl\/117203018954586357","error":""},"_links":{"self":[{"href":"https:\/\/www.europesays.com\/pl\/wp-json\/wp\/v2\/posts\/663042","targetHints":{"allow":["GET"]}}],"collection":[{"href":"https:\/\/www.europesays.com\/pl\/wp-json\/wp\/v2\/posts"}],"about":[{"href":"https:\/\/www.europesays.com\/pl\/wp-json\/wp\/v2\/types\/post"}],"author":[{"embeddable":true,"href":"https:\/\/www.europesays.com\/pl\/wp-json\/wp\/v2\/users\/2"}],"replies":[{"embeddable":true,"href":"https:\/\/www.europesays.com\/pl\/wp-json\/wp\/v2\/comments?post=663042"}],"version-history":[{"count":0,"href":"https:\/\/www.europesays.com\/pl\/wp-json\/wp\/v2\/posts\/663042\/revisions"}],"wp:featuredmedia":[{"embeddable":true,"href":"https:\/\/www.europesays.com\/pl\/wp-json\/wp\/v2\/media\/663043"}],"wp:attachment":[{"href":"https:\/\/www.europesays.com\/pl\/wp-json\/wp\/v2\/media?parent=663042"}],"wp:term":[{"taxonomy":"category","embeddable":true,"href":"https:\/\/www.europesays.com\/pl\/wp-json\/wp\/v2\/categories?post=663042"},{"taxonomy":"post_tag","embeddable":true,"href":"https:\/\/www.europesays.com\/pl\/wp-json\/wp\/v2\/tags?post=663042"}],"curies":[{"name":"wp","href":"https:\/\/api.w.org\/{rel}","templated":true}]}}