{"id":663052,"date":"2026-09-02T19:13:12","date_gmt":"2026-09-02T19:13:12","guid":{"rendered":"https:\/\/www.europesays.com\/pl\/663052\/"},"modified":"2026-09-02T19:13:12","modified_gmt":"2026-09-02T19:13:12","slug":"rosja-bije-krwawe-rekordy-realia-na-froncie-kompromituja-sily-putina","status":"publish","type":"post","link":"https:\/\/www.europesays.com\/pl\/663052\/","title":{"rendered":"Rosja bije krwawe rekordy. Realia na froncie kompromituj\u0105 si\u0142y Putina"},"content":{"rendered":"<p>Wiosn\u0105 dow\u00f3dztwo rosyjskiej armii obieca\u0142o W\u0142adimirowi Putinowi, \u017ce do jesieni zajmie ca\u0142y <a href=\"https:\/\/www.onet.pl\/informacje\/onetwiadomosci\/to-bedzie-brutalna-bitwa-na-wyniszczenie-reportaz-ze-strefy-smierci-w-donbasie\/1vphqeh,79cfc278\" id=\"6840e845-822f-4840-a51f-d2915f32d0a9\" rel=\"nofollow noopener\" target=\"_blank\">Donbas<\/a>, a on sam wielokrotnie publicznie podkre\u015bla\u0142, \u017ce zwyci\u0119stwo jest ju\u017c blisko. Termin min\u0105\u0142, ale do zaj\u0119cia Donbasu wci\u0105\u017c jest daleko. W sierpniu okupanci, wed\u0142ug szacunk\u00f3w Instytutu Studi\u00f3w nad Wojn\u0105 (ISW), po raz kolejny w tym roku stracili wi\u0119cej terytori\u00f3w, ni\u017c zdobyli.<\/p>\n<p>Ponadto, jak zauwa\u017caj\u0105 analitycy ISW, ju\u017c drugi miesi\u0105c z rz\u0119du ich straty przekroczy\u0142y 40 tys. \u017co\u0142nierzy. Szacuje si\u0119, \u017ce w sierpniu na froncie zgin\u0119\u0142o i zosta\u0142o rannych 42 tys. 20 os\u00f3b (w lipcu \u2014 42 tys. 860). Na zdobycie ka\u017cdego kilometra kwadratowego armia &#8222;po\u015bwi\u0119ca\u0142a&#8221; \u015brednio 465 os\u00f3b.<\/p>\n<p>Eksperci wskazuj\u0105, \u017ce nadal brakuje nowych \u017co\u0142nierzy kontraktowych, kt\u00f3rzy mogliby uzupe\u0142ni\u0107 bie\u017c\u0105ce straty. Ponadto nie jest jasne, jak d\u0142ugo wojska b\u0119d\u0105 w stanie utrzyma\u0107 obecne tempo ofensywy bez przeprowadzenia jakiej\u015b formy <a href=\"https:\/\/podroze.onet.pl\/aktualnosci\/polka-o-mobilizacji-w-rosji-moi-znajomi-uciekaja-nie-chce-byc-nastepny\/4zt3n57\" id=\"09218535-263a-4e54-be09-d262dbaf7b14\" rel=\"nofollow noopener\" target=\"_blank\">mobilizacji<\/a>.<\/p>\n<p>Rosja nie by\u0142a w stanie zrekrutowa\u0107 w tym roku wi\u0119cej ni\u017c 30 tys. \u017co\u0142nierzy miesi\u0119cznie. Na pocz\u0105tku roku wska\u017anik ten spad\u0142 do 24 tys. \u2014 wskazuje Janis Kluge z Niemieckiego Instytutu Spraw Mi\u0119dzynarodowych i Bezpiecze\u0144stwa (SWP) w Berlinie, kt\u00f3ry prowadzi obliczenia na podstawie danych dotycz\u0105cych wyp\u0142at bud\u017cetowych. Natomiast Kij\u00f3w postawi\u0142 sobie wcze\u015bniej za cel doprowadzenie do 50 tys. miesi\u0119cznych strat agresora i si\u0142y Ukrainy pewnie zmierzaj\u0105 w tym kierunku. Jeszcze w marcu straty rosyjskie by\u0142y o nieco ponad 10 tys. \u017co\u0142nierzy mniejsze i wynios\u0142y 31 tys. 960 \u2014 podaje ISW.<\/p>\n<p>Punkt zwrotny wojny. Ukrai\u0144ska gro\u017aba sparali\u017cowa\u0142a Moskw\u0119. &#8222;Bezpieczne dni na rosyjskim niebie ju\u017c min\u0119\u0142y&#8221;<img class=\"ods-a-photo ods-a-photo--background\" src=\"https:\/\/www.europesays.com\/pl\/wp-content\/uploads\/2026\/09\/3KAk9lBaHR0cHM6Ly9vY2RuLmV1L3B1bHNjbXMvTURBXy84NDUxZGIyODBlMWQ2NTFiOTJhZGNiZmVkOTZlNDE5Yy5qcGeRlQLNA.jpeg\" height=\"253\" width=\"450\" alt=\"Wo\u0142odymyr Ze\u0142enski, w kwadracie: W\u0142adimir Putin\" loading=\"lazy\" fetchpriority=\"low\" decoding=\"async\"\/>Spadaj\u0105ce tempo ofensywy<\/p>\n<p>Je\u015bli chodzi o terytoria, to w sierpniu wojska Rosji przej\u0119\u0142y kontrol\u0119 nad obszarem o powierzchni 90,35 km kw. Bior\u0105c pod uwag\u0119 taktyk\u0119 &#8222;przenikania&#8221;, polegaj\u0105c\u0105 na przedostawaniu si\u0119 grup kilku os\u00f3b na teren wroga (wed\u0142ug danych prokremlowskich bloger\u00f3w prze\u017cy\u0107 i utrzyma\u0107 pozycj\u0119 udaje si\u0119 jednej lub dw\u00f3m osobom na 10), wska\u017anik ten mo\u017cna zwi\u0119kszy\u0107 do 123,53 km kw. Podboje mia\u0142y miejsce g\u0142\u00f3wnie w obwodzie donieckim, jednak wojskom nie uda\u0142o si\u0119 w pe\u0142ni opanowa\u0107 wa\u017cnego ukrai\u0144skiego o\u015brodka Konstantyn\u00f3wki, gdzie bitwa toczy si\u0119 ju\u017c od wielu miesi\u0119cy.<\/p>\n<p>Dalszy ci\u0105g artyku\u0142u pod materia\u0142em wideo<\/p>\n<p>Tempo ofensywy spad\u0142o wielokrotnie w por\u00f3wnaniu z sierpniem 2025 r., kiedy zaj\u0119to ponad 505 km kw.<\/p>\n<p>Jednocze\u015bnie z powodu operacji kontrataku si\u0142 Ukrainy wojska rosyjskie straci\u0142y co najmniej 129,8 km kw., czyli wi\u0119cej ni\u017c zaj\u0119\u0142y. Jak wyja\u015bnia ISW, liczba ta jest najprawdopodobniej zani\u017cona, poniewa\u017c stosowana przez instytut metodologia nie uwzgl\u0119dnia w pe\u0142ni skali prawdopodobnych sukces\u00f3w armii Kijowa w trakcie ofensywy na kierunku <a href=\"https:\/\/wiadomosci.onet.pl\/swiat\/ukrainska-taktyka-dziala-rosjanie-moga-znalezc-sie-w-kotle-znaczacy-cios-dla-kremla\/j9ee4h0\" id=\"7ef74b51-6334-4e0c-b058-72b0e216eccf\" rel=\"nofollow noopener\" target=\"_blank\">\u0141ymana <\/a>w obwodzie donieckim.<\/p>\n<p>W kwietniu i maju si\u0142y Moskwy r\u00f3wnie\u017c straci\u0142y wi\u0119cej terytorium, ni\u017c zyska\u0142y. W lipcu Putin twierdzi\u0142, \u017ce od pocz\u0105tku roku Rosja zaj\u0119\u0142a ponad 3 tys. km kw. i 133 miejscowo\u015bci w Ukrainie. Jednak wed\u0142ug oblicze\u0144 ISW rzeczywiste liczby w tym czasie wynosi\u0142y 621,7 km kw. i 64 osady.<\/p>\n<p>Wiosn\u0105 najwy\u017csze dow\u00f3dztwo wojskowe przekona\u0142o Putina, \u017ce \u200b\u200bdo jesieni uda si\u0119 zdoby\u0107 ca\u0142y Donbas \u2014 donosi\u0142 &#8222;Financial Times&#8221;. Jednak ju\u017c latem, wed\u0142ug Bloomberga, wojskowi obiecali, \u017ce uda si\u0119 to osi\u0105gn\u0105\u0107 do zimy.<\/p>\n<p>Putin wielokrotnie powtarza\u0142, \u017ce negocjacje pokojowe nie s\u0105 mo\u017cliwe, dop\u00f3ki Donbas nie zostanie ca\u0142kowicie opanowany. Jednak od pocz\u0105tku inwazji na Ukrain\u0119 15 razy wyznacza\u0142 terminy dzia\u0142a\u0144 wojskowych, ale \u017caden z nich nie zosta\u0142 dotrzymany.<\/p>\n","protected":false},"excerpt":{"rendered":"Wiosn\u0105 dow\u00f3dztwo rosyjskiej armii obieca\u0142o W\u0142adimirowi Putinowi, \u017ce do jesieni zajmie ca\u0142y Donbas, a on sam wielokrotnie publicznie&hellip;\n","protected":false},"author":2,"featured_media":663053,"comment_status":"","ping_status":"","sticky":false,"template":"","format":"standard","meta":{"footnotes":"","_share_on_mastodon":"0"},"categories":[14],"tags":[56,61195,32,33,2568,27,76,34,35,28,31,48,25,1702,46,40,41,87,47,80,29,30,415,26,408,82,83,84],"class_list":["post-663052","post","type-post","status-publish","format-standard","has-post-thumbnail","category-swiat","tag-article_premium","tag-bottomfeed_styl","tag-breaking-news","tag-breakingnews","tag-donbas","tag-headlines","tag-inwazja_rosji_na_ukraine","tag-latest-news","tag-latestnews","tag-naglowki","tag-najwazniejsze-artykuly","tag-nat_styl","tag-news","tag-obwod_doniecki","tag-omp","tag-polish","tag-polski","tag-rosja","tag-screening_general","tag-swiat","tag-top-stories","tag-topstories","tag-ukraina","tag-wiadomosci","tag-wladimir_putin","tag-world","tag-world-news","tag-worldnews"],"share_on_mastodon":{"url":"https:\/\/pubeurope.com\/@pl\/117203044001229291","error":""},"_links":{"self":[{"href":"https:\/\/www.europesays.com\/pl\/wp-json\/wp\/v2\/posts\/663052","targetHints":{"allow":["GET"]}}],"collection":[{"href":"https:\/\/www.europesays.com\/pl\/wp-json\/wp\/v2\/posts"}],"about":[{"href":"https:\/\/www.europesays.com\/pl\/wp-json\/wp\/v2\/types\/post"}],"author":[{"embeddable":true,"href":"https:\/\/www.europesays.com\/pl\/wp-json\/wp\/v2\/users\/2"}],"replies":[{"embeddable":true,"href":"https:\/\/www.europesays.com\/pl\/wp-json\/wp\/v2\/comments?post=663052"}],"version-history":[{"count":0,"href":"https:\/\/www.europesays.com\/pl\/wp-json\/wp\/v2\/posts\/663052\/revisions"}],"wp:featuredmedia":[{"embeddable":true,"href":"https:\/\/www.europesays.com\/pl\/wp-json\/wp\/v2\/media\/663053"}],"wp:attachment":[{"href":"https:\/\/www.europesays.com\/pl\/wp-json\/wp\/v2\/media?parent=663052"}],"wp:term":[{"taxonomy":"category","embeddable":true,"href":"https:\/\/www.europesays.com\/pl\/wp-json\/wp\/v2\/categories?post=663052"},{"taxonomy":"post_tag","embeddable":true,"href":"https:\/\/www.europesays.com\/pl\/wp-json\/wp\/v2\/tags?post=663052"}],"curies":[{"name":"wp","href":"https:\/\/api.w.org\/{rel}","templated":true}]}}