{"id":663064,"date":"2026-09-02T19:22:15","date_gmt":"2026-09-02T19:22:15","guid":{"rendered":"https:\/\/www.europesays.com\/pl\/663064\/"},"modified":"2026-09-02T19:22:15","modified_gmt":"2026-09-02T19:22:15","slug":"baltycki-grant-bioroznorodnosci-4-mln-zl-od-fundacji-orlen-dla-pomorza","status":"publish","type":"post","link":"https:\/\/www.europesays.com\/pl\/663064\/","title":{"rendered":"Ba\u0142tycki Grant Bior\u00f3\u017cnorodno\u015bci: 4 mln z\u0142 od Fundacji ORLEN dla Pomorza"},"content":{"rendered":"<p>Monitoring ptak\u00f3w morskich, ratowanie rannych zwierz\u0105t, badania podwodnych siedlisk, edukacja mieszka\u0144c\u00f3w i rozw\u00f3j wsp\u00f3\u0142pracy z lokalnymi spo\u0142eczno\u015bciami \u2013 takie przedsi\u0119wzi\u0119cia otrzyma\u0142y wsparcie w pierwszej edycji Ba\u0142tyckiego Grantu Bior\u00f3\u017cnorodno\u015bci. Fundacja ORLEN dla Pomorza przeznaczy\u0142a na projekty ponad 3,7 mln z\u0142. Podczas spotkania podsumowuj\u0105cego program zaprezentowano raport <a href=\"https:\/\/fundacjadlapomorza.orlen.pl\/pl\/Raporty-i-publikacje\" rel=\"nofollow noopener\" target=\"_blank\">\u201eWsp\u00f3lnie dla Ba\u0142tyku i Wis\u0142y\u201d<\/a>, a tak\u017ce zapowiedziano uruchomienie drugiej edycji konkursu, do kt\u00f3rej nab\u00f3r rozpocz\u0105\u0142 si\u0119 1 wrze\u015bnia.<\/p>\n<p>Pierwsza edycja programu pokaza\u0142a, \u017ce zainteresowanie dzia\u0142aniami na rzecz ochrony przyrody Morza Ba\u0142tyckiego jest bardzo du\u017ce. Do konkursu zg\u0142oszono 68 projekt\u00f3w przygotowanych przez organizacje pozarz\u0105dowe, instytucje publiczne oraz \u015brodowiska naukowe. Ostatecznie dofinansowanie otrzyma\u0142o 9 wnioskodawc\u00f3w zwi\u0105zanych zar\u00f3wno z badaniami naukowymi, jak i edukacj\u0105.<\/p>\n<p>Dzia\u0142ania na rzecz przyrody to wsp\u00f3lna odpowiedzialno\u015b\u0107<\/p>\n<p>Raport podsumowuje pierwsz\u0105 edycj\u0119 zar\u00f3wno Ba\u0142tyckiego, jak i Wi\u015blanego Grantu Bior\u00f3\u017cnorodno\u015bci. Podczas jego prezentacji dr Marta Potocka, kierownik projektu w Biurze Zr\u00f3wnowa\u017conego Rozwoju i Transformacji Energetycznej ORLEN oraz przewodnicz\u0105ca Rady Fundacji ORLEN dla Pomorza, podkre\u015bla\u0142a, \u017ce wyzwania zwi\u0105zane z ochron\u0105 bior\u00f3\u017cnorodno\u015bci s\u0105 jednym z element\u00f3w prowadzenia biznesu.<\/p>\n<p>Musimy sobie u\u015bwiadomi\u0107, \u017ce jako ludzie jeste\u015bmy cz\u0119\u015bci\u0105 ekosystemu, a ka\u017cda dzia\u0142alno\u015b\u0107 gospodarcza korzysta z zasob\u00f3w i us\u0142ug dostarczanych przez przyrod\u0119. Bez zdrowych ekosystem\u00f3w i bogactwa gatunk\u00f3w nie m\u00f3g\u0142by funkcjonowa\u0107 \u017caden biznes, zw\u0142aszcza tak du\u017cy i z\u0142o\u017cony jak ORLEN. Dlatego te\u017c jeste\u015bmy zobowi\u0105zani, \u017ceby monitorowa\u0107 wp\u0142yw naszej dzia\u0142alno\u015bci na przyrod\u0119, ogranicza\u0107 jej negatywne skutki i wzmacnia\u0107 \u00a0dzia\u0142ania prowadzone na rzecz \u015brodowiska, tak\u017ce przez ich wsparcie finansowe. Oba programy grantowe \u2013 Ba\u0142tycki i Wi\u015blany Grant Bior\u00f3\u017cnorodno\u015bci, wspieraj\u0105 w ten spos\u00f3b takie dzia\u0142ania.<\/p>\n<p>dr Marta Potocka \/ kierownik projektu w Biurze Zr\u00f3wnowa\u017conego Rozwoju i Transformacji Energetycznej ORLEN oraz przewodnicz\u0105ca Rady Fundacji ORLEN dla Pomorza<\/p>\n<p>\u2013 Wyb\u00f3r projekt\u00f3w zg\u0142oszonych w pierwszej edycji by\u0142 bardzo trudny, poniewa\u017c ich poziom by\u0142 naprawd\u0119 wysoki, a poruszane tematy warto\u015bciowe. By\u0142y to zar\u00f3wno projekty naukowe, jak i edukacyjne, a cz\u0119sto te\u017c \u0142\u0105cz\u0105ce oba te aspekty. Uwa\u017camy, \u017ce takie podej\u015bcie przynosi najlepsze efekty, poniewa\u017c, opr\u00f3cz faktycznych dzia\u0142a\u0144 wspieraj\u0105cych bior\u00f3\u017cnorodno\u015b\u0107 czy bada\u0144 podstawowych i monitoringowych, to w\u0142a\u015bnie zwi\u0119kszanie \u015bwiadomo\u015bci pro-\u015brodowiskowej lokalnych spo\u0142eczno\u015bci jest kluczowe dla lepszego zrozumienia i dalszego planowania dzia\u0142a\u0144 wspieraj\u0105cych bior\u00f3\u017cnorodno\u015b\u0107. Szczeg\u00f3\u0142y dotycz\u0105ce sfinansowanych projekt\u00f3w znajduj\u0105 si\u0119 w raporcie \u201eWsp\u00f3lnie dla Ba\u0142tyku\u201d \u2013 m\u00f3wi\u0142a dr Marta Potocka.\u00a0<\/p>\n<p><img loading=\"lazy\" decoding=\"async\" style=\"aspect-ratio:921\/699;\" src=\"https:\/\/www.europesays.com\/pl\/wp-content\/uploads\/2026\/09\/l1023658-2-ma-ey.jpeg\" width=\"921\" height=\"699\"\/>\u2013 Jako ludzie jeste\u015bmy cz\u0119\u015bci\u0105 ekosystemu, a ka\u017cda dzia\u0142alno\u015b\u0107 gospodarcza korzysta z zasob\u00f3w i us\u0142ug dostarczanych przez przyrod\u0119 \u2013 podkre\u015bla\u0142a dr Marta Potocka. \u2013 Bez zdrowych ekosystem\u00f3w i bogactwa gatunk\u00f3w nie m\u00f3g\u0142by funkcjonowa\u0107 \u017caden biznes, zw\u0142aszcza tak du\u017cy i z\u0142o\u017cony jak ORLEN (fot. Robert Rozmus | Zawsze Pomorze)Badania Ba\u0142tyku i konkretna pomoc zwierz\u0119tom<\/p>\n<p>W\u015br\u00f3d dofinansowanych przedsi\u0119wzi\u0119\u0107 znalaz\u0142y si\u0119 m.in.:<\/p>\n<p>badania r\u00f3\u017cnorodno\u015bci gatunkowej \u0141awicy S\u0142upskiej i \u0141awicy \u015arodkowej,kamiennej rafy w Or\u0142owie,monitoring jesiennej migracji ptak\u00f3w morskich.projekty rozwijaj\u0105ce wsp\u00f3\u0142prac\u0119 mi\u0119dzy naukowcami a turystami.<\/p>\n<p>Jednym z beneficjent\u00f3w pierwszej edycji programu zosta\u0142a Fundacja Pomorski O\u015brodek Rehabilitacji Dzikich Zwierz\u0105t \u201eOstoja\u201d.<\/p>\n<p>Dzi\u0119ki tym \u015brodkom uda\u0142o nam si\u0119 wybudowa\u0107 wolier\u0119 dla ptak\u00f3w wodnych z basenami i specjalistyczn\u0105 filtracj\u0105, kt\u00f3ra pomaga nam w utrzymaniu, pomocy i leczeniu ptak\u00f3w morskich. Bez tego systemu i bez woliery by\u0142oby to bardzo trudne, a w niekt\u00f3rych przypadkach wr\u0119cz niemo\u017cliwe.<\/p>\n<p>Aleksandra von Mach-Taszner \/ zast\u0119pca prezesa Pomorskiego O\u015brodka Rehabilitacji Dzikich Zwierz\u0105t \u201eOstoja\u201d<\/p>\n<p><img loading=\"lazy\" decoding=\"async\" style=\"aspect-ratio:3716\/2477;\" src=\"https:\/\/www.europesays.com\/pl\/wp-content\/uploads\/2026\/09\/ostoja-fot-wojciech-teszka.jpg\" width=\"3716\" height=\"2477\"\/>(fot. Wojciech Teszka | Pomorski O\u015brodek Rehabilitacji Dzikich Zwierz\u0105t \u201eOstoja\u201d)<\/p>\n<p>Aleksandra von Mach-Taszner podkre\u015bli\u0142a, \u017ce nowa infrastruktura znacz\u0105co zwi\u0119kszy\u0142a mo\u017cliwo\u015bci leczenia zwierz\u0105t morskich.<\/p>\n<p>\u2013 Uda\u0142o nam si\u0119 tak\u017ce zakupi\u0107 specjalistyczne auto do transportu dzikich zwierz\u0105t. Do tej pory pomogli\u015bmy ju\u017c ponad 200 zwierz\u0119tom wr\u00f3ci\u0107 do zdrowia i na wolno\u015b\u0107 w\u0142a\u015bnie za pomoc\u0105 tego samochodu. Dzi\u0119ki \u015brodkom od ORLENU weszli\u015bmy na wy\u017cszy poziom opieki, rehabilitacji i leczenia dzikich zwierz\u0105t \u2013 zaznaczy\u0142a.<\/p>\n<p>Projekt \u201eW trosce o dziko\u015b\u0107!\u201d obejmuje r\u00f3wnie\u017c dzia\u0142ania edukacyjne skierowane do mieszka\u0144c\u00f3w. Ich celem jest pokazanie, kiedy dzikie zwierz\u0119 rzeczywi\u015bcie potrzebuje pomocy, a kiedy najlepszym rozwi\u0105zaniem jest pozostawienie go w naturalnym \u015brodowisku.<\/p>\n<p>Wiedza potrzebna tak\u017ce przy inwestycjach na morzu<\/p>\n<p>O znaczeniu bada\u0144 \u015brodowiskowych m\u00f3wi\u0142 tak\u017ce Krzysztof Bukowski, kierownik ds. komunikacji i relacji z interesariuszami Baltic Power, a jednocze\u015bnie cz\u0142onek Rady Fundacji ORLEN dla Pomorza.<\/p>\n<p>\u2013 Ba\u0142tyk staje si\u0119 dla Polski istotnym obszarem o du\u017cym potencjale energetycznym. Ma jedne z najlepszych na \u015bwiecie warunk\u00f3w do rozwoju morskiej energetyki wiatrowej \u2013 m\u00f3wi\u0142.<\/p>\n<p>Jak podkre\u015bli\u0142, zgodnie z decyzj\u0105 inwestycyjn\u0105, monitoring \u015brodowiskowy towarzyszy projektowi Baltic Power niemal od pocz\u0105tku jego rozwoju \u2013 przed rozpocz\u0119ciem budowy, w jej trakcie, a wkr\u00f3tce w fazie eksploatacji. Monitoring obejmuje obserwacj\u0119 dna morskiego, ichtiofauny, ptak\u00f3w i ssak\u00f3w morskich. Podczas budowy morskiej farmy wiatrowej prowadzone s\u0105 mi\u0119dzy innymi pomiary i monitoringi wp\u0142ywu prac instalacyjnych na \u015brodowisko.<\/p>\n<p>Im wi\u0119cej wiemy o Ba\u0142tyku, tym lepiej mo\u017cemy planowa\u0107 kolejne inwestycje i tym skuteczniej ogranicza\u0107 ich wp\u0142yw na \u015brodowisko. Program grantowy Fundacji dzia\u0142a dok\u0142adnie w tym kierunku \u2013 udziela wsparcia finansowego, m.in. na badania. Dlatego zach\u0119cam instytucje naukowe, organizacje pozarz\u0105dowe i samorz\u0105dy, \u017ceby po te \u015brodki si\u0119gn\u0119\u0142y.<\/p>\n<p>Krzysztof Bukowski \/ kierownik ds. komunikacji i relacji z interesariuszami Baltic Power, cz\u0142onek Rady Fundacji ORLEN dla Pomorza<\/p>\n<p>O \u015brodowisku trzeba m\u00f3wi\u0107 jak najg\u0142o\u015bniej<\/p>\n<p>Do udzia\u0142u w programie zach\u0119ca\u0142 r\u00f3wnie\u017c motorowodny zawodnik F1 H2O Bart\u0142omiej Marsza\u0142ek.<\/p>\n<p>\u00a0Dzia\u0142ania, kt\u00f3re uzyskuj\u0105 wsparcie finansowe w ramach programu, maj\u0105 znaczenie nie tylko dla przyrody, lecz tak\u017ce przysz\u0142ych pokole\u0144. Jako ojciec cz\u0119sto my\u015bl\u0119 o tym, w jakim \u015brodowisku b\u0119d\u0105 dorasta\u0142y nasze dzieci, dlatego tak wa\u017cne s\u0105 inicjatywy, kt\u00f3re \u0142\u0105cz\u0105 trosk\u0119 o zwierz\u0119ta, edukacj\u0119 i odpowiedzialno\u015b\u0107 za wsp\u00f3lne otoczenie. Dzi\u0119kuj\u0119 wszystkim, kt\u00f3rzy na r\u00f3\u017cne sposoby anga\u017cuj\u0105 si\u0119 w te projekty. Przysz\u0142o\u015b\u0107 Ba\u0142tyku zale\u017cy od naszych dzisiejszych decyzji.<\/p>\n<p>Bart\u0142omiej Marsza\u0142ek \/ motorowodny zawodnik F1 H2O<\/p>\n<p>Druga edycja programu ju\u017c ruszy\u0142a\u00a0<\/p>\n<p>Fundacja ORLEN dla Pomorza 1 wrze\u015bnia og\u0142osi\u0142a nab\u00f3r do drugiej edycji Ba\u0142tyckiego Grantu Bior\u00f3\u017cnorodno\u015bci.\u00a0<\/p>\n<p>Wnioski mo\u017cna sk\u0142ada\u0107 do 30 pa\u017adziernika.\u00a0<\/p>\n<p>Program nadal b\u0119dzie wspiera\u0142 finansowo przedsi\u0119wzi\u0119cia, kt\u00f3rych celami s\u0105:<\/p>\n<p>ochrona bior\u00f3\u017cnorodno\u015bci Morza Ba\u0142tyckiego,monitoring \u015brodowiska,badania naukowe,edukacja pro-\u015brodowiskowa,zr\u00f3wnowa\u017cony rozw\u00f3j,wdra\u017canie innowacyjnych metod ochrony \u015brodowiska.<\/p>\n<p>\u2013 Czekamy zar\u00f3wno na projekty naukowe czy zwi\u0105zane z monitoringiem \u015brodowiskowym, ale r\u00f3wnie\u017c na projekty wprowadzaj\u0105ce innowacyjne metody ochrony \u015brodowiska lub dzia\u0142ania edukacyjne. Zapraszamy instytucje naukowe, organizacje pozarz\u0105dowe, administracj\u0119 publiczn\u0105, szko\u0142y i lokalne spo\u0142eczno\u015bci. Regulamin jest dost\u0119pny <a href=\"https:\/\/fundacjadlapomorza.orlen.pl\/pl\/O-fundacji\/Nasze-programy\/Programy-grantowe\/Baltycki-Grant-Bioroznorodnosci\" rel=\"nofollow noopener\" target=\"_blank\">na stronie Fundacji ORLEN dla Pomorza<\/a> \u2013 zach\u0119ca\u0142a dr Marta Potocka.<\/p>\n<p>Na wsparcie projekt\u00f3w w drugiej edycji programu Fundacja przeznaczy \u0142\u0105cznie 4 mln z\u0142. Granty b\u0119d\u0105 przyznawane w formie darowizny pieni\u0119\u017cnej na realizacj\u0119 wybranych projekt\u00f3w.\u00a0Szczeg\u00f3\u0142owe informacje dotycz\u0105ce zasad udzia\u0142u, termin\u00f3w i dokument\u00f3w s\u0105 dost\u0119pne na stronie internetowej<a href=\"https:\/\/fundacjadlapomorza.orlen.pl\/pl\/O-fundacji\/Nasze-programy\/Programy-grantowe\/Baltycki-Grant-Bioroznorodnosci\" rel=\"nofollow noopener\" target=\"_blank\"> Fundacji ORLEN dla Pomorza.<\/a><\/p>\n","protected":false},"excerpt":{"rendered":"Monitoring ptak\u00f3w morskich, ratowanie rannych zwierz\u0105t, badania podwodnych siedlisk, edukacja mieszka\u0144c\u00f3w i rozw\u00f3j wsp\u00f3\u0142pracy z lokalnymi spo\u0142eczno\u015bciami \u2013&hellip;\n","protected":false},"author":2,"featured_media":663065,"comment_status":"","ping_status":"","sticky":false,"template":"","format":"standard","meta":{"footnotes":"","_share_on_mastodon":"0"},"categories":[52097],"tags":[54800,4059,12172,774,42,38,40,39,41,5296],"class_list":["post-663064","post","type-post","status-publish","format-standard","has-post-thumbnail","category-orlen","tag-fundacja-orlen-dla-pomorza","tag-morze-baltyckie","tag-ochrona-przyrody","tag-orlen","tag-pl","tag-poland","tag-polish","tag-polska","tag-polski","tag-pomorze"],"share_on_mastodon":{"url":"https:\/\/pubeurope.com\/@pl\/117203079464029265","error":""},"_links":{"self":[{"href":"https:\/\/www.europesays.com\/pl\/wp-json\/wp\/v2\/posts\/663064","targetHints":{"allow":["GET"]}}],"collection":[{"href":"https:\/\/www.europesays.com\/pl\/wp-json\/wp\/v2\/posts"}],"about":[{"href":"https:\/\/www.europesays.com\/pl\/wp-json\/wp\/v2\/types\/post"}],"author":[{"embeddable":true,"href":"https:\/\/www.europesays.com\/pl\/wp-json\/wp\/v2\/users\/2"}],"replies":[{"embeddable":true,"href":"https:\/\/www.europesays.com\/pl\/wp-json\/wp\/v2\/comments?post=663064"}],"version-history":[{"count":0,"href":"https:\/\/www.europesays.com\/pl\/wp-json\/wp\/v2\/posts\/663064\/revisions"}],"wp:featuredmedia":[{"embeddable":true,"href":"https:\/\/www.europesays.com\/pl\/wp-json\/wp\/v2\/media\/663065"}],"wp:attachment":[{"href":"https:\/\/www.europesays.com\/pl\/wp-json\/wp\/v2\/media?parent=663064"}],"wp:term":[{"taxonomy":"category","embeddable":true,"href":"https:\/\/www.europesays.com\/pl\/wp-json\/wp\/v2\/categories?post=663064"},{"taxonomy":"post_tag","embeddable":true,"href":"https:\/\/www.europesays.com\/pl\/wp-json\/wp\/v2\/tags?post=663064"}],"curies":[{"name":"wp","href":"https:\/\/api.w.org\/{rel}","templated":true}]}}