{"id":663078,"date":"2026-09-02T19:29:23","date_gmt":"2026-09-02T19:29:23","guid":{"rendered":"https:\/\/www.europesays.com\/pl\/663078\/"},"modified":"2026-09-02T19:29:23","modified_gmt":"2026-09-02T19:29:23","slug":"widzew-lodz-korona-kielce-relacja-na-zywo-2","status":"publish","type":"post","link":"https:\/\/www.europesays.com\/pl\/663078\/","title":{"rendered":"Widzew \u0141\u00f3d\u017a &#8211; Korona Kielce [RELACJA NA \u017bYWO]"},"content":{"rendered":"<p>Kolejny dzie\u0144, kolejne ekstraklasowe starcie w pierwszej rundzie STS Pucharu Polski! Korona Kielce w po\u0142owie wrze\u015bnia triumfowa\u0142a na terenie Widzewa \u0141\u00f3d\u017a na froncie ligowym, a teraz b\u0119dzie chcia\u0142a to powt\u00f3rzy\u0107 w innych rozgrywkach. Czy jej bohaterem zn\u00f3w zostanie Morgan Fassbender, kt\u00f3ry ostatnio popisa\u0142 si\u0119 dubletem?<\/p>\n<p>Na zrewan\u017cowanie si\u0119 ekipie z wojew\u00f3dztwa \u015bwi\u0119tokrzyskiego liczy Widzew \u0141\u00f3d\u017a, kt\u00f3ry pocz\u0105tku sezonu nie mo\u017ce zaliczy\u0107 do udanych. Kto oka\u017ce si\u0119 lepszy? Zapraszamy na relacj\u0119 na \u017cywo. Pocz\u0105tek w \u015brod\u0119, 2 wrze\u015bnia o godzinie 20:30.<\/p>\n<p><a href=\"https:\/\/przegladsportowy.onet.pl\/\" title=\"Strona g\u0142\u00f3wna serwisu\" aria-label=\"Strona g\u0142\u00f3wna serwisu\" data-astro-prefetch=\"tap\" class=\"ods-a-logo-main-desktop\" rel=\"nofollow noopener\" target=\"_blank\"><img src=\"https:\/\/cdn.przegladsportowy.onet.pl\/img\/Logo_desktop_Onet.svg\" class=\"ods-a-logo-main-desktop__image\" alt=\"Logo\" width=\"107\" height=\"60\" fetchpriority=\"high\" decoding=\"sync\" style=\"height:60px\"\/><\/a><\/p>\n<p class=\"ods-m-google-article__text\">Czytaj nas cz\u0119\u015bciej w Google<\/p>\n<p><a href=\"https:\/\/google.com\/preferences\/source?q=przegladsportowy.onet.pl\" target=\"_blank\" rel=\"noopener noreferrer nofollow\" aria-label=\"Dodaj w Google\" title=\"Dodaj w Google\" class=\"ods-a-button ods-a-button__primary ods-a-button__default ods-a-button-l\">Dodaj w Google<\/a><\/p>\n","protected":false},"excerpt":{"rendered":"Kolejny dzie\u0144, kolejne ekstraklasowe starcie w pierwszej rundzie STS Pucharu Polski! Korona Kielce w po\u0142owie wrze\u015bnia triumfowa\u0142a na&hellip;\n","protected":false},"author":2,"featured_media":663079,"comment_status":"","ping_status":"","sticky":false,"template":"","format":"standard","meta":{"footnotes":"","_share_on_mastodon":"0"},"categories":[51608],"tags":[128289,61195,2910,3652,48,46,948,42,38,40,39,41,4773,47,3469],"class_list":["post-663078","post","type-post","status-publish","format-standard","has-post-thumbnail","category-lodz","tag-adshield_tst0","tag-bottomfeed_styl","tag-korona_kielce","tag-lodz","tag-nat_styl","tag-omp","tag-pilka_nozna","tag-pl","tag-poland","tag-polish","tag-polska","tag-polski","tag-puchar_polski","tag-screening_general","tag-widzew_lodz"],"share_on_mastodon":{"url":"https:\/\/pubeurope.com\/@pl\/117203106755302508","error":""},"_links":{"self":[{"href":"https:\/\/www.europesays.com\/pl\/wp-json\/wp\/v2\/posts\/663078","targetHints":{"allow":["GET"]}}],"collection":[{"href":"https:\/\/www.europesays.com\/pl\/wp-json\/wp\/v2\/posts"}],"about":[{"href":"https:\/\/www.europesays.com\/pl\/wp-json\/wp\/v2\/types\/post"}],"author":[{"embeddable":true,"href":"https:\/\/www.europesays.com\/pl\/wp-json\/wp\/v2\/users\/2"}],"replies":[{"embeddable":true,"href":"https:\/\/www.europesays.com\/pl\/wp-json\/wp\/v2\/comments?post=663078"}],"version-history":[{"count":0,"href":"https:\/\/www.europesays.com\/pl\/wp-json\/wp\/v2\/posts\/663078\/revisions"}],"wp:featuredmedia":[{"embeddable":true,"href":"https:\/\/www.europesays.com\/pl\/wp-json\/wp\/v2\/media\/663079"}],"wp:attachment":[{"href":"https:\/\/www.europesays.com\/pl\/wp-json\/wp\/v2\/media?parent=663078"}],"wp:term":[{"taxonomy":"category","embeddable":true,"href":"https:\/\/www.europesays.com\/pl\/wp-json\/wp\/v2\/categories?post=663078"},{"taxonomy":"post_tag","embeddable":true,"href":"https:\/\/www.europesays.com\/pl\/wp-json\/wp\/v2\/tags?post=663078"}],"curies":[{"name":"wp","href":"https:\/\/api.w.org\/{rel}","templated":true}]}}