{"id":663084,"date":"2026-09-02T19:32:17","date_gmt":"2026-09-02T19:32:17","guid":{"rendered":"https:\/\/www.europesays.com\/pl\/663084\/"},"modified":"2026-09-02T19:32:17","modified_gmt":"2026-09-02T19:32:17","slug":"samorzady-sfinansowaly-campus-polska-tyle-dostala-impreza-trzaskowskiego","status":"publish","type":"post","link":"https:\/\/www.europesays.com\/pl\/663084\/","title":{"rendered":"Samorz\u0105dy sfinansowa\u0142y Campus Polska. Tyle dosta\u0142a impreza Trzaskowskiego"},"content":{"rendered":"\n<p>&#13;<br \/>\nZa organizacj\u0119 imprezy odpowiada fundacja Campus Polska, dzia\u0142aj\u0105ca od\u00a02022 roku. Z\u00a0fundacj\u0105 zwi\u0105zane s\u0105 osoby maj\u0105ce kontakty ze\u00a0\u015brodowiskiem Koalicji Obywatelskiej. W\u00a0jej radzie zasiadaj\u0105 Micha\u0142 Marcinkiewicz, by\u0142y pose\u0142 PO i\u00a0wsp\u00f3\u0142pracownik Rados\u0142awa Sikorskiego, kt\u00f3ry pracowa\u0142 r\u00f3wnie\u017c przy kampanii Rafa\u0142a Trzaskowskiego. Prezesem fundacji jest natomiast Marcin Wypch\u0142o, wcze\u015bniej zaanga\u017cowany w\u00a0organizacj\u0119 szczeci\u0144skich juwenali\u00f3w i\u00a0postrzegany jako cz\u0142owiek zwi\u0105zany ze\u00a0S\u0142awomirem Nitrasem. &#13;\n<\/p>\n<p>&#13;<br \/>\nInteria opisuje, \u017ce\u00a0przed tegoroczn\u0105 edycj\u0105 fundacja zwraca\u0142a si\u0119 do\u00a0samorz\u0105d\u00f3w z\u00a0propozycj\u0105 wsp\u00f3\u0142pracy promocyjnej. Na\u00a0stronie Campusu wymieniono 17 miast i\u00a0wojew\u00f3dztw jako partner\u00f3w samorz\u0105dowych, a\u00a0tak\u017ce trzy organizacje zale\u017cne od\u00a0samorz\u0105d\u00f3w. W\u015br\u00f3d partner\u00f3w znalaz\u0142y si\u0119 m.in. Gda\u0144sk, Olsztyn, \u0141\u00f3d\u017a, Bia\u0142ystok, Katowice, Opole i\u00a0Rzesz\u00f3w oraz\u00a0kilka wojew\u00f3dztw. &#13;\n<\/p>\n<p>Setki tysi\u0119cy z\u0142 na\u00a0Campus<\/p>\n<p>&#13;<br \/>\nSpo\u015br\u00f3d zapytanych samorz\u0105d\u00f3w 15 odpowiedzia\u0142o na\u00a0pytania dotycz\u0105ce finansowania wydarzenia. Z ich deklaracji wynika, \u017ce\u00a0\u0142\u0105cznie przekaza\u0142y fundacji blisko 700 tys. z\u0142 brutto. Ta\u00a0kwota mo\u017ce by\u0107 jednak wi\u0119ksza, gdy\u017c nadal cz\u0119\u015b\u0107 samorz\u0105d\u00f3w nie\u00a0ujawni\u0142a swych wydatk\u00f3w. Najwi\u0119ksz\u0105 kwot\u0119 \u2013\u00a0300 tys. z\u0142 \u2013\u00a0przeznaczy\u0142o wojew\u00f3dztwo warmi\u0144sko-mazurskie. Olsztyn, kt\u00f3ry by\u0142 gospodarzem wydarzenia, wyda\u0142 150 tys. z\u0142. &#13;\n<\/p>\n<p>&#13;<br \/>\nCzemu samorz\u0105dy zdecydowa\u0142y si\u0119 sfinansowa\u0107 imprez\u0119 polityka KO? Oficjalnie wydatki mia\u0142y charakter promocyjny, a\u00a0nie polityczny. Impreza mia\u0142a bowiem pos\u0142u\u017cy\u0107 do\u00a0prezentowania miast i\u00a0region\u00f3w. Przedstawiciele Olsztyna argumentowali, \u017ce\u00a0Campus przyci\u0105ga do\u00a0miasta osoby z\u00a0ca\u0142ej Polski i\u00a0mo\u017ce zach\u0119ci\u0107 je\u00a0do\u00a0p\u00f3\u017aniejszych wizyt. &#13;\n<\/p>\n<p>&#13;<br \/>\nPodobnie udzia\u0142 t\u0142umaczy\u0142y w\u0142adze Sosnowca i\u00a0\u0141odzi. Sosnowiec zap\u0142aci\u0142 15 tys. z\u0142, a\u00a0\u0141\u00f3d\u017a 25 tys. z\u0142. Mniejsze kwoty przekaza\u0142y m.in. Bydgoszcz \u2013\u00a05 tys. z\u0142, Bia\u0142ystok \u2013\u00a06 tys. z\u0142 i\u00a0Opole \u2013\u00a010 tys. z\u0142. Wojew\u00f3dztwo pomorskie wyda\u0142o 30 tys. z\u0142, a\u00a0zachodniopomorskie 20 tys. z\u0142. &#13;\n<\/p>\n<p>&#13;<br \/>\nInteria zwraca jednocze\u015bnie uwag\u0119 na\u00a0polityczne powi\u0105zania os\u00f3b zwi\u0105zanych z\u00a0organizacj\u0105 Campusu oraz\u00a0samorz\u0105dowc\u00f3w, kt\u00f3rzy zdecydowali si\u0119 finansowa\u0107 wydarzenie. &#13;\n<\/p>\n<p>&#13;<br \/>\n   Czytaj te\u017c:<br \/><a href=\"https:\/\/dorzeczy.pl\/opinie\/934573\/wpadka-nowackiej-na-campusie-trzaskowskiego-jestem-gospodarka.html\" rel=\"follow nofollow noopener\" data-schema=\"DORZECZY\" data-image=\"https:\/\/img.dorzeczy.pl\/_thumb\/a5\/f5\/bb7a73c7670020e1xxe639388885.jpeg\" target=\"_blank\">Wpadka Nowackiej na\u00a0Campusie. &#8222;Jestem go\u015bcini\u0105 i\u00a0gospodark\u0105&#8221;<\/a>   Czytaj te\u017c:<br \/><a href=\"https:\/\/dorzeczy.pl\/opinie\/934702\/zurek-popsul-atmosfere-na-campusie-polska-gorzkie-slowa-o-koalicji.html\" rel=\"follow nofollow noopener\" data-schema=\"DORZECZY\" data-image=\"https:\/\/img.dorzeczy.pl\/_thumb\/32\/fa\/74xx1cb8a4b58d2af0df16ce9005.jpeg\" target=\"_blank\">Zimny prysznic na\u00a0imprezie Trzaskowskiego. \u017burek: Przepalili\u015bmy zapa\u0142 wygranych wybor\u00f3w<\/a> &#13;<\/p>\n","protected":false},"excerpt":{"rendered":"&#13; Za organizacj\u0119 imprezy odpowiada fundacja Campus Polska, dzia\u0142aj\u0105ca od\u00a02022 roku. Z\u00a0fundacj\u0105 zwi\u0105zane s\u0105 osoby maj\u0105ce kontakty ze\u00a0\u015brodowiskiem&hellip;\n","protected":false},"author":2,"featured_media":663085,"comment_status":"","ping_status":"","sticky":false,"template":"","format":"standard","meta":{"footnotes":"","_share_on_mastodon":"0"},"categories":[12],"tags":[66586,98,49,42,38,40,39,41,2837,8483],"class_list":["post-663084","post","type-post","status-publish","format-standard","has-post-thumbnail","category-polska","tag-campus-polska","tag-dorzeczy","tag-kraj","tag-pl","tag-poland","tag-polish","tag-polska","tag-polski","tag-rafal-trzaskowski","tag-samorzady"],"share_on_mastodon":{"url":"https:\/\/pubeurope.com\/@pl\/117203117366926097","error":""},"_links":{"self":[{"href":"https:\/\/www.europesays.com\/pl\/wp-json\/wp\/v2\/posts\/663084","targetHints":{"allow":["GET"]}}],"collection":[{"href":"https:\/\/www.europesays.com\/pl\/wp-json\/wp\/v2\/posts"}],"about":[{"href":"https:\/\/www.europesays.com\/pl\/wp-json\/wp\/v2\/types\/post"}],"author":[{"embeddable":true,"href":"https:\/\/www.europesays.com\/pl\/wp-json\/wp\/v2\/users\/2"}],"replies":[{"embeddable":true,"href":"https:\/\/www.europesays.com\/pl\/wp-json\/wp\/v2\/comments?post=663084"}],"version-history":[{"count":0,"href":"https:\/\/www.europesays.com\/pl\/wp-json\/wp\/v2\/posts\/663084\/revisions"}],"wp:featuredmedia":[{"embeddable":true,"href":"https:\/\/www.europesays.com\/pl\/wp-json\/wp\/v2\/media\/663085"}],"wp:attachment":[{"href":"https:\/\/www.europesays.com\/pl\/wp-json\/wp\/v2\/media?parent=663084"}],"wp:term":[{"taxonomy":"category","embeddable":true,"href":"https:\/\/www.europesays.com\/pl\/wp-json\/wp\/v2\/categories?post=663084"},{"taxonomy":"post_tag","embeddable":true,"href":"https:\/\/www.europesays.com\/pl\/wp-json\/wp\/v2\/tags?post=663084"}],"curies":[{"name":"wp","href":"https:\/\/api.w.org\/{rel}","templated":true}]}}