{"id":663088,"date":"2026-09-02T19:34:29","date_gmt":"2026-09-02T19:34:29","guid":{"rendered":"https:\/\/www.europesays.com\/pl\/663088\/"},"modified":"2026-09-02T19:34:29","modified_gmt":"2026-09-02T19:34:29","slug":"informator-stolicy-koniec-wakacyjnych-remontow-rozpoczecie-jesiennych-prac","status":"publish","type":"post","link":"https:\/\/www.europesays.com\/pl\/663088\/","title":{"rendered":"Informator Stolicy &#8211; Koniec wakacyjnych remont\u00f3w. Rozpocz\u0119cie jesiennych prac"},"content":{"rendered":"<p style=\"text-align:justify\">Ostatniego dnia sierpnia przykr\u00f3cono ruch tramwajowy na Mo\u015bcie Poniatowskiego, p\u0119tli Winnica i w\u0119\u017ale przy Feminie. Drogowcy zako\u0144czyli te\u017c prace zwi\u0105zane z asfaltowaniem ul. Zakole oraz u\u0142o\u017ceniem nowej nawierzchni na kolejnym odcinku ul. Gr\u00f3jeckiej i Wis\u0142ostrady. Cz\u0119\u015b\u0107 remont\u00f3w b\u0119dzie kontynuowana i rozpoczynana tak\u017ce jesieni\u0105.<\/p>\n<p>Ruch tramwajowy<\/p>\n<p style=\"text-align:justify\">W czasie wakacji Warszawa zawsze przeprowadza najintensywniejsze prace remontowe. Zwi\u0105zane jest to przede wszystkim z mniejszym nat\u0119\u017ceniem ruchu spowodowanym wyjazdami urlopowymi, dzi\u0119ki czemu utrudnienia nie wp\u0142ywaj\u0105 w znaczny spos\u00f3b na mieszka\u0144c\u00f3w stolicy. Pasa\u017cerowie komunikacji miejskiej mog\u0105 ju\u017c korzysta\u0107 z przywr\u00f3conych tras tramwajowych na:<\/p>\n<p style=\"text-align:justify\">-ul. Gr\u00f3jeckiej, od Placu Zawiszy do Placu Narutowicza<\/p>\n<p style=\"text-align:justify\">-Alejach Jerozolimskich i Mo\u015bcie Poniatowskiego, od Placu Starynkiewicza do Ronda Waszyngtona (bez zatrzymania na przystanku Most Poniatowskiego)<\/p>\n<p style=\"text-align:justify\">-ul. \u015awiatowida, od Nowodwor\u00f3w do p\u0119tli Winnica<\/p>\n<p style=\"text-align:justify\">-skrzy\u017cowaniu przy Feminie (we wszystkich kierunkach)<\/p>\n<p style=\"text-align:justify\">Nale\u017cy pami\u0119ta\u0107, \u017ce koniec wakacji nie oznacza braku kolejnych remont\u00f3w. Na pocz\u0105tku wrze\u015bnia rusza przebudowa rozjazd\u00f3w na ul. Kaw\u0119czy\u0144skiej. Przez najbli\u017csze trzy tygodnie tramwaje nie b\u0119d\u0105 kursowa\u0107 do p\u0119tli w rejonie praskiej bazyliki. Za to w niedziel\u0119, 6 wrze\u015bnia zako\u0144cz\u0105 si\u0119 prace na przeje\u017adzie przez tory przy Alei Wilanowskiej. Do trzeciego tygodnia wrze\u015bnia drogowcy b\u0119d\u0105 modernizowa\u0107 torowiska na Al. Niepodleg\u0142o\u015bci. Nieco d\u0142u\u017cej, bo do listopada, potrwaj\u0105 roboty drogowe na Pu\u0142awskiej (od Metra Wilanowska do p\u0119tli Wy\u015bcigi).<\/p>\n<p>Remonty drogowe<\/p>\n<p style=\"text-align:justify\">O kwestii zako\u0144czenia, kontynuacji oraz rozpocz\u0119cia kolejnych remont\u00f3w warszawskich dr\u00f3g opowiedzia\u0142 Maciej Dziubi\u0144ski, rzecznik prasowy ZDM:<\/p>\n<p style=\"text-align:justify\">\u201eWakacje tradycyjnie wykorzystali\u015bmy na intensywne remonty ulic. W ci\u0105gu dw\u00f3ch miesi\u0119cy wyremontowali\u015bmy odcinki dr\u00f3g o \u0142\u0105cznej d\u0142ugo\u015bci niemal 9 kilometr\u00f3w. Prace obj\u0119\u0142y m.in.:<\/p>\n<p style=\"text-align:justify\">-ul. Spalinow\u0105,<\/p>\n<p style=\"text-align:justify\">-ul. Krajewskiego i Zaj\u0105czka,<\/p>\n<p style=\"text-align:justify\">-odcinek ul. Po\u0142czy\u0144skiej mi\u0119dzy Gierdziejewskiego a Lazurow\u0105,<\/p>\n<p style=\"text-align:justify\">-odcinek Al. Jerozolimskich mi\u0119dzy pl. Zawiszy a ul. Grzyma\u0142y-Soko\u0142owskiego,<\/p>\n<p style=\"text-align:justify\">-ul. W\u00f3lczy\u0144sk\u0105 mi\u0119dzy Estrady a W\u00f3ycickiego,<\/p>\n<p style=\"text-align:justify\">-ul. Egejsk\u0105 mi\u0119dzy \u015ar\u00f3dziemnomorsk\u0105 a \u015bw. Bonifacego,<\/p>\n<p style=\"text-align:justify\">-ul. Zakole wraz z p\u00f3\u0142nocn\u0105 cz\u0119\u015bci\u0105 ronda Wiatraczna,<\/p>\n<p style=\"text-align:justify\">-ul. Szaser\u00f3w mi\u0119dzy Garwoli\u0144sk\u0105 a Ch\u0142opickiego,<\/p>\n<p style=\"text-align:justify\">-zachodnie jezdnie Wybrze\u017ca Ko\u015bciuszkowskiego i Wybrze\u017ca Gdy\u0144skiego<\/p>\n<p style=\"text-align:justify\">W najbli\u017cszych tygodniach b\u0119dziemy kontynuowa\u0107 rozpocz\u0119te ju\u017c zadania oraz rozpoczyna\u0107 kolejne remonty. W planach s\u0105 m.in.:<\/p>\n<p style=\"text-align:justify\">-remont ca\u0142ej Al. Sztandar\u00f3w,<\/p>\n<p style=\"text-align:justify\">-doko\u0144czenie prac na rondzie Wiatraczna,<\/p>\n<p style=\"text-align:justify\">-kolejny odcinek ul. Szaser\u00f3w do ul. Makowskiej,<\/p>\n<p style=\"text-align:justify\">-remont jezdni serwisowej przy ul. Jagiello\u0144skiej,<\/p>\n<p style=\"text-align:justify\">-prace na ul. Szwole\u017cer\u00f3w, Madali\u0144skiego i Koszykowej wraz z remontami chodnik\u00f3w,<\/p>\n<p style=\"text-align:justify\">-asfaltowanie wschodnich jezdni Wybrze\u017ca Ko\u015bciuszkowskiego i Wybrze\u017ca Gdy\u0144skiego,<\/p>\n<p style=\"text-align:justify\">-pierwszy etap remontu ul. Ko\u015bciuszki mi\u0119dzy Dzieci Warszawy a Cierlick\u0105,<\/p>\n<p style=\"text-align:justify\">-rozpocz\u0119cie prac w Al. Stan\u00f3w Zjednoczonych po zako\u0144czeniu remontu ronda Wiatraczna.<\/p>\n<p style=\"text-align:justify\">Dodatkowo trwa procedura wyboru wykonawc\u00f3w w trzecim przetargu remontowym, co pozwoli uruchomi\u0107 kolejne zadania jeszcze tej jesieni.\u201d<\/p>\n<p style=\"text-align:justify\">fot. pexels<\/p>\n","protected":false},"excerpt":{"rendered":"Ostatniego dnia sierpnia przykr\u00f3cono ruch tramwajowy na Mo\u015bcie Poniatowskiego, p\u0119tli Winnica i w\u0119\u017ale przy Feminie. Drogowcy zako\u0144czyli te\u017c&hellip;\n","protected":false},"author":2,"featured_media":663089,"comment_status":"","ping_status":"","sticky":false,"template":"","format":"standard","meta":{"footnotes":"","_share_on_mastodon":"0"},"categories":[51605],"tags":[1854,42,38,40,39,41,9043,10539,435,33725],"class_list":["post-663088","post","type-post","status-publish","format-standard","has-post-thumbnail","category-warszawa","tag-drogi","tag-pl","tag-poland","tag-polish","tag-polska","tag-polski","tag-remonty","tag-tramwaje","tag-warszawa","tag-zdm"],"share_on_mastodon":{"url":"https:\/\/pubeurope.com\/@pl\/117203125208023360","error":""},"_links":{"self":[{"href":"https:\/\/www.europesays.com\/pl\/wp-json\/wp\/v2\/posts\/663088","targetHints":{"allow":["GET"]}}],"collection":[{"href":"https:\/\/www.europesays.com\/pl\/wp-json\/wp\/v2\/posts"}],"about":[{"href":"https:\/\/www.europesays.com\/pl\/wp-json\/wp\/v2\/types\/post"}],"author":[{"embeddable":true,"href":"https:\/\/www.europesays.com\/pl\/wp-json\/wp\/v2\/users\/2"}],"replies":[{"embeddable":true,"href":"https:\/\/www.europesays.com\/pl\/wp-json\/wp\/v2\/comments?post=663088"}],"version-history":[{"count":0,"href":"https:\/\/www.europesays.com\/pl\/wp-json\/wp\/v2\/posts\/663088\/revisions"}],"wp:featuredmedia":[{"embeddable":true,"href":"https:\/\/www.europesays.com\/pl\/wp-json\/wp\/v2\/media\/663089"}],"wp:attachment":[{"href":"https:\/\/www.europesays.com\/pl\/wp-json\/wp\/v2\/media?parent=663088"}],"wp:term":[{"taxonomy":"category","embeddable":true,"href":"https:\/\/www.europesays.com\/pl\/wp-json\/wp\/v2\/categories?post=663088"},{"taxonomy":"post_tag","embeddable":true,"href":"https:\/\/www.europesays.com\/pl\/wp-json\/wp\/v2\/tags?post=663088"}],"curies":[{"name":"wp","href":"https:\/\/api.w.org\/{rel}","templated":true}]}}