{"id":663090,"date":"2026-09-02T19:35:17","date_gmt":"2026-09-02T19:35:17","guid":{"rendered":"https:\/\/www.europesays.com\/pl\/663090\/"},"modified":"2026-09-02T19:35:17","modified_gmt":"2026-09-02T19:35:17","slug":"akcja-sluzb-w-warszawie-policja-sprawdzala-podejrzane-pakunki","status":"publish","type":"post","link":"https:\/\/www.europesays.com\/pl\/663090\/","title":{"rendered":"Akcja s\u0142u\u017cb w Warszawie. Policja sprawdza\u0142a podejrzane pakunki"},"content":{"rendered":"<p>Patrol stra\u017cy miejskiej zwr\u00f3ci\u0142 uwag\u0119 na paczki tu\u017c przed godz. 16.<\/p>\n<p>\u2014 Stra\u017c Miejska na \u0142awce ujawni\u0142a kilka pakunk\u00f3w z przewodami. Miejsce jest zabezpieczone przez policjant\u00f3w. Na miejscu pracuje te\u017c stra\u017c po\u017carna, pogotowie i stra\u017c miejska. Oczekujemy na przyjazd specjalistycznej jednostki, kt\u00f3ra stwierdzi, z czym mamy do czynienia \u2014 przekaza\u0142a portalowi Gazeta.pl Komenda Sto\u0142eczna Policji.<\/p>\n<p><a href=\"https:\/\/www.onet.pl\/\" title=\"Strona G\u0142\u00f3wna\" aria-label=\"Strona G\u0142\u00f3wna\" data-astro-prefetch=\"tap\" class=\"ods-a-logo-main-desktop\" rel=\"nofollow noopener\" target=\"_blank\"><img src=\"https:\/\/cdn.wiadomosci.onet.pl\/img\/Logo_desktop_Onet.svg\" class=\"ods-a-logo-main-desktop__image\" alt=\"Logo\" width=\"107\" height=\"60\" fetchpriority=\"high\" decoding=\"sync\" style=\"height:60px\"\/><\/a><\/p>\n<p class=\"ods-m-google-article__text\">Czytaj nas cz\u0119\u015bciej w Google<\/p>\n<p><a href=\"https:\/\/google.com\/preferences\/source?q=wiadomosci.onet.pl\" target=\"_blank\" rel=\"noopener noreferrer nofollow\" aria-label=\"Dodaj w Google\" title=\"Dodaj w Google\" class=\"ods-a-button ods-a-button__primary ods-a-button__default ods-a-button-l\">Dodaj w Google<\/a><\/p>\n<p>Jak czytamy, teren zosta\u0142 odgrodzony ta\u015bmami, a z ruchu wy\u0142\u0105czony zosta\u0142 fragment ulicy \u017bupniczej niedaleko Dworca Wschodniego. TVN24 precyzuje, \u017ce ulica zosta\u0142a zamkni\u0119ta w obu kierunkach, zar\u00f3wno dla samochod\u00f3w, jak i pieszych. Na miejscu pojawi\u0142 si\u0119 oddzia\u0142 saper\u00f3w.<\/p>\n<p>W zwi\u0105zku ze zdarzeniem wyst\u0105pi\u0142y utrudnienia w kursowaniu autobus\u00f3w linii 102, 123, 173 i 202. Autobusy zosta\u0142y skierowane na objazdy.<\/p>\n<p>Dzia\u0142ania skupiaj\u0105 si\u0119 na polanie i boisku obok ulicy \u017bupniczej \u2014 relacjonowa\u0142 reporter TVN24. \u2014 Zdarzenie budzi du\u017ce zainteresowanie przechodni\u00f3w i ludzi na balkonach budynk\u00f3w wok\u00f3\u0142 \u2014 dodawa\u0142.<\/p>\n<p>Po przeprowadzeniu rozpoznania s\u0142u\u017cby ustali\u0142y, \u017ce znajduj\u0105ce si\u0119 na \u0142awce przedmioty nie stanowi\u0142y zagro\u017cenia. By\u0142y to \u2014 jak przekaza\u0142a policja \u2014 p\u0142askie baterie.<\/p>\n<p>Oto najbardziej niebezpieczne drogi w Polsce. Sprawd\u017a swoj\u0105 okolic\u0119<img class=\"ods-a-photo ods-a-photo--background\" src=\"https:\/\/www.europesays.com\/pl\/wp-content\/uploads\/2026\/09\/295k9lBaHR0cHM6Ly9vY2RuLmV1L3B1bHNjbXMvTURBXy9iYTRjZjcyNzMwNDBmNGI5YWY0ODRmYTYzMTVkOGRkMy5wbmeRlQLNA.jpeg\" height=\"253\" width=\"450\" alt=\"Mapa Ryzyka\" loading=\"lazy\" fetchpriority=\"low\" decoding=\"async\"\/><\/p>\n","protected":false},"excerpt":{"rendered":"Patrol stra\u017cy miejskiej zwr\u00f3ci\u0142 uwag\u0119 na paczki tu\u017c przed godz. 16. \u2014 Stra\u017c Miejska na \u0142awce ujawni\u0142a kilka&hellip;\n","protected":false},"author":2,"featured_media":663091,"comment_status":"","ping_status":"","sticky":false,"template":"","format":"standard","meta":{"footnotes":"","_share_on_mastodon":"0"},"categories":[51605],"tags":[61195,48,46,42,38,414,40,39,41,47,2267,435],"class_list":["post-663090","post","type-post","status-publish","format-standard","has-post-thumbnail","category-warszawa","tag-bottomfeed_styl","tag-nat_styl","tag-omp","tag-pl","tag-poland","tag-policja","tag-polish","tag-polska","tag-polski","tag-screening_general","tag-straz_miejska","tag-warszawa"],"share_on_mastodon":{"url":"","error":""},"_links":{"self":[{"href":"https:\/\/www.europesays.com\/pl\/wp-json\/wp\/v2\/posts\/663090","targetHints":{"allow":["GET"]}}],"collection":[{"href":"https:\/\/www.europesays.com\/pl\/wp-json\/wp\/v2\/posts"}],"about":[{"href":"https:\/\/www.europesays.com\/pl\/wp-json\/wp\/v2\/types\/post"}],"author":[{"embeddable":true,"href":"https:\/\/www.europesays.com\/pl\/wp-json\/wp\/v2\/users\/2"}],"replies":[{"embeddable":true,"href":"https:\/\/www.europesays.com\/pl\/wp-json\/wp\/v2\/comments?post=663090"}],"version-history":[{"count":0,"href":"https:\/\/www.europesays.com\/pl\/wp-json\/wp\/v2\/posts\/663090\/revisions"}],"wp:featuredmedia":[{"embeddable":true,"href":"https:\/\/www.europesays.com\/pl\/wp-json\/wp\/v2\/media\/663091"}],"wp:attachment":[{"href":"https:\/\/www.europesays.com\/pl\/wp-json\/wp\/v2\/media?parent=663090"}],"wp:term":[{"taxonomy":"category","embeddable":true,"href":"https:\/\/www.europesays.com\/pl\/wp-json\/wp\/v2\/categories?post=663090"},{"taxonomy":"post_tag","embeddable":true,"href":"https:\/\/www.europesays.com\/pl\/wp-json\/wp\/v2\/tags?post=663090"}],"curies":[{"name":"wp","href":"https:\/\/api.w.org\/{rel}","templated":true}]}}