{"id":663106,"date":"2026-09-02T19:43:15","date_gmt":"2026-09-02T19:43:15","guid":{"rendered":"https:\/\/www.europesays.com\/pl\/663106\/"},"modified":"2026-09-02T19:43:15","modified_gmt":"2026-09-02T19:43:15","slug":"akt-sabotazu-w-polsce-byly-wiceszef-mon-punktuje-rzad","status":"publish","type":"post","link":"https:\/\/www.europesays.com\/pl\/663106\/","title":{"rendered":"Akt sabota\u017cu w Polsce. By\u0142y wiceszef MON punktuje rz\u0105d"},"content":{"rendered":"\n<p>&#13;<br \/>\nW ostatnich dniach dosz\u0142o do\u00a0po\u017car\u00f3w w\u00a0Polsce. W\u00a0nocy z\u00a0niedzieli na\u00a0poniedzia\u0142ek \u2013\u00a0w\u00a0zak\u0142adzie Grupy WB produkuj\u0105cym systemy bezza\u0142ogowe w\u00a0Skar\u017cysku-Kamiennej oraz\u00a0w\u00a0niedziel\u0119 \u2013\u00a0w\u00a0hali produkcyjno-magazynowej firmy JFG Composites w\u00a0Lublinie, produkuj\u0105cym elementy do\u00a0budowy obiekt\u00f3w lataj\u0105cych. &#13;\n<\/p>\n<p>Akt sabota\u017cu w\u00a0Skar\u017cysku-Kamiennej<\/p>\n<p>&#13;<br \/>\nPremier Donald Tusk powiedzia\u0142 w\u00a0\u015brod\u0119 przed posiedzeniem rz\u0105du, \u017ce\u00a0&#8222;je\u015bli chodzi o\u00a0po\u017cary w\u00a0dw\u00f3ch zak\u0142adach \u2013\u00a0w\u00a0Lublinie i\u00a0w\u00a0Skar\u017cysku-Kamiennej \u2013\u00a0to\u00a0w\u00a0przypadku Skar\u017cyska-Kamiennej nie\u00a0ma\u00a0\u017cadnych w\u0105tpliwo\u015bci, \u017ce\u00a0dosz\u0142o do\u00a0celowego podpalenia, czyli <a href=\"https:\/\/dorzeczy.pl\/opinie\/937162\/pozar-w-skarzysku-kamiennej-tusk-akt-sabotazu.html\" rel=\"nofollow noopener\" target=\"_blank\">do aktu sabota\u017cu&#8221;.<\/a> \u2013\u00a0W\u00a0przypadku Lublina nie\u00a0mamy tego typu dowod\u00f3w, ale\u00a0nie mo\u017cna wykluczy\u0107, bior\u0105c pod\u00a0uwag\u0119 tak\u017ce charakter produkcji, \u017ce\u00a0tam r\u00f3wnie\u017c dosz\u0142o do\u00a0celowego podpalenia \u2013\u00a0doda\u0142. &#13;\n<\/p>\n<p>Tusk ostrzega\u0142 przed atakiem Rosji na\u00a0cz\u0142onka NATO<\/p>\n<p>&#13;<br \/>\nJu\u017c w\u00a0kwietniu premier Donald Tusk udzieli\u0142 wywiadu &#8222;Financial Times&#8221;, w\u00a0kt\u00f3rym ostrzeg\u0142, \u017ce\u00a0Rosja mo\u017ce zaatakowa\u0107 cz\u0142onka Sojuszu P\u00f3\u0142nocnoatlantyckiego w\u00a0perspektywie &#8222;raczej miesi\u0119cy ni\u017c\u00a0lat&#8221;. O\u00a0tym samym pisa\u0142 kilka dni temu na\u00a0platformie X po\u00a0rozmowie z\u00a0sekretarzem generalnym NATO Markiem Rutte. &#13;\n<\/p>\n<p>&#13;<br \/>\n<a href=\"https:\/\/dorzeczy.pl\/swiat\/937249\/atak-na-lotnisko-w-lipsku-zidentyfikowano-sprawcow.html\" rel=\"nofollow noopener\" target=\"_blank\">Akty sabota\u017cu w\u00a0ostatnim czasie zdarzaj\u0105 si\u0119 te\u017c w\u00a0Niemczech.<\/a> &#13;\n<\/p>\n<p>Czy pa\u0144stwo jest przygotowane do\u00a0akt\u00f3w sabota\u017cu i\u00a0prowokacji?<\/p>\n<p>&#13;<br \/>\nWojciech Skurkiewicz, by\u0142y wiceszef MON, senator PiS, pytany o\u00a0to, jak pa\u0144stwo polskie jest przygotowane do\u00a0akt\u00f3w sabota\u017cu, ale\u00a0te\u017c prowokacji, jakim mog\u0142a by\u0107 rosyjska rakieta, kt\u00f3ra pod\u00a0koniec lipca spad\u0142a na\u00a0Lubelszczy\u017anie, odpowiedzia\u0142, \u017ce\u00a0jest wiadome, \u017ce\u00a0Rosja ju\u017c testuje i\u00a0b\u0119d\u0105 tego typu dzia\u0142ania prowadzone w\u00a0r\u00f3\u017cnych obszarach. \u2013\u00a0Nie\u00a0tylko w\u00a0obszarach zwi\u0105zanych z\u00a0infrastruktur\u0105 krytyczn\u0105, infrastruktur\u0105 kolejow\u0105, drogow\u0105, ale\u00a0r\u00f3wnie\u017c je\u017celi chodzi o\u00a0obiekty strategiczne i\u00a0obiekty szczeg\u00f3lnie wra\u017cliwe \u2013\u00a0doda\u0142. &#13;\n<\/p>\n<p>&#13;<br \/>\nZdaniem senatora PiS &#8222;dlatego te\u017c polskie s\u0142u\u017cby i\u00a0stosowne ministerstwa, ale\u00a0przede wszystkim sam premier, powinien w\u00a0spos\u00f3b szczeg\u00f3lny podejmowa\u0107 dzia\u0142ania, aby\u00a0przeciwdzia\u0142a\u0107 tego typu zagro\u017ceniom&#8221;. &#13;\n<\/p>\n<p>&#13;<br \/>\n\u2013 Je\u017celi dzisiaj s\u0142ysz\u0119, \u017ce\u00a0w\u00a0Skar\u017cysku-Kamiennej, gdzie produkowane s\u0105 elementy dron\u00f3w wykorzystywanych m.in. na\u00a0Ukrainie, cho\u0107 to\u00a0jest firma z\u00a0wi\u0119kszo\u015bciowym udzia\u0142em prywatnym, to\u00a0niemniej, je\u017celi s\u0142ysz\u0119, \u017ce\u00a0mo\u017ce jedna, a\u00a0mo\u017ce nawet dwie osoby zamaskowane mog\u0142y wej\u015b\u0107 na\u00a0teren tego zak\u0142adu i\u00a0doprowadzi\u0107 do\u00a0akt\u00f3w sabota\u017cu, to\u00a0jestem po\u00a0prostu przera\u017cony i\u00a0jestem zdumiony, \u017ce\u00a0zabezpieczenie tego typu obiekt\u00f3w jest niewystarczaj\u0105ce. To\u00a0musi by\u0107 jak najszybciej zmienione. Dotyczy to\u00a0obiekt\u00f3w wojskowych i\u00a0obiekt\u00f3w szczeg\u00f3lnie wra\u017cliwych i\u00a0krytycznych, ale\u00a0r\u00f3wnie\u017c i\u00a0obiekt\u00f3w, kt\u00f3re s\u0105 wykorzystywane przez polski przemys\u0142 zbrojeniowy, skupiony w\u00a0ramach Polskiej Grupy Zbrojeniowej, jak r\u00f3wnie\u017c podmiot\u00f3w prywatnych \u2013\u00a0wyja\u015bni\u0142. &#13;\n<\/p>\n<p>&#13;<br \/>\nWojciech Skurkiewicz zauwa\u017cy\u0142, \u017ce\u00a0&#8222;nie mo\u017cemy sobie pozwoli\u0107 na\u00a0jakiekolwiek zaniedbania czy\u00a0jakikolwiek margines b\u0142\u0119du, bo\u00a0to mo\u017ce by\u0107 dla\u00a0nas z\u0142udne&#8221;. &#13;\n<\/p>\n<p>&#8222;Rosja prowadzi z\u00a0Polsk\u0105 wojn\u0119 hybrydow\u0105 od\u00a0wielu lat&#8221;<\/p>\n<p>&#13;<br \/>\nPytany, czy\u00a0Rosja prowadzi z\u00a0nami wojn\u0119 hybrydow\u0105, odpowiedzia\u0142, \u017ce\u00a0ju\u017c od\u00a0wielu lat. &#13;\n<\/p>\n<p>&#13;<br \/>\n\u2013 Ju\u017c od\u00a02021 roku, kiedy to\u00a0Putin i\u00a0\u0141ukaszenka wykorzystali migrant\u00f3w do\u00a0destabilizacji wschodniej flanki NATO i\u00a0naszej granicy. Dzia\u0142ania, kt\u00f3re by\u0142y podj\u0119te w\u00a02021 roku i\u00a0decyzje polskiego rz\u0105du, by\u0142ego szefa MON Mariusza B\u0142aszczaka i\u00a0by\u0142ego prezydenta Andrzeja Dudy, dotycz\u0105ce tego, aby\u00a0u\u017cy\u0107 Wojska Polskiego do\u00a0wsparcia Stra\u017cy Granicznej do\u00a0ochrony granic, odbywa\u0142o si\u0119 na\u00a0wniosek by\u0142ego szefa MSWiA Mariusza Kami\u0144skiego i\u00a0absolutnie to\u00a0by\u0142o wa\u017cne i\u00a0to trwa do\u00a0dzi\u015b \u2013\u00a0m\u00f3wi\u0142. &#13;\n<\/p>\n<p>&#13;<br \/>\nWojciech Skurkiewicz wymieni\u0142 r\u00f3wnie\u017c prowokacje, kt\u00f3re s\u0105 prowadzone na\u00a0Ba\u0142tyku oraz\u00a0w\u00a0przestrzeni powietrznej Sojuszu P\u00f3\u0142nocnoatlantyckiego. &#13;\n<\/p>\n<p>&#13;<br \/>\n\u2013 Musimy przede wszystkim stworzy\u0107 potencja\u0142, kt\u00f3ry b\u0119dzie odstrasza\u0142 Rosj\u0119 od\u00a0tego typu dzia\u0142a\u0144. Je\u017celi dzisiaj okazuje si\u0119, \u017ce\u00a0drony rosyjskie wlatuj\u0105 w\u00a0polsk\u0105 przestrze\u0144 powietrzn\u0105, \u017ce\u00a0rakiety rosyjskie wlatuj\u0105 w\u00a0polsk\u0105 przestrze\u0144 powietrzn\u0105 i\u00a0tutaj nie\u00a0ma\u00a0reakcji z\u00a0naszej strony wprost, reakcji kinetycznej i\u00a0one nie\u00a0s\u0105 zestrzelone, to\u00a0takie dzia\u0142anie rozzuchwala i\u00a0Rosja b\u0119dzie sz\u0142a o\u00a0kolejny krok, kolejny krok i\u00a0kolejny krok dalej, a\u017c\u00a0doprowadzi to, nie\u00a0daj Bo\u017ce, do\u00a0nieszcz\u0119\u015bcia \u2013\u00a0powiedzia\u0142. &#13;\n<\/p>\n<p>Dzia\u0142ania Rosji b\u0119d\u0105 si\u0119 nasila\u0107?<\/p>\n<p>&#13;<br \/>\nBy\u0142y wiceszef MON pytany, czy\u00a0dzia\u0142ania Rosji mog\u0105 si\u0119 nasila\u0107, odpowiedzia\u0142, i\u017c\u00a0jest przekonany, \u017ce\u00a0to\u00a0ju\u017c jest w\u00a0takim stadium, \u017ce\u00a0jest to\u00a0olbrzymie zagro\u017cenie dla\u00a0nas. &#13;\n<\/p>\n<p>&#13;<br \/>\n\u2013 Prawdopodobnie b\u0119dzie si\u0119 nasila\u0107, je\u017celi nie\u00a0b\u0119dzie adekwatnej odpowiedzi z\u00a0naszej strony. Je\u017celi stworzyli\u015bmy podstawy prawne do\u00a0tego, \u017ceby unieszkodliwia\u0107 r\u00f3\u017cnego typu obiekty, kt\u00f3re nieautoryzowane wkraczaj\u0105 w\u00a0polsk\u0105 przestrze\u0144 powietrzn\u0105, a\u00a0za czas\u00f3w rz\u0105d\u00f3w PiS upro\u015bcili\u015bmy procedury, to\u00a0absolutnie powinny by\u0107 podejmowane tego typu dzia\u0142ania. Za\u00a0ka\u017cdym razem Rosja idzie o\u00a0krok dalej, krok dalej i\u00a0jeszcze krok dalej, sprawdzaj\u0105c nasze przygotowanie oraz\u00a0sprawdzaj\u0105c nasz\u0105 odporno\u015b\u0107, r\u00f3wnie\u017c na\u00a0r\u00f3\u017cnego rodzaju zagro\u017cenia \u2013\u00a0doda\u0142. &#13;\n<\/p>\n<p>&#13;<br \/>\n   Czytaj te\u017c:<br \/><a href=\"https:\/\/dorzeczy.pl\/opinie\/937162\/pozar-w-skarzysku-kamiennej-tusk-akt-sabotazu.html\" rel=\"follow nofollow noopener\" data-schema=\"DORZECZY\" data-image=\"https:\/\/img.dorzeczy.pl\/_thumb\/1e\/c5\/4844474783902dd4ff4d55ed0a1f.jpeg\" target=\"_blank\">&#8222;Dosz\u0142o do\u00a0aktu sabota\u017cu&#8221;. Donald Tusk oskar\u017ca Rosj\u0119<\/a>   Czytaj te\u017c:<br \/><a href=\"https:\/\/dorzeczy.pl\/swiat\/937249\/atak-na-lotnisko-w-lipsku-zidentyfikowano-sprawcow.html\" rel=\"follow nofollow noopener\" data-schema=\"DORZECZY\" data-image=\"https:\/\/img.dorzeczy.pl\/_thumb\/df\/de\/fbd0ed2767235117910257db7152.jpeg\" target=\"_blank\">Atak na\u00a0lotnisko w\u00a0Lipsku. Zidentyfikowano sprawc\u00f3w<\/a> &#13;<\/p>\n","protected":false},"excerpt":{"rendered":"&#13; W ostatnich dniach dosz\u0142o do\u00a0po\u017car\u00f3w w\u00a0Polsce. W\u00a0nocy z\u00a0niedzieli na\u00a0poniedzia\u0142ek \u2013\u00a0w\u00a0zak\u0142adzie Grupy WB produkuj\u0105cym systemy bezza\u0142ogowe w\u00a0Skar\u017cysku-Kamiennej oraz\u00a0w\u00a0niedziel\u0119&hellip;\n","protected":false},"author":2,"featured_media":663107,"comment_status":"","ping_status":"","sticky":false,"template":"","format":"standard","meta":{"footnotes":"","_share_on_mastodon":"0"},"categories":[62713],"tags":[128899,1345,98,49,8136,1587,102,87,116418,18456,14099,2846,76579,19895],"class_list":["post-663106","post","type-post","status-publish","format-standard","has-post-thumbnail","category-donald-tusk","tag-akt-sabotazu","tag-donald-tusk","tag-dorzeczy","tag-kraj","tag-lidia-lemaniak","tag-mon","tag-opinie","tag-rosja","tag-rosyjska-rakieta","tag-sabotaz","tag-skarzysko-kamienna","tag-tylko-na-dorzeczy-pl","tag-wojciech-skurkiewicz","tag-wojna-hybrydowa"],"share_on_mastodon":{"url":"https:\/\/pubeurope.com\/@pl\/117203160476136938","error":""},"_links":{"self":[{"href":"https:\/\/www.europesays.com\/pl\/wp-json\/wp\/v2\/posts\/663106","targetHints":{"allow":["GET"]}}],"collection":[{"href":"https:\/\/www.europesays.com\/pl\/wp-json\/wp\/v2\/posts"}],"about":[{"href":"https:\/\/www.europesays.com\/pl\/wp-json\/wp\/v2\/types\/post"}],"author":[{"embeddable":true,"href":"https:\/\/www.europesays.com\/pl\/wp-json\/wp\/v2\/users\/2"}],"replies":[{"embeddable":true,"href":"https:\/\/www.europesays.com\/pl\/wp-json\/wp\/v2\/comments?post=663106"}],"version-history":[{"count":0,"href":"https:\/\/www.europesays.com\/pl\/wp-json\/wp\/v2\/posts\/663106\/revisions"}],"wp:featuredmedia":[{"embeddable":true,"href":"https:\/\/www.europesays.com\/pl\/wp-json\/wp\/v2\/media\/663107"}],"wp:attachment":[{"href":"https:\/\/www.europesays.com\/pl\/wp-json\/wp\/v2\/media?parent=663106"}],"wp:term":[{"taxonomy":"category","embeddable":true,"href":"https:\/\/www.europesays.com\/pl\/wp-json\/wp\/v2\/categories?post=663106"},{"taxonomy":"post_tag","embeddable":true,"href":"https:\/\/www.europesays.com\/pl\/wp-json\/wp\/v2\/tags?post=663106"}],"curies":[{"name":"wp","href":"https:\/\/api.w.org\/{rel}","templated":true}]}}