{"id":663178,"date":"2026-09-02T20:26:09","date_gmt":"2026-09-02T20:26:09","guid":{"rendered":"https:\/\/www.europesays.com\/pl\/663178\/"},"modified":"2026-09-02T20:26:09","modified_gmt":"2026-09-02T20:26:09","slug":"kolejny-pilkarz-slaska-wroclaw-zagra-w-holandii","status":"publish","type":"post","link":"https:\/\/www.europesays.com\/pl\/663178\/","title":{"rendered":"Kolejny pi\u0142karz \u015al\u0105ska Wroc\u0142aw zagra w Holandii"},"content":{"rendered":"<p>Micha\u0142 Rosiak do zespo\u0142u z Wroc\u0142awia trafi\u0142 niemal r\u00f3wno rok temu z Arsenalu Londyn<\/p>\n<p>fot. Adriana Ficek\/slaskwroclaw.pl <\/p>\n<p>Micha\u0142 Rosiak na zasadzie transferu got\u00f3wkowego przeszed\u0142 z dru\u017cyny WKS-u do Twente Enschede. Prawy obro\u0144ca (wahad\u0142owy) podpisa\u0142 w Holandii kontrakt do czerwca 2030 roku.<\/p>\n<p style=\"text-align: justify;\">Twente o 20-letniego zawodnika stara\u0142o si\u0119 jeszcze przed startem sezonu, ale w\u00f3wczas kluby nie dosz\u0142y do porozumienia w kwestii kwoty odst\u0119pnego. W ostatnim dniu okienka transferowego w lidze holenderskiej \u015al\u0105sk poinformowa\u0142, \u017ce pi\u0142karz zosta\u0142 sprzedany.<\/p>\n<p style=\"text-align: justify;\">Rosiak do 1-ligowego w\u00f3wczas zespo\u0142u z Wroc\u0142awia trafi\u0142 niemal r\u00f3wno rok temu z Arsenalu Londyn i z marszu sta\u0142 si\u0119 wa\u017cn\u0105 postaci\u0105 ekipy trenera Ante Simundzy, kt\u00f3ra p\u00f3\u017aniej wywalczy\u0142a awans do Ekstraklasy. W tym sezonie wahad\u0142owy zagra\u0142 w sze\u015bciu meczach w najwy\u017cszej klasie rozgrywkowej, a w sumie barwy \u015al\u0105ska reprezentowa\u0142 w 30 spotkaniach, w kt\u00f3rych strzeli\u0142 cztery gole i do\u0142o\u017cy\u0142 dwie asysty.<\/p>\n<p style=\"text-align: justify;\">Nie jest to jedyny zawodnik \u015al\u0105ska, kt\u00f3ry tego lata do\u0142\u0105czy\u0142 do Twente. Wcze\u015bniej &#8211; po wyga\u015bni\u0119ciu kontraktu &#8211; do klubu z holenderskiej ekstraklasy przeni\u00f3s\u0142 si\u0119 lewy obro\u0144ca WKS-u Krzysztof Kurowski.<\/p>\n<p>\u00a0<\/p>\n","protected":false},"excerpt":{"rendered":"Micha\u0142 Rosiak do zespo\u0142u z Wroc\u0142awia trafi\u0142 niemal r\u00f3wno rok temu z Arsenalu Londyn fot. Adriana Ficek\/slaskwroclaw.pl Micha\u0142&hellip;\n","protected":false},"author":2,"featured_media":663179,"comment_status":"","ping_status":"","sticky":false,"template":"","format":"standard","meta":{"footnotes":"","_share_on_mastodon":"0"},"categories":[51607],"tags":[128914,59970,10836,42,38,40,39,41,51722,31600,1853,53098],"class_list":["post-663178","post","type-post","status-publish","format-standard","has-post-thumbnail","category-wroclaw","tag-holandii","tag-kolejny","tag-pilkarz","tag-pl","tag-poland","tag-polish","tag-polska","tag-polski","tag-slaska","tag-w","tag-wroclaw","tag-zagra"],"share_on_mastodon":{"url":"https:\/\/pubeurope.com\/@pl\/117203329948537039","error":""},"_links":{"self":[{"href":"https:\/\/www.europesays.com\/pl\/wp-json\/wp\/v2\/posts\/663178","targetHints":{"allow":["GET"]}}],"collection":[{"href":"https:\/\/www.europesays.com\/pl\/wp-json\/wp\/v2\/posts"}],"about":[{"href":"https:\/\/www.europesays.com\/pl\/wp-json\/wp\/v2\/types\/post"}],"author":[{"embeddable":true,"href":"https:\/\/www.europesays.com\/pl\/wp-json\/wp\/v2\/users\/2"}],"replies":[{"embeddable":true,"href":"https:\/\/www.europesays.com\/pl\/wp-json\/wp\/v2\/comments?post=663178"}],"version-history":[{"count":0,"href":"https:\/\/www.europesays.com\/pl\/wp-json\/wp\/v2\/posts\/663178\/revisions"}],"wp:featuredmedia":[{"embeddable":true,"href":"https:\/\/www.europesays.com\/pl\/wp-json\/wp\/v2\/media\/663179"}],"wp:attachment":[{"href":"https:\/\/www.europesays.com\/pl\/wp-json\/wp\/v2\/media?parent=663178"}],"wp:term":[{"taxonomy":"category","embeddable":true,"href":"https:\/\/www.europesays.com\/pl\/wp-json\/wp\/v2\/categories?post=663178"},{"taxonomy":"post_tag","embeddable":true,"href":"https:\/\/www.europesays.com\/pl\/wp-json\/wp\/v2\/tags?post=663178"}],"curies":[{"name":"wp","href":"https:\/\/api.w.org\/{rel}","templated":true}]}}