{"id":663206,"date":"2026-09-02T20:41:13","date_gmt":"2026-09-02T20:41:13","guid":{"rendered":"https:\/\/www.europesays.com\/pl\/663206\/"},"modified":"2026-09-02T20:41:13","modified_gmt":"2026-09-02T20:41:13","slug":"wojewodzki-chcial-zakpic-z-chajzera-chodzilo-o-slowa-o-nawrockim","status":"publish","type":"post","link":"https:\/\/www.europesays.com\/pl\/663206\/","title":{"rendered":"Wojew\u00f3dzki chcia\u0142 zakpi\u0107 z Chajzera. Chodzi\u0142o o s\u0142owa o Nawrockim"},"content":{"rendered":"\n<p>&#13;<br \/>\n\u2013 To\u00a0jest tak ch***we, Kuba, \u017ce\u00a0k**wa, to\u00a0jest poni\u017cej krytyki \u2013\u00a0odpowiedzia\u0142 by\u0142y gwiazdor TVN. &#13;\n<\/p>\n<p>Chajzer: Nasz nowy prezydent jest super<\/p>\n<p>&#13;<br \/>\nWojew\u00f3dzki zadaj\u0105c Chajzerowi pytanie o\u00a0prezydenta Nawrockiego nawi\u0105za\u0142 do\u00a0kilku publicznych wypowiedzi by\u0142ego gwiazdora TVN, kt\u00f3rych ten udzieli\u0142 tu\u017c po\u00a0wyborach prezydenckich w\u00a02025 roku. Jednak z\u00a0nich mia\u0142a miejsce tu\u017c po\u00a0stwierdzeniu przez S\u0105d Najwy\u017cszy wa\u017cno\u015bci wybor\u00f3w prezydenckich. Chajzer zamie\u015bci\u0142 w\u00f3wczas wpis w\u00a0mediach spo\u0142eczno\u015bciowych, w\u00a0kt\u00f3rym pogratulowa\u0142 prezydentowi elektowi. &#8222;Wiem, \u017ce\u00a0wyleje si\u0119 na\u00a0mnie hejt. Trudno. Uwa\u017cam, \u017ce\u00a0nasz nowy prezydent jest super. Gratuluj\u0119 i\u00a0kibicuj\u0119!&#8221; \u2013\u00a0napisa\u0142. &#13;\n<\/p>\n<p>&#13;<br \/>\nKilka dni p\u00f3\u017aniej Chajzer ponownie wspomnia\u0142 o\u00a0Nawrockim. W\u00a0rozmowie dotycz\u0105cej prowadzonego przez siebie biznesu gastronomicznego przyzna\u0142, \u017ce\u00a0chcia\u0142by pocz\u0119stowa\u0107 go\u00a0swoim kebabem. \u2013\u00a0To\u00a0by\u00a0by\u0142o spe\u0142nienie marze\u0144. To\u00a0jest g\u0142owa pa\u0144stwa, najwa\u017cniejszy cz\u0142owiek w\u00a0pa\u0144stwie. Je\u015bli jemu m\u00f3j kebab by\u00a0smakowa\u0142, by\u0142bym w\u00a0si\u00f3dmym niebie \u2013\u00a0powiedzia\u0142. &#13;\n<\/p>\n<p>Wojew\u00f3dzki: By\u0142e\u015b pod\u00a0wp\u0142ywem \u015brodk\u00f3w?<\/p>\n<p>&#13;<br \/>\nDo sprawy wr\u00f3ci\u0142 Kuba Wojew\u00f3dzki podczas wtorkowej rozmowy z\u00a0Chajzerem. \u2013\u00a0A\u00a0czy by\u0142e\u015b pod\u00a0wp\u0142ywem \u015brodk\u00f3w, jak twierdzi\u0142e\u015b, \u017ce\u00a0Karol Nawrocki to\u00a0jest tw\u00f3j prezydent? \u2013\u00a0zapyta\u0142. \u2013\u00a0Ale\u00a0to\u00a0jest bardzo ch***wy \u017cart \u2013\u00a0odpowiedzia\u0142 Chajzer. Na\u00a0to\u00a0Wojew\u00f3dzki stwierdzi\u0142, \u017ce\u00a0nie \u017cartuje, tylko zadaje pytanie. \u2013\u00a0Nie, nie, to\u00a0jest tak ch***we, Kuba, \u017ce\u00a0k**wa, to\u00a0jest poni\u017cej krytyki \u2013\u00a0odpowiedzia\u0142 Chajzer. &#13;\n<\/p>\n<p>&#13;<br \/>\n\u2013 Pytasz mnie, czy\u00a0by\u0142em pod\u00a0wp\u0142ywem narkotyk\u00f3w, kiedy powiedzia\u0142em: \u201ePowodzenia panu prezydentowi Rzeczypospolitej Polskiej\u201d. Po\u00a0pierwsze, to\u00a0jest prezydent kraju, w\u00a0kt\u00f3rym \u017cyjesz, tak wi\u0119c hola, hola \u2013\u00a0argumentowa\u0142 Chajzer. &#13;\n<\/p>\n<p>&#13;<br \/>\nWojew\u00f3dzki t\u0142umaczy\u0142 jednak, \u017ce\u00a0pr\u00f3buje ustali\u0107, czy\u00a0w\u00a0\u017cyciu Chajzera pada\u0142y deklaracje, kt\u00f3rych dzisiaj by\u00a0nie powt\u00f3rzy\u0142. Zapyta\u0142 r\u00f3wnie\u017c, czy\u00a0Nawrocki jest wed\u0142ug niego \u201enajlepszym prezydentem po\u00a089 roku\u201d. \u2013\u00a0Rozmawiasz z\u00a0facetem, kt\u00f3ry \u017cyczy\u0142 powodzenia w\u00a0prezydenturze wybranemu w\u00a0pi\u0119cioprzymiotnikowych wyborach prezydentowi Polski. Kropka \u2013\u00a0opowiedzia\u0142 mu Chajzer. &#13;\n<\/p>\n<p>Chajzer: Jest te\u017c twoim prezydentem<\/p>\n<p>&#13;<br \/>\nWojew\u00f3dzki kontynuowa\u0142 jednak temat. \u2013\u00a0Jest dzisiaj twoim prezydentem? \u2013\u00a0zapyta\u0142. \u2013\u00a0Jest te\u017c twoim prezydentem \u2013\u00a0odpowiedzia\u0142 Chajzer. \u2013\u00a0Nie, moim nie\u00a0jest \u2013\u00a0stwierdzi\u0142 prowadz\u0105cy. Chajzer zapyta\u0142 nast\u0119pnie Wojew\u00f3dzkiego, czy\u00a0ma\u00a0polski paszport, a\u00a0potem m\u00f3wi\u0142 o\u00a0walce kolejnych pokole\u0144 Polak\u00f3w o\u00a0demokracj\u0119. \u2013\u00a0Pokolenia walczy\u0142y o\u00a0demokracj\u0119 w\u00a0Polsce. Pokolenia. Rozbiory. Powstanie warszawskie. Solidarno\u015b\u0107. Ludzie \u017cycie oddawali za\u00a0to, \u017ceby\u015b m\u00f3g\u0142 p\u00f3j\u015b\u0107 na\u00a0wybory, Kuba \u2013\u00a0powiedzia\u0142. &#13;\n<\/p>\n<p>&#13;<br \/>\nWojew\u00f3dzki odpowiedzia\u0142, \u017ce\u00a0udzia\u0142 w\u00a0wyborach nie\u00a0oznacza, i\u017c\u00a0musi zgadza\u0107 si\u0119 z\u00a0wol\u0105 wi\u0119kszo\u015bci. \u2013\u00a0I\u00a0mog\u0142em p\u00f3j\u015b\u0107 na\u00a0wybory i\u00a0mog\u0142em si\u0119 nie\u00a0zgodzi\u0107 z\u00a0wol\u0105 wi\u0119kszo\u015bci, bo\u00a0jestem solist\u0105 i\u00a0indywidualist\u0105 \u2013\u00a0stwierdzi\u0142. \u2013\u00a0Tak, ale\u00a0jest to\u00a0tw\u00f3j prezydent. Dobrze, to\u00a0jest prezydent tego kraju \u2013\u00a0odpowiedzia\u0142 Chajzer. \u2013\u00a0Tak. Ale\u00a0nie\u00a0jest moim prezydentem \u2013\u00a0powiedzia\u0142 Wojew\u00f3dzki. &#13;\n<\/p>\n<p>Stanowski o\u00a0Wojew\u00f3dzkim: &#8222;Manipulacyjne, \u015bmierdz\u0105ce g***o&#8221;<\/p>\n<p>&#13;<br \/>\nW marcu z\u00a0Kub\u0105 Wojew\u00f3dzkim star\u0142 si\u0119 r\u00f3wnie\u017c <a href=\"https:\/\/rozrywka.dorzeczy.pl\/film-i-telewizja\/864583\/stanowski-miazdzy-wojewodzkiego-jest-komentarz-po-wywiadzie.html\" rel=\"nofollow noopener\" target=\"_blank\">Krzysztof Stanowski<\/a>. Po\u00a0wyst\u0119pie w\u00a0podca\u015bcie &#8222;Wojew\u00f3dzkiK\u0119dzierski&#8221; tw\u00f3rca Kana\u0142u Zero opublikowa\u0142 komentarz do\u00a0rozmowy. Stanowski zarzuci\u0142 tw\u00f3rcom programu manipulacyjny monta\u017c zapowiedzi, kt\u00f3ra \u2013\u00a0jego zdaniem \u2013\u00a0mia\u0142a stworzy\u0107 wra\u017cenie, \u017ce\u00a0podczas rozmowy zosta\u0142 &#8222;zmia\u017cd\u017cony&#8221;, &#8222;zdekonspirowany&#8221;, &#8222;o\u015bmieszony&#8221; lub\u00a0&#8222;skompromitowany&#8221;. \u2013\u00a0To\u00a0by\u0142o manipulacyjne, \u015bmierdz\u0105ce g***o. Ta\u00a0zajawka jest po\u00a0prostu k\u0142amliwa \u2013\u00a0stwierdzi\u0142. &#13;\n<\/p>\n<p>&#13;<br \/>\nStanowski zarzuci\u0142 te\u017c Wojew\u00f3dzkiemu, \u017ce\u00a0zako\u0144czy\u0142 rozmow\u0119, kiedy ten chcia\u0142 szerzej odnie\u015b\u0107 si\u0119 do\u00a0poruszanych kwestii. \u2013\u00a0Uciek\u0142e\u015b z\u00a0boiska, zagwizda\u0142e\u015b koniec meczu, gdy mia\u0142em pi\u0142k\u0119 przed pust\u0105 bramk\u0105. Niehonorowo \u2013\u00a0powiedzia\u0142. &#13;<\/p>\n","protected":false},"excerpt":{"rendered":"&#13; \u2013 To\u00a0jest tak ch***we, Kuba, \u017ce\u00a0k**wa, to\u00a0jest poni\u017cej krytyki \u2013\u00a0odpowiedzia\u0142 by\u0142y gwiazdor TVN. &#13; Chajzer: Nasz nowy&hellip;\n","protected":false},"author":2,"featured_media":663207,"comment_status":"","ping_status":"","sticky":false,"template":"","format":"standard","meta":{"footnotes":"","_share_on_mastodon":"0"},"categories":[62712],"tags":[5181,98,128915,690,49,7252,102,907,1005,123,3818,318,2201],"class_list":["post-663206","post","type-post","status-publish","format-standard","has-post-thumbnail","category-karol-nawrocki","tag-awantura","tag-dorzeczy","tag-filip-chajzer","tag-karol-nawrocki","tag-kraj","tag-kuba-wojewodzki","tag-opinie","tag-polityka","tag-prezydent","tag-rozrywka","tag-stanowski","tag-tvn","tag-wywiad"],"share_on_mastodon":{"url":"https:\/\/pubeurope.com\/@pl\/117203388583454345","error":""},"_links":{"self":[{"href":"https:\/\/www.europesays.com\/pl\/wp-json\/wp\/v2\/posts\/663206","targetHints":{"allow":["GET"]}}],"collection":[{"href":"https:\/\/www.europesays.com\/pl\/wp-json\/wp\/v2\/posts"}],"about":[{"href":"https:\/\/www.europesays.com\/pl\/wp-json\/wp\/v2\/types\/post"}],"author":[{"embeddable":true,"href":"https:\/\/www.europesays.com\/pl\/wp-json\/wp\/v2\/users\/2"}],"replies":[{"embeddable":true,"href":"https:\/\/www.europesays.com\/pl\/wp-json\/wp\/v2\/comments?post=663206"}],"version-history":[{"count":0,"href":"https:\/\/www.europesays.com\/pl\/wp-json\/wp\/v2\/posts\/663206\/revisions"}],"wp:featuredmedia":[{"embeddable":true,"href":"https:\/\/www.europesays.com\/pl\/wp-json\/wp\/v2\/media\/663207"}],"wp:attachment":[{"href":"https:\/\/www.europesays.com\/pl\/wp-json\/wp\/v2\/media?parent=663206"}],"wp:term":[{"taxonomy":"category","embeddable":true,"href":"https:\/\/www.europesays.com\/pl\/wp-json\/wp\/v2\/categories?post=663206"},{"taxonomy":"post_tag","embeddable":true,"href":"https:\/\/www.europesays.com\/pl\/wp-json\/wp\/v2\/tags?post=663206"}],"curies":[{"name":"wp","href":"https:\/\/api.w.org\/{rel}","templated":true}]}}