{"id":663250,"date":"2026-09-02T21:06:13","date_gmt":"2026-09-02T21:06:13","guid":{"rendered":"https:\/\/www.europesays.com\/pl\/663250\/"},"modified":"2026-09-02T21:06:13","modified_gmt":"2026-09-02T21:06:13","slug":"giertych-adwokatem-krala-w-aferze-zondacrypto-nicole-suszek-nie-mozna-mu-ufac-wprost","status":"publish","type":"post","link":"https:\/\/www.europesays.com\/pl\/663250\/","title":{"rendered":"Giertych adwokatem Krala w aferze Zondacrypto. Nicole Suszek: Nie mo\u017cna mu ufa\u0107 \u2013 Wprost"},"content":{"rendered":"\n<p>&#13;<br \/>\n\u2013 Ja od\u00a0samego pocz\u0105tku zagini\u0119cia mojego brata m\u00f3wi\u0142am, \u017ce\u00a0osoba, kt\u00f3ra sta\u0142a si\u0119 CEO Zondy oszuka ludzi, kt\u00f3ra oszuka\u0142a mojego brata itd. By\u0142am \u017ale traktowana przez ludzi, kt\u00f3rzy twierdzili, \u017ce\u00a0nie mam w\u00a0tym racji, a\u00a0po czterech latach zwracaj\u0105 si\u0119 do\u00a0mnie i\u00a0mnie przepraszaj\u0105 \u2013\u00a0powiedzia\u0142a w\u00a0Polsat News Nicole Suszek. Siostra za\u0142o\u017cyciela gie\u0142dy <a href=\"https:\/\/www.wprost.pl\/kraj\/12423540\/afera-zondacrypto-i-zaginiecie-sylwestra-suszka-nicole-suszek-komentuje-ruchy-prokuratury.html\" target=\"_blank\" rel=\"nofollow noopener\">BitBay Sylwestra Suszka<\/a> podkre\u015bli\u0142a, \u017ce\u00a0\u201enikt jej nie\u00a0chcia\u0142 wierzy\u0107\u201d. &#13;\n<\/p>\n<p>&#13;<br \/>\n\u2013 My\u015bl\u0119, \u017ce\u00a0najwi\u0119kszym b\u0142\u0119dem, kt\u00f3ry zosta\u0142 pope\u0142niony w\u00a0ca\u0142ej sytuacji upadku Zondy i\u00a0tego, jakie osoby z\u00a0rz\u0105du znalaz\u0142y si\u0119 ko\u0142o tego wszystkiego i\u00a0dzisiaj te\u00a0osoby ju\u017c poma\u0142u s\u0105 ci\u0105gni\u0119te do\u00a0odpowiedzialno\u015bci i\u00a0s\u0105 kolejne osoby zatrzymywane, to\u00a0jest wy\u0142\u0105cznie b\u0142\u0105d naszej w\u0142adzy i\u00a0tych wszystkich zaniecha\u0144 \u2013\u00a0m\u00f3wi\u0142a Suszek. Siostra za\u0142o\u017cyciela gie\u0142dy BitBay potwierdzi\u0142a, \u017ce\u00a0zna na\u00a099 proc. dwie osoby zatrzymane w\u00a0\u015brod\u0119 2\u00a0wrze\u015bnia i\u00a0one \u201eby\u0142y naprawd\u0119 blisko jej brata\u201d. &#13;\n<\/p>\n<p>Roman Giertych reprezentuje Przemys\u0142awa Krala w\u00a0aferze. Nicole Suszek: Nie\u00a0mo\u017cna mu ufa\u0107<\/p>\n<p>&#13;<br \/>\nZdaniem Suszek \u201eosoby, kt\u00f3re dzisiaj zosta\u0142y zatrzymane, mog\u0142y zosta\u0107 zatrzymane 4,5 roku temu i\u00a0wtedy nadzieja na\u00a0\u017cycie jej brata by\u0142aby wi\u0119ksza\u201d. Siostra za\u0142o\u017cyciela BitBay przyzna\u0142a, \u017ce\u00a0\u201enie ma\u00a0\u017cadnego zaufania do\u00a0Krala\u201d. Suszek ujawni\u0142a, \u017ce\u00a0\u201eRoman Giertych oko\u0142o listopada 2025\u00a0r. chcia\u0142 reprezentowa\u0107 j\u0105 w\u00a0sprawach przeciwko Przemys\u0142awowi Kralowi i\u00a0Marianowi W. ps. \u2018Maniek\u2019\u201d. Drugi z\u00a0m\u0119\u017cczyzn to\u00a0w\u0142a\u015bciciel stacji benzenowej. W\u00a0okolicy jednego z\u00a0hangar\u00f3w znikn\u0105\u0142 Sylwester Suszek. &#13;\n<\/p>\n<p>&#13;<br \/>\n\u2013 Dla\u00a0mnie jest to\u00a0straszne \u015bmiesznie, poniewa\u017c Giertych chcia\u0142 wyci\u0105gn\u0105\u0107 ode mnie informacje na\u00a0temat Krala, a\u00a0dzisiaj go\u00a0reprezentuje i\u00a0wydaje mi si\u0119, \u017ce\u00a0po\u00a0prostu Giertych ma\u00a0swoje jakie\u015b tam ukryte dzia\u0142ania \u2013\u00a0stwierdzi\u0142a siostra za\u0142o\u017cyciela BitBay. Suszek oceni\u0142a, \u017ce\u00a0\u201ewreszcie ludziom otworz\u0105 si\u0119 oczy, \u017ce\u00a0Giertych nie\u00a0jest tak\u0105 osob\u0105, kt\u00f3rej mo\u017cna zaufa\u0107\u201d. \u2013\u00a0Jest bardzo kontrowersyjny i\u00a0zawsze pojawia si\u0119 tam, gdzie jest wielki rozg\u0142os \u2013\u00a0zako\u0144czy\u0142a siostra za\u0142o\u017cyciela BitBay. &#13;\n<\/p>\n<p>&#13;<br \/>\n   Czytaj te\u017c:<br \/><a href=\"https:\/\/www.wprost.pl\/kraj\/12430557\/afera-zondacrypto-nowi-zatrzymani-i-oswiadczenie-prokuratury.html\" rel=\"follow nofollow noopener\" data-schema=\"WPROST\" data-image=\"https:\/\/img.wprost.pl\/_thumb\/ff\/52\/a22361163af2c31dea705f872c6b.jpeg\" target=\"_blank\">Nowe zatrzymania ws. Zondacrypto. Prokuratura wyda\u0142a o\u015bwiadczenie<\/a>   Czytaj te\u017c:<br \/><a href=\"https:\/\/www.wprost.pl\/kraj\/12430656\/rafal-zaorski-zatrzymany-w-sprawie-zondacrypto-i-zaginiecia-sylwestra-suszka.html\" rel=\"follow nofollow noopener\" data-schema=\"WPROST\" data-image=\"https:\/\/img.wprost.pl\/_thumb\/0b\/11\/a5a871f129944fd2953d55c29ab7.jpeg\" target=\"_blank\">Guru kryptowalut doprowadzony do\u00a0prokuratury. Chodzi o\u00a0Zondacrypto<\/a>&#13;<\/p>\n","protected":false},"excerpt":{"rendered":"&#13; \u2013 Ja od\u00a0samego pocz\u0105tku zagini\u0119cia mojego brata m\u00f3wi\u0142am, \u017ce\u00a0osoba, kt\u00f3ra sta\u0142a si\u0119 CEO Zondy oszuka ludzi, kt\u00f3ra&hellip;\n","protected":false},"author":2,"featured_media":663251,"comment_status":"","ping_status":"","sticky":false,"template":"","format":"standard","meta":{"footnotes":"","_share_on_mastodon":"0"},"categories":[5],"tags":[11215,28016,32,33,36,37,27,49,52592,34,35,28,31,25,128919,59734,42,38,40,907,39,41,75102,7978,29,30,26,43315],"class_list":["post-663250","post","type-post","status-publish","format-standard","has-post-thumbnail","category-naglowki","tag-afera","tag-bitbay","tag-breaking-news","tag-breakingnews","tag-featured-news","tag-featurednews","tag-headlines","tag-kraj","tag-krystian-winogrodzki","tag-latest-news","tag-latestnews","tag-naglowki","tag-najwazniejsze-artykuly","tag-news","tag-nicole-suszek","tag-opinie-i-komentarze","tag-pl","tag-poland","tag-polish","tag-polityka","tag-polska","tag-polski","tag-przemyslaw-kral","tag-roman-giertych","tag-top-stories","tag-topstories","tag-wiadomosci","tag-wprost"],"share_on_mastodon":{"url":"https:\/\/pubeurope.com\/@pl\/117203487028873814","error":""},"_links":{"self":[{"href":"https:\/\/www.europesays.com\/pl\/wp-json\/wp\/v2\/posts\/663250","targetHints":{"allow":["GET"]}}],"collection":[{"href":"https:\/\/www.europesays.com\/pl\/wp-json\/wp\/v2\/posts"}],"about":[{"href":"https:\/\/www.europesays.com\/pl\/wp-json\/wp\/v2\/types\/post"}],"author":[{"embeddable":true,"href":"https:\/\/www.europesays.com\/pl\/wp-json\/wp\/v2\/users\/2"}],"replies":[{"embeddable":true,"href":"https:\/\/www.europesays.com\/pl\/wp-json\/wp\/v2\/comments?post=663250"}],"version-history":[{"count":0,"href":"https:\/\/www.europesays.com\/pl\/wp-json\/wp\/v2\/posts\/663250\/revisions"}],"wp:featuredmedia":[{"embeddable":true,"href":"https:\/\/www.europesays.com\/pl\/wp-json\/wp\/v2\/media\/663251"}],"wp:attachment":[{"href":"https:\/\/www.europesays.com\/pl\/wp-json\/wp\/v2\/media?parent=663250"}],"wp:term":[{"taxonomy":"category","embeddable":true,"href":"https:\/\/www.europesays.com\/pl\/wp-json\/wp\/v2\/categories?post=663250"},{"taxonomy":"post_tag","embeddable":true,"href":"https:\/\/www.europesays.com\/pl\/wp-json\/wp\/v2\/tags?post=663250"}],"curies":[{"name":"wp","href":"https:\/\/api.w.org\/{rel}","templated":true}]}}