{"id":663254,"date":"2026-09-02T21:08:16","date_gmt":"2026-09-02T21:08:16","guid":{"rendered":"https:\/\/www.europesays.com\/pl\/663254\/"},"modified":"2026-09-02T21:08:16","modified_gmt":"2026-09-02T21:08:16","slug":"ostre-spiecie-u-wojewodzkiego-poszlo-o-nawrockiego-to-jest-ch-e","status":"publish","type":"post","link":"https:\/\/www.europesays.com\/pl\/663254\/","title":{"rendered":"Ostre spi\u0119cie u Wojew\u00f3dzkiego! Posz\u0142o o Nawrockiego. &#8222;To jest ch&#8230;e&#8221;"},"content":{"rendered":"<p data-v-01d4021f=\"\">Skandal w programie Kuby Wojew\u00f3dzkiego. Dziennikarz TVN pr\u00f3bowa\u0142 o\u015bmieszy\u0107 Filipa Chajzera za jego poparcie dla prezydenta Karola Nawrockiego, pytaj\u0105c go, czy gdy m\u00f3wi\u0142, \u017ce Nawrocki jest jego prezydentem, by\u0142 \u201epod wp\u0142ywem \u015brodk\u00f3w\u201d. Chajzer nie zostawi\u0142 na nim suchej nitki!<\/p>\n<p class=\"isSelectedEnd\" data-v-01d4021f=\"\">Filip Chajzer by\u0142 go\u015bciem Kuby Wojew\u00f3dzkiego w jego programie na antenie TVN. Dosz\u0142o pomi\u0119dzy nimi do powa\u017cnej scysji. Wojew\u00f3dzki, znany ze swojej sympatii do Koalicji Obywatelskiej, pr\u00f3bowa\u0142 o\u015bmieszy\u0107 Chajzera za to, \u017ce ten ciep\u0142o wypowiada\u0142 si\u0119 na temat prezydenta Karola Nawrockiego. Gwiazda TVN-u zapyta\u0142a Chajzera, czy \u201eby\u0142 pod wp\u0142ywem \u015brodk\u00f3w\u201d, gdy twierdzi\u0142, \u017ce Karol Nawrocki to jego prezydent.<\/p>\n<p class=\"isSelectedEnd\" data-v-01d4021f=\"\">Ale to jest bardzo ch&#8230;wy \u017cart. Nie, nie, nie, to jest tak ch&#8230;we, Kuba, \u017ce, k&#8230;a, to jest poni\u017cej krytyki. (&#8230;)\u00a0Opowiadam ci bardzo powa\u017cne rzeczy, kt\u00f3re s\u0105 naprawd\u0119 na pograniczu bardzo du\u017cej odwagi na temat rozmowy o \u017cyciu i \u015bmierci<\/p>\n<p class=\"isSelectedEnd\" data-v-01d4021f=\"\">\u2013 odpar\u0142 Chajzer.\u00a0<\/p>\n<p class=\"isSelectedEnd\" data-v-01d4021f=\"\">Wojew\u00f3dzki nie odpuszcza\u0142 i przekonywa\u0142, \u017ce pyta \u201eserio\u201d.<\/p>\n<p class=\"isSelectedEnd\" data-v-01d4021f=\"\">Po pierwsze: to jest prezydent kraju, w kt\u00f3rym \u017cyjesz, tak wi\u0119c hola hola. (\u2026) Po drugie: deprecjonujesz co\u015b, w co wk\u0142adam bardzo du\u017co serca, opowiadaj\u0105c ci o tym i maj\u0105c do ciebie bardzo du\u017co zaufania<\/p>\n<p class=\"isSelectedEnd\" data-v-01d4021f=\"\">\u2013 wskaza\u0142 Chajzer.<\/p>\n<p>Skandaliczne pytania\u00a0<\/p>\n<p class=\"isSelectedEnd\" data-v-01d4021f=\"\">Dziennikarz TVN brn\u0105\u0142 dalej w swoj\u0105 narracj\u0119.<\/p>\n<p class=\"isSelectedEnd\" data-v-01d4021f=\"\">Pr\u00f3buj\u0119 zrozumie\u0107, czy by\u0142y sytuacje, kiedy pada\u0142y w twoim \u017cyciu deklaracje \u2013 tak jak by\u0142y pewne zachowania \u2013 kt\u00f3rych dzisiaj by\u015b nie powt\u00f3rzy\u0142. Rozumiem, \u017ce to jest ca\u0142y czas, wed\u0142ug ciebie, najlepszy prezydent po &#8217;89 roku?<\/p>\n<p class=\"isSelectedEnd\" data-v-01d4021f=\"\">\u2013 przekonywa\u0142.<\/p>\n<p class=\"isSelectedEnd\" data-v-01d4021f=\"\">Rozmawiasz z facetem, kt\u00f3ry \u017cyczy\u0142 powodzenia w prezydenturze wybranemu w pi\u0119cioprzymiotnikowych wyborach prezydentowi Polski, kropka<\/p>\n<p class=\"isSelectedEnd\" data-v-01d4021f=\"\">\u2013 zaznaczy\u0142 Chajzer.<\/p>\n<p>To nie wszystko!<\/p>\n<p class=\"isSelectedEnd\" data-v-01d4021f=\"\">Wojew\u00f3dzki przekonywa\u0142, \u017ce Karol Nawrocki nie jest jego prezydentem, bo na niego nie g\u0142osowa\u0142.<\/p>\n<p class=\"isSelectedEnd\" data-v-01d4021f=\"\">Jest te\u017c twoim prezydentem. (&#8230;) Masz polski paszport? Pokolenia walczy\u0142y o demokracj\u0119 w Polsce. Rozbiory, powstanie warszawskie, Solidarno\u015b\u0107&#8230; Ludzie \u017cycie oddawali za to, \u017ceby\u015b m\u00f3g\u0142 p\u00f3j\u015b\u0107 na wybory, Kuba!<\/p>\n<p class=\"isSelectedEnd\" data-v-01d4021f=\"\">\u2013 podkre\u015bli\u0142 Chajzer.<\/p>\n<p class=\"isSelectedEnd\" data-v-01d4021f=\"\">Mog\u0142em p\u00f3j\u015b\u0107 na wybory i mog\u0119 si\u0119 nie zgodzi\u0107 z wol\u0105 wi\u0119kszo\u015bci, bo jestem solist\u0105 i indywidualist\u0105<\/p>\n<p class=\"isSelectedEnd\" data-v-01d4021f=\"\">\u2013 przekonywa\u0142 Wojew\u00f3dzki.<\/p>\n<p class=\"isSelectedEnd\" data-v-01d4021f=\"\">Tak, ale to jest tw\u00f3j prezydent<\/p>\n<p class=\"isSelectedEnd\" data-v-01d4021f=\"\">\u2013 nie odpuszcza\u0142 Chajzer.<\/p>\n<p class=\"isSelectedEnd\" data-v-01d4021f=\"\">Okej, to jest prezydent tego kraju, ale nie jest moim prezydentem<\/p>\n<p class=\"isSelectedEnd\" data-v-01d4021f=\"\">\u2013 m\u00f3wi\u0142 gwiazdor TVN.<\/p>\n<p data-v-01d4021f=\"\">No, to zmie\u0144 obywatelstwo&#8230;<\/p>\n<p data-v-01d4021f=\"\">\u2013 zaproponowa\u0142 Chajzer i wyrazi\u0142 przekonanie, \u017ce prezydent Karol Nawrocki b\u0119dzie sprawowa\u0142 swoj\u0105 funkcj\u0119 tak\u017ce w kolejnej kadencji.<\/p>\n<p data-v-01d4021f=\"\">\u00a0<\/p>\n<p data-v-01d4021f=\"\">as\/\u017ar. wPolityce.pl za TVN, X, telewizja.jastrzabpost.pl<\/p>\n","protected":false},"excerpt":{"rendered":"Skandal w programie Kuby Wojew\u00f3dzkiego. Dziennikarz TVN pr\u00f3bowa\u0142 o\u015bmieszy\u0107 Filipa Chajzera za jego poparcie dla prezydenta Karola Nawrockiego,&hellip;\n","protected":false},"author":2,"featured_media":663255,"comment_status":"","ping_status":"","sticky":false,"template":"","format":"standard","meta":{"footnotes":"","_share_on_mastodon":"0"},"categories":[62712],"tags":[121116,690,88380,127822,13347,72917,907,99789,4362,2462,1005,380,423,231,127821,123474,3654],"class_list":["post-663254","post","type-post","status-publish","format-standard","has-post-thumbnail","category-karol-nawrocki","tag-analizy-polityczne","tag-karol-nawrocki","tag-komentarze-polityczne","tag-kulisy-polityki","tag-opozycja","tag-partie-polityczne","tag-polityka","tag-polityka-krajowa","tag-polityka-zagraniczna","tag-polska-polityka","tag-prezydent","tag-rzad","tag-sejm","tag-sondaze","tag-wiadomosci-polityczne","tag-wpolityce-pl","tag-wybory"],"share_on_mastodon":{"url":"https:\/\/pubeurope.com\/@pl\/117203494688891849","error":""},"_links":{"self":[{"href":"https:\/\/www.europesays.com\/pl\/wp-json\/wp\/v2\/posts\/663254","targetHints":{"allow":["GET"]}}],"collection":[{"href":"https:\/\/www.europesays.com\/pl\/wp-json\/wp\/v2\/posts"}],"about":[{"href":"https:\/\/www.europesays.com\/pl\/wp-json\/wp\/v2\/types\/post"}],"author":[{"embeddable":true,"href":"https:\/\/www.europesays.com\/pl\/wp-json\/wp\/v2\/users\/2"}],"replies":[{"embeddable":true,"href":"https:\/\/www.europesays.com\/pl\/wp-json\/wp\/v2\/comments?post=663254"}],"version-history":[{"count":0,"href":"https:\/\/www.europesays.com\/pl\/wp-json\/wp\/v2\/posts\/663254\/revisions"}],"wp:featuredmedia":[{"embeddable":true,"href":"https:\/\/www.europesays.com\/pl\/wp-json\/wp\/v2\/media\/663255"}],"wp:attachment":[{"href":"https:\/\/www.europesays.com\/pl\/wp-json\/wp\/v2\/media?parent=663254"}],"wp:term":[{"taxonomy":"category","embeddable":true,"href":"https:\/\/www.europesays.com\/pl\/wp-json\/wp\/v2\/categories?post=663254"},{"taxonomy":"post_tag","embeddable":true,"href":"https:\/\/www.europesays.com\/pl\/wp-json\/wp\/v2\/tags?post=663254"}],"curies":[{"name":"wp","href":"https:\/\/api.w.org\/{rel}","templated":true}]}}