{"id":663286,"date":"2026-09-02T21:27:16","date_gmt":"2026-09-02T21:27:16","guid":{"rendered":"https:\/\/www.europesays.com\/pl\/663286\/"},"modified":"2026-09-02T21:27:16","modified_gmt":"2026-09-02T21:27:16","slug":"zaczelo-sie-od-trzesienia-ziemi-pozniej-bayern-wlaczyl-wyzszy-bieg","status":"publish","type":"post","link":"https:\/\/www.europesays.com\/pl\/663286\/","title":{"rendered":"Zacz\u0119\u0142o si\u0119 od trz\u0119sienia ziemi. P\u00f3\u017aniej Bayern w\u0142\u0105czy\u0142 wy\u017cszy bieg"},"content":{"rendered":"\n<p class=\"contentpart contentpart--default contentpart--text\" data-position=\"0\">Chocia\u017c trener <a href=\"https:\/\/sportowefakty.wp.pl\/pilka-nozna\/vincent-kompany\" rel=\"nofollow noopener\" target=\"_blank\">Vincent Kompany<\/a>\u00a0nie wystawi\u0142 wszystkich najlepszych pi\u0142karzy na mecz pierwszej rundy <a href=\"https:\/\/sportowefakty.wp.pl\/pilka-nozna\/puchar-niemiec\" rel=\"nofollow noopener\" target=\"_blank\">Pucharu Niemiec<\/a>\u00a0z <a href=\"https:\/\/sportowefakty.wp.pl\/pilka-nozna\/vfl-osnabruck\" rel=\"nofollow noopener\" target=\"_blank\">VfL Osnabrueck<\/a>, to mo\u017cna by\u0142o oczekiwa\u0107, \u017ce <a href=\"https:\/\/sportowefakty.wp.pl\/pilka-nozna\/bayern-monachium\" rel=\"nofollow noopener\" target=\"_blank\">Bayern Monachium<\/a>\u00a0przejedzie si\u0119 po rywalu z ni\u017cszej ligi niczym walec. Tymczasem Bawarczycy do\u015b\u0107\u00a0szybko zacz\u0119li mie\u0107 problemy.<\/p>\n<p class=\"contentpart contentpart--default contentpart--text\" data-position=\"1\">Nieporadno\u015b\u0107\u00a0pi\u0142karzy Bayernu w obronie poskutkowa\u0142a tym, \u017ce Robin Meissner wygra\u0142 pojedynek o g\u00f3rn\u0105\u00a0pi\u0142k\u0119, po czym odda\u0142 strza\u0142 \u017cycia zza pola karnego i wyprowadzi\u0142 VFL Osnabrueck na prowadzenie 1:0. Rado\u015b\u0107 gospodarzy nie trwa\u0142a jednak d\u0142ugo.<\/p>\n<p>  <img decoding=\"async\" src=\"https:\/\/v.wpimg.pl\/X3dwLnN2d1IFFTpdYUl6R0ZNbgcnEHQREVV2TGEGbUtRT2MdOlZ2RBQUKABgQjQcDRotCStBd1IAAWMeIlM7VgwYIAorQAdEFFk_GCkQJQ\" alt=\"\" width=\"45\" height=\"58\" loading=\"lazy\"\/>  <\/p>\n<p class=\"contentpart contentpart--default contentpart--text\" data-position=\"2\">ZOBACZ WIDEO: Legia uhonorowa\u0142a J\u0119drzejczyka. Podnios\u0142y moment<\/p>\n<p class=\"contentpart contentpart--default contentpart--text\" data-position=\"4\">Niespe\u0142na kwadrans p\u00f3\u017aniej <a href=\"https:\/\/sportowefakty.wp.pl\/pilka-nozna\/joshua-kimmich\" rel=\"nofollow noopener\" target=\"_blank\">Joshua Kimmich<\/a>\u00a0obs\u0142u\u017cy\u0142 <a href=\"https:\/\/sportowefakty.wp.pl\/pilka-nozna\/harry-kane\" rel=\"nofollow noopener\" target=\"_blank\">Harry&#8217;ego Kane&#8217;a<\/a>\u00a0dobrym podaniem, a Anglik przytrzyma\u0142 lini\u0119 spalonego i zdoby\u0142 gola z paru metr\u00f3w. Po kilku minutach <a href=\"https:\/\/sportowefakty.wp.pl\/pilka-nozna\/tom-bischof\" rel=\"nofollow noopener\" target=\"_blank\">Tom Bischof<\/a>\u00a0zada\u0142 kolejny cios i aktualny mistrz Niemiec nie tylko wyszed\u0142 na prowadzenie 2:1, ale te\u017c przej\u0105\u0142 kontrol\u0119 nad ca\u0142ym spotkaniem.<\/p>\n<p class=\"contentpart contentpart--default contentpart--text\" data-position=\"5\">Obraz gry nie zmieni\u0142 si\u0119\u00a0w drugiej po\u0142owie. Bayern kontrolowa\u0142 pi\u0142k\u0119 i gdyby nie nieporadno\u015b\u0107 gwiazd dru\u017cyny z Bawarii, to wynik \u015brodowego meczu m\u00f3g\u0142by by\u0107 niezwykle efektowny.<\/p>\n<p class=\"contentpart contentpart--default contentpart--text\" data-position=\"6\">Wymiar kary by\u0142 stosunkowo niski. W 73. minucie <a href=\"https:\/\/sportowefakty.wp.pl\/pilka-nozna\/michael-olise\" rel=\"nofollow noopener\" target=\"_blank\">Michael Olise<\/a>\u00a0przyjmowa\u0142 pi\u0142k\u0119 r\u0119k\u0105 w polu karnym, po czym odda\u0142 soczysty strza\u0142 i wyprowadzi\u0142 go\u015bci na prowadzenie 3:1. Podczas mecz\u00f3w pierwszej rundy Pucharu Niemiec nie ma jednak obs\u0142ugi VAR, wi\u0119c s\u0119dzia zaliczy\u0142 gola Francuza.<\/p>\n<p>  <img decoding=\"async\" src=\"https:\/\/v.wpimg.pl\/X3dwLnN2d1IFFTpdYUl6R0ZNbgcnEHQREVV2TGEGbUtRT2MdOlZ2RBQUKABgQjQcDRotCStBd1IAAWMeIlM7VgwYIAorQAdEFFk_GCkQJQ\" alt=\"\" width=\"45\" height=\"58\" loading=\"lazy\"\/>  <\/p>\n<p class=\"contentpart contentpart--default contentpart--text\" data-position=\"7\">Wynik ustawi\u0142 Harry Kane z rzutu karnego. W 86. minucie sfaulowany zosta\u0142 <a href=\"https:\/\/sportowefakty.wp.pl\/pilka-nozna\/aleksandar-pavlovic\" rel=\"nofollow noopener\" target=\"_blank\">Aleksandar Pavlovi\u0107<\/a>, kt\u00f3ry ledwie chwil\u0119 wcze\u015bniej pojawi\u0142 si\u0119 na boisku. Bramkarz VFL Osnabrueck wprawdzie wyczu\u0142 intencje Kane&#8217;a, ale mocny strza\u0142 pod prawy s\u0142upek by\u0142 nie do obrony.<\/p>\n<p class=\"contentpart contentpart--default contentpart--text\" data-position=\"8\"><a href=\"https:\/\/sportowefakty.wp.pl\/pilka-nozna\/vfl-osnabruck\" rel=\"nofollow noopener\" target=\"_blank\">VfL Osnabrueck<\/a> &#8211; <a href=\"https:\/\/sportowefakty.wp.pl\/pilka-nozna\/bayern-monachium\" rel=\"nofollow noopener\" target=\"_blank\">Bayern Monachium<\/a>\u00a01:4 (1:2)<\/p>\n<p class=\"contentpart contentpart--default contentpart--text\" data-position=\"9\">Sk\u0142ady:<\/p>\n<p class=\"contentpart contentpart--default contentpart--text\" data-position=\"10\">VFL Osnabrueck: Jonas Krumrey &#8211; Robin Fabinski, Jannik Muller, Niklas Wiemann, Patrick Kammerbauer &#8211; Fridolin Wagner (Bernd Riesselmann 89&#8242;), Bjarke Jacobsen (Luca Raimund 62&#8242;), Ismail Badije (Konrad Faber 62&#8242;), Leonhard Munst (Leon Opitz 75&#8242;) &#8211; Adrian Beck, Robin Meissner (Daniel-Kofi Kyereh 75&#8242;)<\/p>\n<p>  <img decoding=\"async\" src=\"https:\/\/v.wpimg.pl\/X3dwLnN2d1IFFTpdYUl6R0ZNbgcnEHQREVV2TGEGbUtRT2MdOlZ2RBQUKABgQjQcDRotCStBd1IAAWMeIlM7VgwYIAorQAdEFFk_GCkQJQ\" alt=\"\" width=\"45\" height=\"58\" loading=\"lazy\"\/>  <\/p>\n<p class=\"contentpart contentpart--default contentpart--text\" data-position=\"11\">Bayern Monachium: Jonas Urbig &#8211; Josip Stanisi\u0107, Jonathan Tah, Kim Min-jae, Nathaniel Brown (Alphonso Davies 62&#8242;) &#8211; Joshua Kimmich, Tom Bischof (Aleksander Pavlovi\u0107 79&#8242;), Michael Olise (Bara Sapoko Ndiaye 87&#8242;), Ismael Saibari (Lennart Karl 62&#8242;), Luis Diaz &#8211; Harry Kane (Konrad Laimer 87&#8242;)<\/p>\n","protected":false},"excerpt":{"rendered":"Chocia\u017c trener Vincent Kompany\u00a0nie wystawi\u0142 wszystkich najlepszych pi\u0142karzy na mecz pierwszej rundy Pucharu Niemiec\u00a0z VfL Osnabrueck, to mo\u017cna&hellip;\n","protected":false},"author":2,"featured_media":663287,"comment_status":"","ping_status":"","sticky":false,"template":"","format":"standard","meta":{"footnotes":"","_share_on_mastodon":"0"},"categories":[24],"tags":[931,935,933,932,295,269,930,278,42,38,40,39,41,18567,127,126,128949],"class_list":["post-663286","post","type-post","status-publish","format-standard","has-post-thumbnail","category-sport","tag-allianz-arena-w-monachium","tag-bayern-monachium","tag-bundesliga","tag-monachium","tag-niemcy","tag-pilka-nozna","tag-pilka-nozna-w-niemczech","tag-pilka-w-europie","tag-pl","tag-poland","tag-polish","tag-polska","tag-polski","tag-puchar-niemiec","tag-sport","tag-sports","tag-vfl-osnabrueck"],"share_on_mastodon":{"url":"https:\/\/pubeurope.com\/@pl\/117203570625229745","error":""},"_links":{"self":[{"href":"https:\/\/www.europesays.com\/pl\/wp-json\/wp\/v2\/posts\/663286","targetHints":{"allow":["GET"]}}],"collection":[{"href":"https:\/\/www.europesays.com\/pl\/wp-json\/wp\/v2\/posts"}],"about":[{"href":"https:\/\/www.europesays.com\/pl\/wp-json\/wp\/v2\/types\/post"}],"author":[{"embeddable":true,"href":"https:\/\/www.europesays.com\/pl\/wp-json\/wp\/v2\/users\/2"}],"replies":[{"embeddable":true,"href":"https:\/\/www.europesays.com\/pl\/wp-json\/wp\/v2\/comments?post=663286"}],"version-history":[{"count":0,"href":"https:\/\/www.europesays.com\/pl\/wp-json\/wp\/v2\/posts\/663286\/revisions"}],"wp:featuredmedia":[{"embeddable":true,"href":"https:\/\/www.europesays.com\/pl\/wp-json\/wp\/v2\/media\/663287"}],"wp:attachment":[{"href":"https:\/\/www.europesays.com\/pl\/wp-json\/wp\/v2\/media?parent=663286"}],"wp:term":[{"taxonomy":"category","embeddable":true,"href":"https:\/\/www.europesays.com\/pl\/wp-json\/wp\/v2\/categories?post=663286"},{"taxonomy":"post_tag","embeddable":true,"href":"https:\/\/www.europesays.com\/pl\/wp-json\/wp\/v2\/tags?post=663286"}],"curies":[{"name":"wp","href":"https:\/\/api.w.org\/{rel}","templated":true}]}}