{"id":663300,"date":"2026-09-02T21:34:10","date_gmt":"2026-09-02T21:34:10","guid":{"rendered":"https:\/\/www.europesays.com\/pl\/663300\/"},"modified":"2026-09-02T21:34:10","modified_gmt":"2026-09-02T21:34:10","slug":"szlapka-oskarzyl-prezydenta-o-klamstwo-ma-polakow-za-idiotow","status":"publish","type":"post","link":"https:\/\/www.europesays.com\/pl\/663300\/","title":{"rendered":"Sz\u0142apka oskar\u017cy\u0142 prezydenta o k\u0142amstwo. Ma Polak\u00f3w za idiot\u00f3w?"},"content":{"rendered":"<p data-v-01d4021f=\"\">Rzecznik rz\u0105du Adam Sz\u0142apka zaatakowa\u0142 prezydenta Karola Nawrockiego i przekonywa\u0142, \u017ce k\u0142amstwem jest stwierdzenie g\u0142owy pa\u0144stwa, i\u017c premier Donald Tusk \u201epozowa\u0142 z koszulk\u0105 Zondacrypto\u201d. Problem w tym, \u017ce Tusk faktycznie pozowa\u0142 z koszulk\u0105 z logo Zondacrypto.<\/p>\n<p class=\"isSelectedEnd\" data-v-01d4021f=\"\">W sobot\u0119 w Juracie prezydent Karol Nawrocki, zapytany o afer\u0119 Zondacrypto, powiedzia\u0142 m.in., \u017ce \u201epremier pozowa\u0142 z koszulk\u0105 Zondacrypto\u201d. Nawrocki nawi\u0105za\u0142 do publikowanego w mediach zdj\u0119cia Donalda Tuska z lutego 2026 r., na kt\u00f3rym premier trzyma pami\u0105tkow\u0105 koszulk\u0119 Lechii Gda\u0144sk, kt\u00f3r\u0105 otrzyma\u0142 od m\u0142odych pi\u0142karzy tego klubu. Na koszulce znajdowa\u0142o si\u0119 logo Zondacrypto, poniewa\u017c firma od stycznia br. by\u0142a g\u0142\u00f3wnym sponsorem Lechii.<\/p>\n<p>K\u0142amstwo, kt\u00f3rego nie by\u0142o\u00a0<\/p>\n<p class=\"isSelectedEnd\" data-v-01d4021f=\"\">Podczas \u015brodowej konferencji prasowej w Warszawie Sz\u0142apka powiedzia\u0142, \u017ce prezydent stwierdzi\u0142, i\u017c Donald Tusk pozowa\u0142 z koszulk\u0105 z napisem Zondacrypto. Pr\u00f3bowa\u0142 \u2013 wbrew faktom \u2013 wm\u00f3wi\u0107 opinii publicznej, \u017ce taka sytuacja nie mia\u0142a miejsca.<\/p>\n<p class=\"isSelectedEnd\" data-v-01d4021f=\"\">Panie prezydencie \u2013 to jest k\u0142amstwo, pan to wie doskonale. Pan ze swojego czo\u0142a nie zmyje tego, \u017ce pan trzy razy blokowa\u0142 i wetowa\u0142 regulacje dotycz\u0105ce kryptowalut. I te powi\u0105zania s\u0105 tutaj oczywiste<\/p>\n<p class=\"isSelectedEnd\" data-v-01d4021f=\"\">\u2013 grzmia\u0142.<\/p>\n<p class=\"isSelectedEnd\" data-v-01d4021f=\"\">Natomiast pan doskonale wie, \u017ce pan premier odpowiedzia\u0142 na zaproszenie m\u0142odzik\u00f3w, m\u0142odych zawodnik\u00f3w klubu Lechia Gda\u0144sk, pojecha\u0142 z nimi si\u0119 spotka\u0107, bo zaprosili pana premiera i oni przekazali premierowi koszulk\u0119 klubu Lechia Gda\u0144sk. Panie prezydencie, nie wolno tak k\u0142ama\u0107<\/p>\n<p class=\"isSelectedEnd\" data-v-01d4021f=\"\">\u2013 powiedzia\u0142 rzecznik rz\u0105du.<\/p>\n<p data-v-01d4021f=\"\">Problem polega na tym, \u017ce Donald Tusk w istocie pozowa\u0142 z koszulk\u0105 z logo Zondacrypto. Na czym wi\u0119c polega rzekome k\u0142amstwo prezydenta, kt\u00f3re og\u0142osi\u0142 Sz\u0142apka?<\/p>\n<p data-v-01d4021f=\"\">as\/\u017ar. wPolityce.pl za PAP<\/p>\n","protected":false},"excerpt":{"rendered":"Rzecznik rz\u0105du Adam Sz\u0142apka zaatakowa\u0142 prezydenta Karola Nawrockiego i przekonywa\u0142, \u017ce k\u0142amstwem jest stwierdzenie g\u0142owy pa\u0144stwa, i\u017c premier&hellip;\n","protected":false},"author":2,"featured_media":663301,"comment_status":"","ping_status":"","sticky":false,"template":"","format":"standard","meta":{"footnotes":"","_share_on_mastodon":"0"},"categories":[62713],"tags":[121116,1345,88380,127822,13347,72917,907,99789,4362,2462,1005,380,423,231,127821,123474,3654],"class_list":["post-663300","post","type-post","status-publish","format-standard","has-post-thumbnail","category-donald-tusk","tag-analizy-polityczne","tag-donald-tusk","tag-komentarze-polityczne","tag-kulisy-polityki","tag-opozycja","tag-partie-polityczne","tag-polityka","tag-polityka-krajowa","tag-polityka-zagraniczna","tag-polska-polityka","tag-prezydent","tag-rzad","tag-sejm","tag-sondaze","tag-wiadomosci-polityczne","tag-wpolityce-pl","tag-wybory"],"share_on_mastodon":{"url":"https:\/\/pubeurope.com\/@pl\/117203597181736819","error":""},"_links":{"self":[{"href":"https:\/\/www.europesays.com\/pl\/wp-json\/wp\/v2\/posts\/663300","targetHints":{"allow":["GET"]}}],"collection":[{"href":"https:\/\/www.europesays.com\/pl\/wp-json\/wp\/v2\/posts"}],"about":[{"href":"https:\/\/www.europesays.com\/pl\/wp-json\/wp\/v2\/types\/post"}],"author":[{"embeddable":true,"href":"https:\/\/www.europesays.com\/pl\/wp-json\/wp\/v2\/users\/2"}],"replies":[{"embeddable":true,"href":"https:\/\/www.europesays.com\/pl\/wp-json\/wp\/v2\/comments?post=663300"}],"version-history":[{"count":0,"href":"https:\/\/www.europesays.com\/pl\/wp-json\/wp\/v2\/posts\/663300\/revisions"}],"wp:featuredmedia":[{"embeddable":true,"href":"https:\/\/www.europesays.com\/pl\/wp-json\/wp\/v2\/media\/663301"}],"wp:attachment":[{"href":"https:\/\/www.europesays.com\/pl\/wp-json\/wp\/v2\/media?parent=663300"}],"wp:term":[{"taxonomy":"category","embeddable":true,"href":"https:\/\/www.europesays.com\/pl\/wp-json\/wp\/v2\/categories?post=663300"},{"taxonomy":"post_tag","embeddable":true,"href":"https:\/\/www.europesays.com\/pl\/wp-json\/wp\/v2\/tags?post=663300"}],"curies":[{"name":"wp","href":"https:\/\/api.w.org\/{rel}","templated":true}]}}