{"id":663302,"date":"2026-09-02T21:35:24","date_gmt":"2026-09-02T21:35:24","guid":{"rendered":"https:\/\/www.europesays.com\/pl\/663302\/"},"modified":"2026-09-02T21:35:24","modified_gmt":"2026-09-02T21:35:24","slug":"nowogrodzka-zrzuca-z-san-szefa-pkol-to-morawiecki-zalatwial-mu-kase","status":"publish","type":"post","link":"https:\/\/www.europesays.com\/pl\/663302\/","title":{"rendered":"Nowogrodzka zrzuca z sa\u0144 szefa PKOl. &#8222;To Morawiecki za\u0142atwia\u0142 mu kas\u0119&#8221;"},"content":{"rendered":"<p>\u2014 Jacek Sasin bardzo u\u0142atwi\u0142 Piesiewiczowi karier\u0119, ale ostatnio to Morawiecki by\u0142 jego g\u0142\u00f3wnym sojusznikiem \u2014 przekonuje nas polityk PiS z kr\u0119gu Nowogrodzkiej.<\/p>\n<p>Z informacji Onetu wynika, \u017ce w centrali PiS odpowiedzialno\u015bci\u0105 za podtrzymywanie politycznych wp\u0142yw\u00f3w Piesiewicza obci\u0105\u017cany jest Mateusz Morawiecki. Nasi rozm\u00f3wcy z Nowogrodzkiej twierdz\u0105, \u017ce to by\u0142y premier w ostatnim czasie sta\u0142 si\u0119 jednym z najwa\u017cniejszych sojusznik\u00f3w prezesa PKOl wewn\u0105trz partii.<\/p>\n<p>Mia\u0142 te\u017c zabiega\u0107 o to, by <a href=\"https:\/\/przegladsportowy.onet.pl\/igrzyska-olimpijskie\/wyreczamy-panstwo-polskie-tak-tlumacza-miliony-dla-pkol\/hwdfd7y\" id=\"d4f46eee-c1ec-45d4-8a38-33bb918d54e6\" rel=\"nofollow noopener\" target=\"_blank\">kontrolowane przez PiS samorz\u0105dy wojew\u00f3dzkie finansowa\u0142y komitet, gdy po zmianie w\u0142adzy<\/a> wycofa\u0142y si\u0119 z niego sp\u00f3\u0142ki Skarbu Pa\u0144stwa.Szef Zondacrypto zacz\u0105\u0142 sypa\u0107. Prawica ma si\u0119 czego ba\u0107<\/p>\n<p class=\"ods-o-frame-in-text__paragraph\"><a href=\"https:\/\/wiadomosci.onet.pl\/kraj\/szef-zondacrypto-zaczal-sypac-prawica-ma-sie-czego-bac\/6rmx69k\" id=\"b3ee42df-739c-4e1d-83c6-4ccf2562f5b8\" rel=\"nofollow noopener\" target=\"_blank\">Przeczytaj tekst Andrzeja Stankiewicza i Jacka Har\u0142ukowicza<\/a><\/p>\n<p><img class=\"ods-a-photo ods-a-photo--background\" src=\"https:\/\/www.europesays.com\/pl\/wp-content\/uploads\/2026\/09\/1788384924_345_45Wk9lBaHR0cHM6Ly9vY2RuLmV1L3B1bHNjbXMvTURBXy85MDMzNTYwMmI3MTczYjkyYWUyN2I3MmM1ODA3OGE2ZC5qcGeRlQLNA.jpeg\" height=\"253\" width=\"450\" alt=\"By\u0142y szef Zondacrypto Przemys\u0142aw Kral\" loading=\"lazy\" fetchpriority=\"low\" decoding=\"async\"\/><\/p>\n<p>Efekty wida\u0107 przede wszystkim w wojew\u00f3dztwie lubelskim. Rz\u0105dzony przez marsza\u0142ka Jaros\u0142awa Stawiarskiego region od jesieni 2024 r. zawar\u0142 z PKOl umowy i zleci\u0142 \u015bwiadczenia o \u0142\u0105cznej warto\u015bci 10,8 mln z\u0142. Najpierw by\u0142o to 100 tys. z\u0142 za promocj\u0119 podczas Gali Olimpijskiej Pary\u017c 2024. Nast\u0119pnie 4,3 mln z\u0142 brutto za cykl &#8222;Z boiska na Igrzyska&#8221;. Kolejne 6,4 mln z\u0142 brutto zapisano w umowie dotycz\u0105cej &#8222;Imprez Olimpijskich 2025-2026&#8221;.<\/p>\n<p>&#8222;Mateusz zabiega\u0142 u Ani&#8221;<\/p>\n<p>Formalnie nie by\u0142y to dotacje, lecz zakupy us\u0142ug promocyjnych, w wi\u0119kszo\u015bci udzielane z wolnej r\u0119ki. Politycznie r\u00f3\u017cnica jest jednak niewielka. Pieni\u0105dze z bud\u017cetu regionu zasili\u0142y PKOl w czasie, gdy komitet mia\u0142 coraz wi\u0119ksze problemy ze zdobywaniem finansowania.<\/p>\n<p>Dalszy ci\u0105g artyku\u0142u pod materia\u0142em wideoStawiarski jest dzi\u015b w PiS zaliczany <a href=\"https:\/\/www.onet.pl\/informacje\/onetwiadomosci\/tv-republika-w-kryzysie-w-tle-rozlam-w-partii-jaroslawa-kaczynskiego\/q4hd692,79cfc278\" id=\"afd7ebbd-4eac-4ee9-876d-9f46d7bbe70e\" rel=\"nofollow noopener\" target=\"_blank\">do polityk\u00f3w pozostaj\u0105cych w dobrych relacjach z Morawieckim. Jego przeciwnicy m\u00f3wi\u0105<\/a> wr\u0119cz o sojuszu z by\u0142ym premierem. Sam marsza\u0142ek dystansowa\u0142 si\u0119 od politycznego projektu by\u0142ego premiera, ale partyjni rozm\u00f3wcy zwracaj\u0105 uwag\u0119 na ich bliskie kontakty, a tak\u017ce na konflikt marsza\u0142ka z Przemys\u0142awem Czarnkiem, jednym z g\u0142\u00f3wnych adwersarzy Morawieckiego.<\/p>\n<p>Dlatego miliony p\u0142yn\u0105ce z Lublina do PKOl s\u0105 dzi\u015b na Nowogrodzkiej przedstawiane jako cz\u0119\u015b\u0107 operacji \u015brodowiska Morawieckiego.<\/p>\n<p>Drugim wojew\u00f3dztwem, kt\u00f3re podpisa\u0142o umow\u0119 bezpo\u015brednio z PKOl, by\u0142o Podkarpackie. Pocz\u0105tkowo tamtejszy sejmik zarezerwowa\u0142 na ten cel 900 tys. z\u0142, lecz ostatecznie kontrakt opiewa\u0142 na 700 tys. z\u0142. \u0141\u0105czna warto\u015b\u0107 potwierdzonych um\u00f3w i \u015bwiadcze\u0144 obu region\u00f3w wynios\u0142a 11,5 mln z\u0142.<\/p>\n<p>PKOl pr\u00f3bowa\u0142 swoich si\u0142 tak\u017ce w Ma\u0142opolsce, gdzie warto\u015b\u0107 projektu umowy po aktualizacji wynosi\u0142a 1 mln z\u0142. Nie ma jednak potwierdzenia, \u017ce kontrakt zosta\u0142 zawarty.<\/p>\n<p>Z naszych informacji wynika, \u017ce Morawiecki mia\u0142 zabiega\u0107 r\u00f3wnie\u017c o pieni\u0105dze z wojew\u00f3dztwa \u015bwi\u0119tokrzyskiego. Tam jednak plan si\u0119 nie powi\u00f3d\u0142. Samorz\u0105d kierowany przez PiS nie podpisa\u0142 umowy z PKOl. W partyjnych rozmowach ma to dzi\u015b s\u0142u\u017cy\u0107 jako dow\u00f3d, \u017ce finansowanie Piesiewicza nie by\u0142o wsp\u00f3ln\u0105 decyzj\u0105 ca\u0142ej partii, lecz projektem konkretnej frakcji.<\/p>\n<p>\u2014 Mateusz mocno zabiega\u0142 o to u Ani Krupki [wiceprezes PiS, szefowa \u015bwi\u0119tokrzyskich struktur partii, by\u0142a wiceminister sportu] \u2014 s\u0142yszymy na Nowogrodzkiej.<\/p>\n<p>Pa\u0142ac sceptyczny?\u0179r\u00f3d\u0142a Onetu przekonuj\u0105 r\u00f3wnie\u017c, \u017ce otoczenie prezydenta Karola Nawrockiego <a href=\"https:\/\/przegladsportowy.onet.pl\/igrzyska-olimpijskie\/radoslaw-piesiewicz-ujawnia-kulisy-rozmow-z-karolem-nawrockim\/lv8knjb\" id=\"a9c35b0c-c951-46dd-b24f-16f116146250\" rel=\"nofollow noopener\" target=\"_blank\">mia\u0142o podchodzi\u0107 sceptycznie do Piesiewicza. Prezes PKOl spotyka\u0142 si\u0119 z g\u0142ow\u0105<\/a> pa\u0144stwa i pr\u00f3bowa\u0142 przedstawia\u0107 te kontakty jako dow\u00f3d politycznego wsparcia. W Pa\u0142acu Prezydenckim spotkania te mia\u0142y by\u0107 jednak traktowane jako czysto kurtuazyjne, wynikaj\u0105ce z funkcji pe\u0142nionej przez Piesiewicza, a nie z politycznego zaufania.<\/p>\n<p>\u2014 Pawe\u0142 Szefernaker [szef gabinetu prezydenta] z niepokojem obserwowa\u0142 pr\u00f3by kontaktu Piesiewicza z Nawrockim \u2014 m\u00f3wi nam jeden z polityk\u00f3w PiS.<\/p>\n<p>Pr\u00f3ba przypisania Piesiewicza Morawieckiemu pozwala wi\u0119c odsun\u0105\u0107 podejrzenia od obozu prezydenckiego i Nowogrodzkiej. <a href=\"https:\/\/wiadomosci.onet.pl\/kraj\/ranking-stanu-wyjatkowego-najwieksi-bohaterowie-afery-zondacrypto\/qnwq4j4\" id=\"e0bbdfbb-fefa-4391-adae-7f392500fad6\" rel=\"nofollow noopener\" target=\"_blank\">Problem w tym, \u017ce droga Piesiewicza na szczyt polskiego olimpizmu od pocz\u0105tku prowadzi\u0142a<\/a> przez najwa\u017cniejsze gabinety pa\u0144stwa PiS.Trzeba przypomnie\u0107 wydarzenia z 2023 r. Przed wyborami prezesa PKOl urz\u0119duj\u0105cy w\u00f3wczas Andrzej Kra\u015bnicki <a href=\"https:\/\/przegladsportowy.onet.pl\/igrzyska-olimpijskie\/tajemnicze-spotkanie-u-andrzeja-dudy-decyzja-nie-byla-prezydenta\/e0x4gk3\" id=\"eadaea0e-adcc-4d49-b47e-6758914c8164\" rel=\"nofollow noopener\" target=\"_blank\">spotka\u0142 si\u0119 w Pa\u0142acu Prezydenckim z Andrzejem Dud\u0105, Jackiem Sasinem i Rados\u0142awem Piesiewiczem.<\/a> To Piesiewicz wsp\u00f3lnie z Sasinem przekonywali Kra\u015bnickiego do wycofania si\u0119 z walki o kolejn\u0105 kadencj\u0119.<\/p>\n<p>Kra\u015bnicki po latach m\u00f3wi\u0142, \u017ce ostateczna decyzja nale\u017ca\u0142a do niego. Przyzna\u0142 jednak, \u017ce otrzyma\u0142 jasny sygna\u0142: gdyby pozosta\u0142 prezesem, \u015brodki sp\u00f3\u0142ek Skarbu Pa\u0144stwa zosta\u0142yby odci\u0119te od PKOl. Po zmianie mia\u0142o by\u0107 ich znacznie wi\u0119cej, tak\u017ce dla zwi\u0105zk\u00f3w sportowych.<\/p>\n<p>Znajomy nie\u017cyj\u0105cego ju\u017c Andrzeja Kra\u015bnickiego: \u2014 Oni zrobili mu krzywd\u0119. Wywierali na niego presj\u0119. Mia\u0142em wra\u017cenie, \u017ce czu\u0142 si\u0119 wr\u0119cz zastraszony.<\/p>\n<p>Kra\u015bnicki ust\u0105pi\u0142, Piesiewicz wygra\u0142 wybory, a pa\u0144stwowe sp\u00f3\u0142ki pocz\u0105tkowo rzeczywi\u015bcie szeroko otworzy\u0142y portfele. Po utracie <a href=\"https:\/\/wiadomosci.onet.pl\/tylko-w-onecie\/bunt-przeciw-szefowi-pkol-radoslawowi-piesiewiczowi-petla-sie-zaciska\/er5bsd5\" id=\"e83c7bc8-3658-488f-ad8a-46b84bcb977b\" rel=\"nofollow noopener\" target=\"_blank\">w\u0142adzy przez PiS ten model si\u0119 za\u0142ama\u0142. Wtedy pojawi\u0142y si\u0119 pieni\u0105dze<\/a> samorz\u0105d\u00f3w: przede wszystkim lubelskiego, w mniejszym stopniu podkarpackiego.<\/p>\n<p>Dzi\u015b, gdy afera Zondacrypto wstrz\u0105sa polsk\u0105 polityk\u0105 i sportem, dawni patroni Piesiewicza ustawiaj\u0105 si\u0119 do niego plecami. W PiS nie ma sporu o to, czy prezes PKOl by\u0142 cz\u0142owiekiem partii. Trwa sp\u00f3r o to, czyim dok\u0142adnie by\u0142 cz\u0142owiekiem i kto zap\u0142aci polityczn\u0105 cen\u0119 za miliony, kt\u00f3re do niego pop\u0142yn\u0119\u0142y.<\/p>\n","protected":false},"excerpt":{"rendered":"\u2014 Jacek Sasin bardzo u\u0142atwi\u0142 Piesiewiczowi karier\u0119, ale ostatnio to Morawiecki by\u0142 jego g\u0142\u00f3wnym sojusznikiem \u2014 przekonuje nas&hellip;\n","protected":false},"author":2,"featured_media":663303,"comment_status":"","ping_status":"","sticky":false,"template":"","format":"standard","meta":{"footnotes":"","_share_on_mastodon":"0"},"categories":[62712],"tags":[56,61195,12974,422,690,3946,48,46,15348,15346,47,341,17994],"class_list":["post-663302","post","type-post","status-publish","format-standard","has-post-thumbnail","category-karol-nawrocki","tag-article_premium","tag-bottomfeed_styl","tag-jacek_sasin","tag-jaroslaw_kaczynski","tag-karol-nawrocki","tag-mateusz_morawiecki","tag-nat_styl","tag-omp","tag-polski_komitet_olimpijski","tag-radoslaw_piesiewicz","tag-screening_general","tag-tylko_w_onecie","tag-zondacrypto"],"share_on_mastodon":{"url":"https:\/\/pubeurope.com\/@pl\/117203601839650704","error":""},"_links":{"self":[{"href":"https:\/\/www.europesays.com\/pl\/wp-json\/wp\/v2\/posts\/663302","targetHints":{"allow":["GET"]}}],"collection":[{"href":"https:\/\/www.europesays.com\/pl\/wp-json\/wp\/v2\/posts"}],"about":[{"href":"https:\/\/www.europesays.com\/pl\/wp-json\/wp\/v2\/types\/post"}],"author":[{"embeddable":true,"href":"https:\/\/www.europesays.com\/pl\/wp-json\/wp\/v2\/users\/2"}],"replies":[{"embeddable":true,"href":"https:\/\/www.europesays.com\/pl\/wp-json\/wp\/v2\/comments?post=663302"}],"version-history":[{"count":0,"href":"https:\/\/www.europesays.com\/pl\/wp-json\/wp\/v2\/posts\/663302\/revisions"}],"wp:featuredmedia":[{"embeddable":true,"href":"https:\/\/www.europesays.com\/pl\/wp-json\/wp\/v2\/media\/663303"}],"wp:attachment":[{"href":"https:\/\/www.europesays.com\/pl\/wp-json\/wp\/v2\/media?parent=663302"}],"wp:term":[{"taxonomy":"category","embeddable":true,"href":"https:\/\/www.europesays.com\/pl\/wp-json\/wp\/v2\/categories?post=663302"},{"taxonomy":"post_tag","embeddable":true,"href":"https:\/\/www.europesays.com\/pl\/wp-json\/wp\/v2\/tags?post=663302"}],"curies":[{"name":"wp","href":"https:\/\/api.w.org\/{rel}","templated":true}]}}