{"id":663378,"date":"2026-09-02T22:19:31","date_gmt":"2026-09-02T22:19:31","guid":{"rendered":"https:\/\/www.europesays.com\/pl\/663378\/"},"modified":"2026-09-02T22:19:31","modified_gmt":"2026-09-02T22:19:31","slug":"czarnek-demaskuje-slowa-dulkiewicz-polska-ofiara-drugiej-kategorii","status":"publish","type":"post","link":"https:\/\/www.europesays.com\/pl\/663378\/","title":{"rendered":"Czarnek demaskuje s\u0142owa Dulkiewicz: Polska ofiar\u0105 drugiej kategorii"},"content":{"rendered":"<p data-v-01d4021f=\"\">S\u0142owa Aleksandry Dulkiewicz o cierpieniach mieszka\u0144c\u00f3w Leningradu podczas obchod\u00f3w rocznicy niemieckiej napa\u015bci na Polsk\u0119 spotka\u0142y si\u0119 z ostr\u0105 reakcj\u0105 Przemys\u0142awa Czarnka. &#8222;To s\u0105 ludzie, kt\u00f3rzy wymagaj\u0105 repolonizacji. To s\u0105 ludzie, kt\u00f3rzy maj\u0105 w sobie zakorzenion\u0105 \u015bwiadomo\u015b\u0107, \u017ce je\u015bli Polska by\u0142a ofiar\u0105, to drugiej kategorii, a przy tym troch\u0119 nawet wsp\u00f3\u0142sprawc\u0105&#8221; &#8211; wskaza\u0142 na antenie Telewizji wPolsce24 kandydat PiS na premiera. <\/p>\n<p class=\"isSelectedEnd\" data-v-01d4021f=\"\">Podczas obchod\u00f3w rocznicy niemieckiej napa\u015bci na Polsk\u0119 prezydent Gda\u0144ska Aleksandra Dulkiewicz, zamiast skupi\u0107 si\u0119 na tragedii naszego narodu, m\u00f3wi\u0142a m.in. o\u2026 cierpieniach mieszka\u0144c\u00f3w Leningradu.<\/p>\n<p class=\"isSelectedEnd\" data-v-01d4021f=\"\">85 lat temu rozpocz\u0119\u0142o si\u0119 te\u017c jedno z najtragiczniejszych obl\u0119\u017ce\u0144 w historii \u2013 blokada Leningradu. Niemal 900 dni ludzie uwi\u0119zieni w swoich domach zmagali si\u0119 ze skrajnym niedostatkiem i mrozem do minus 40 stopni. Opisy, do czego g\u0142\u00f3d zdolny jest pchn\u0105\u0107 cz\u0142owieka, \u015bcinaj\u0105 krew w \u017cy\u0142ach<\/p>\n<p class=\"isSelectedEnd\" data-v-01d4021f=\"\">\u2013 stwierdzi\u0142a.<\/p>\n<p>Potrzeba repolonizacji\u00a0<\/p>\n<p class=\"isSelectedEnd\" data-v-01d4021f=\"\">S\u0142owa te na antenie Telewizji wPolsce24 skomentowa\u0142 prof. Przemys\u0142aw Czarnek, by\u0142y minister edukacji i nauki oraz kandydat Prawa i Sprawiedliwo\u015bci na premiera.<\/p>\n<p class=\"isSelectedEnd\" data-v-01d4021f=\"\">To s\u0105 ludzie, kt\u00f3rzy wymagaj\u0105 repolonizacji. To s\u0105 ludzie, kt\u00f3rzy maj\u0105 w sobie zakorzenion\u0105 \u015bwiadomo\u015b\u0107, \u017ce je\u015bli Polska by\u0142a ofiar\u0105, to drugiej kategorii, a przy tym troch\u0119 nawet wsp\u00f3\u0142sprawc\u0105<\/p>\n<p class=\"isSelectedEnd\" data-v-01d4021f=\"\">\u2013 powiedzia\u0142.<\/p>\n<p class=\"isSelectedEnd\" data-v-01d4021f=\"\">St\u0105d ten zabieg pani Dulkiewicz, \u017ceby przy okazji 1 wrze\u015bnia i Westerplatte m\u00f3wi\u0107 o cywilnych ofiarach w Leningradzie. One by\u0142y. Tylko dlaczego m\u00f3wi\u0142a o cywilnych ofiarach w Leningradzie? Dlatego, \u017ceby pokaza\u0107, \u017ce ta wojna tak naprawd\u0119 to by\u0142a du\u017co szersza. Westerplatte by\u0142y tylko jakim\u015b incydentem, ale g\u0142\u00f3wnie to ucierpieli inni, na przyk\u0142ad Rosjanie<\/p>\n<p class=\"isSelectedEnd\" data-v-01d4021f=\"\">\u2013 wskaza\u0142.<\/p>\n","protected":false},"excerpt":{"rendered":"S\u0142owa Aleksandry Dulkiewicz o cierpieniach mieszka\u0144c\u00f3w Leningradu podczas obchod\u00f3w rocznicy niemieckiej napa\u015bci na Polsk\u0119 spotka\u0142y si\u0119 z ostr\u0105&hellip;\n","protected":false},"author":2,"featured_media":663379,"comment_status":"","ping_status":"","sticky":false,"template":"","format":"standard","meta":{"footnotes":"","_share_on_mastodon":"0"},"categories":[12],"tags":[121116,88380,127822,13347,72917,42,38,40,907,99789,4362,39,2462,41,1005,380,423,231,127821,123474,3654],"class_list":["post-663378","post","type-post","status-publish","format-standard","has-post-thumbnail","category-polska","tag-analizy-polityczne","tag-komentarze-polityczne","tag-kulisy-polityki","tag-opozycja","tag-partie-polityczne","tag-pl","tag-poland","tag-polish","tag-polityka","tag-polityka-krajowa","tag-polityka-zagraniczna","tag-polska","tag-polska-polityka","tag-polski","tag-prezydent","tag-rzad","tag-sejm","tag-sondaze","tag-wiadomosci-polityczne","tag-wpolityce-pl","tag-wybory"],"share_on_mastodon":{"url":"https:\/\/pubeurope.com\/@pl\/117203774092738914","error":""},"_links":{"self":[{"href":"https:\/\/www.europesays.com\/pl\/wp-json\/wp\/v2\/posts\/663378","targetHints":{"allow":["GET"]}}],"collection":[{"href":"https:\/\/www.europesays.com\/pl\/wp-json\/wp\/v2\/posts"}],"about":[{"href":"https:\/\/www.europesays.com\/pl\/wp-json\/wp\/v2\/types\/post"}],"author":[{"embeddable":true,"href":"https:\/\/www.europesays.com\/pl\/wp-json\/wp\/v2\/users\/2"}],"replies":[{"embeddable":true,"href":"https:\/\/www.europesays.com\/pl\/wp-json\/wp\/v2\/comments?post=663378"}],"version-history":[{"count":0,"href":"https:\/\/www.europesays.com\/pl\/wp-json\/wp\/v2\/posts\/663378\/revisions"}],"wp:featuredmedia":[{"embeddable":true,"href":"https:\/\/www.europesays.com\/pl\/wp-json\/wp\/v2\/media\/663379"}],"wp:attachment":[{"href":"https:\/\/www.europesays.com\/pl\/wp-json\/wp\/v2\/media?parent=663378"}],"wp:term":[{"taxonomy":"category","embeddable":true,"href":"https:\/\/www.europesays.com\/pl\/wp-json\/wp\/v2\/categories?post=663378"},{"taxonomy":"post_tag","embeddable":true,"href":"https:\/\/www.europesays.com\/pl\/wp-json\/wp\/v2\/tags?post=663378"}],"curies":[{"name":"wp","href":"https:\/\/api.w.org\/{rel}","templated":true}]}}