{"id":663392,"date":"2026-09-02T22:26:13","date_gmt":"2026-09-02T22:26:13","guid":{"rendered":"https:\/\/www.europesays.com\/pl\/663392\/"},"modified":"2026-09-02T22:26:13","modified_gmt":"2026-09-02T22:26:13","slug":"od-jutra-w-biedronce-za-2-zl-normalnie-kosztuja-1999-zl-rmf-fm","status":"publish","type":"post","link":"https:\/\/www.europesays.com\/pl\/663392\/","title":{"rendered":"Od jutra w Biedronce za 2 z\u0142. Normalnie kosztuj\u0105 19,99 z\u0142 :: RMF FM"},"content":{"rendered":"<p>W czwartek 3 wrze\u015bnia w Biedronce zaczynaj\u0105 si\u0119 nowe promocje. Nie jest ju\u017c tajemnic\u0105, czego mo\u017cna spodziewa\u0107 si\u0119 w sklepach sieci w drugiej po\u0142owie tygodnia. Biedronka b\u0119dzie stawia\u0107 przede wszystkim na oferty z produktami za 2 z\u0142, 5 z\u0142 czy 7 z\u0142. Nie zabraknie te\u017c lubianych przez klient\u00f3w akcji z gratisami.<\/p>\n<p><img decoding=\"async\" alt=\"\" src=\"https:\/\/www.europesays.com\/pl\/wp-content\/uploads\/2026\/09\/nowe-promocje-w-biedronce-od-3-wrzesnia-1200x800-4f0026d0.jpg\" class=\"w-100\"\/><\/p>\n<p>Nowe promocje w Biedronce od 3 wrze\u015bnia, \u017ar\u00f3d\u0142o: Shutterstock<\/p>\n<p><a href=\"https:\/\/www.rmf.fm\/magazyn\/tag,Biedronka.html\" target=\"_blank\" rel=\"noopener noreferrer nofollow\" style=\"color:var(--rmf-navy-color);text-decoration:underline\">Biedronka<\/a> \u2013 od 3 wrze\u015bnia<\/p>\n<p>Od czwartku Biedronka rusza z promocjami ze swojej najnowszej gazetki promocyjnej. W jej ramach wprowadzi m.in. nowe akcje z gratisami, z kt\u00f3rych cz\u0119\u015b\u0107 nie b\u0119dzie wymaga\u0142a nawet u\u017cywania karty czy aplikacji Moja Biedronka. Tak ma by\u0107 chocia\u017cby z \u201e2+2 gratis\u201d na lody na patyku Skolim czy \u201e3+2 gratis\u201d na wk\u0142ady parafinowe do zniczy Lumia, 150 g.<\/p>\n<p>Kolejne tego typu okazje sie\u0107 planuje kierowa\u0107 ju\u017c do uczestnik\u00f3w jej programu lojalno\u015bciowego. Z aplikacj\u0105 lub fizyczn\u0105 kart\u0105 sta\u0142ego klienta b\u0119dzie mo\u017cna liczy\u0107 np. na \u201e1+1 gratis\u201d na p\u0142yn do p\u0142ukania tkanin Silan, 1,32 l, \u201e1+1 gratis\u201d na mi\u0119so mielone z \u0142opatki wieprzowej Kraina Mi\u0119s, 500 g czy \u201e1+1 gratis\u201d na such\u0105 karm\u0119 dla psa z wo\u0142owin\u0105 i warzywami Pedigree, 7 kg. Te ostatnie normalnie kosztuj\u0105 74,99 z\u0142 za opakowanie, wi\u0119c promocja pozwoli naprawd\u0119 solidnie zaoszcz\u0119dzi\u0107.<\/p>\n<p>Posiadaczy czworonog\u00f3w ucieszy pewnie tak\u017ce specjalna oferta na such\u0105 karm\u0119 dla psa Activ Pet bez dodatku zb\u00f3\u017c, 2 kg. Je\u015bli we\u017amie si\u0119 dwa opakowania, pierwsze naliczy si\u0119 za regularne 19,99 z\u0142, a drugie ju\u017c za symboliczne 2 z\u0142. Do tego w przeciwie\u0144stwie do wcze\u015bniej wymienionych okazji, tu nie ma wymogu skanowania przy kasie konta MB, sie\u0107 nie wprowadza te\u017c limit\u00f3w.<\/p>\n<p>Zobacz tak\u017ce<\/p>\n<p><a href=\"https:\/\/www.rmf.fm\/styl-zycia\/zdrowie\/news,n1016134,pilny-komunikat-pepco-z-ostatniej-chwili-zaprzestan-uzywania-i-skontaktuj-sie-ze-sklepem.html\" target=\"_blank\" rel=\"noopener noreferrer nofollow\" style=\"color:var(--rmf-navy-color);text-decoration:underline\"><img decoding=\"async\" src=\"https:\/\/www.europesays.com\/pl\/wp-content\/uploads\/2026\/09\/pepco-wydalo-wazny-komunikat-dla-klientow-1200x800-184b9413.jpg\" width=\"290\" alt=\"\"\/><\/a><a href=\"https:\/\/www.rmf.fm\/styl-zycia\/zdrowie\/news,n1016134,pilny-komunikat-pepco-z-ostatniej-chwili-zaprzestan-uzywania-i-skontaktuj-sie-ze-sklepem.html\" target=\"_blank\" rel=\"noopener noreferrer nofollow\" style=\"color:var(--rmf-navy-color);text-decoration:underline\">Pilny komunikat Pepco z ostatniej chwili. \u201eZaprzesta\u0144 u\u017cywania i skontaktuj si\u0119 ze sklepem\u201d<\/a><\/p>\n<p>Pepco informuje o wycofaniu ze sprzeda\u017cy jednego ze swoich produkt\u00f3w. Sie\u0107 wystosowa\u0142a pilny apel. \u201eKlienci, kt\u00f3rzy nabyli wadliw\u0105 zabawk\u0119, powinni niezw\u0142ocznie zaprzesta\u0107 jego u\u017cywania i skontaktowa\u0107 si\u0119 z Pepco\u201d \u2013 przekazano w komunikacie z\u2026<\/p>\n<p>Biedronka \u2013 nowe promocje<\/p>\n<p>Do soboty 5 wrze\u015bnia z aplikacj\u0105 lub kart\u0105 lojalno\u015bciow\u0105 klienci skorzystaj\u0105 r\u00f3wnie\u017c m.in. z dw\u00f3ch du\u017cych promocji z drugim produktem za 7 z\u0142 \u2013 na wszystkie produkty Fairy oraz na ca\u0142\u0105 mark\u0119 Perwoll. Za 5 z\u0142 ma by\u0107 natomiast drugi produkt z kategorii: wszystkie pieluszki Dada Extra Care czy wszystkie pieluszki Pampers Premium Care. Podobnych okazji nie zabraknie w konkurencyjnym Lidlu, kt\u00f3ry od 3 wrze\u015bnia startuje z w\u0142asnymi akcjami z rzeczami za 1 z\u0142 czy nawet 1 gr:<\/p>\n<p>Zobacz tak\u017ce<\/p>\n<p><a href=\"https:\/\/www.rmf.fm\/styl-zycia\/news,n1016155,od-jutra-w-lidlu-za-1-zl-normalnie-kosztuja-2499-zl.html\" target=\"_blank\" rel=\"noopener noreferrer nofollow\" style=\"color:var(--rmf-navy-color);text-decoration:underline\"><img decoding=\"async\" src=\"https:\/\/www.europesays.com\/pl\/wp-content\/uploads\/2026\/09\/nowe-promocje-w-lidlu-od-czwartku-3-wrzesnia-1200x800-2b946f05.jpg\" width=\"290\" alt=\"\"\/><\/a><a href=\"https:\/\/www.rmf.fm\/styl-zycia\/news,n1016155,od-jutra-w-lidlu-za-1-zl-normalnie-kosztuja-2499-zl.html\" target=\"_blank\" rel=\"noopener noreferrer nofollow\" style=\"color:var(--rmf-navy-color);text-decoration:underline\">Od jutra w Lidlu za 1 z\u0142. Normalnie kosztuj\u0105 24,99 z\u0142<\/a><\/p>\n<p>Od czwartku Lidl mocno poszaleje z nowymi okazjami. Sie\u0107 zapowiada nowe akcje z gratisami, a cz\u0119\u015b\u0107 produkt\u00f3w b\u0119dzie do dostania nawet za 1 z\u0142 lub mniej. Warto zwr\u00f3ci\u0107 uwag\u0119 m.in. na promocj\u0119 na popularne herbaty, ale nie tylko.<\/p>\n","protected":false},"excerpt":{"rendered":"W czwartek 3 wrze\u015bnia w Biedronce zaczynaj\u0105 si\u0119 nowe promocje. Nie jest ju\u017c tajemnic\u0105, czego mo\u017cna spodziewa\u0107 si\u0119&hellip;\n","protected":false},"author":2,"featured_media":663393,"comment_status":"","ping_status":"","sticky":false,"template":"","format":"standard","meta":{"footnotes":"","_share_on_mastodon":"0"},"categories":[16],"tags":[1528,1533,1531,113,112,42,38,40,39,41,862],"class_list":["post-663392","post","type-post","status-publish","format-standard","has-post-thumbnail","category-biznes","tag-biedronka","tag-biedronka-gazetka","tag-biedronka-promocje","tag-biznes","tag-business","tag-pl","tag-poland","tag-polish","tag-polska","tag-polski","tag-promocje"],"share_on_mastodon":{"url":"https:\/\/pubeurope.com\/@pl\/117203802628376821","error":""},"_links":{"self":[{"href":"https:\/\/www.europesays.com\/pl\/wp-json\/wp\/v2\/posts\/663392","targetHints":{"allow":["GET"]}}],"collection":[{"href":"https:\/\/www.europesays.com\/pl\/wp-json\/wp\/v2\/posts"}],"about":[{"href":"https:\/\/www.europesays.com\/pl\/wp-json\/wp\/v2\/types\/post"}],"author":[{"embeddable":true,"href":"https:\/\/www.europesays.com\/pl\/wp-json\/wp\/v2\/users\/2"}],"replies":[{"embeddable":true,"href":"https:\/\/www.europesays.com\/pl\/wp-json\/wp\/v2\/comments?post=663392"}],"version-history":[{"count":0,"href":"https:\/\/www.europesays.com\/pl\/wp-json\/wp\/v2\/posts\/663392\/revisions"}],"wp:featuredmedia":[{"embeddable":true,"href":"https:\/\/www.europesays.com\/pl\/wp-json\/wp\/v2\/media\/663393"}],"wp:attachment":[{"href":"https:\/\/www.europesays.com\/pl\/wp-json\/wp\/v2\/media?parent=663392"}],"wp:term":[{"taxonomy":"category","embeddable":true,"href":"https:\/\/www.europesays.com\/pl\/wp-json\/wp\/v2\/categories?post=663392"},{"taxonomy":"post_tag","embeddable":true,"href":"https:\/\/www.europesays.com\/pl\/wp-json\/wp\/v2\/tags?post=663392"}],"curies":[{"name":"wp","href":"https:\/\/api.w.org\/{rel}","templated":true}]}}