{"id":663440,"date":"2026-09-02T22:56:08","date_gmt":"2026-09-02T22:56:08","guid":{"rendered":"https:\/\/www.europesays.com\/pl\/663440\/"},"modified":"2026-09-02T22:56:08","modified_gmt":"2026-09-02T22:56:08","slug":"ceny-paliw-dobijaja-kierowcow-panstwo-z-tektury","status":"publish","type":"post","link":"https:\/\/www.europesays.com\/pl\/663440\/","title":{"rendered":"Ceny paliw dobijaj\u0105 kierowc\u00f3w. &#8222;Pa\u0144stwo z tektury&#8221;"},"content":{"rendered":"\n<p>&#13;<br \/>\nW poniedzia\u0142ek <a href=\"https:\/\/dorzeczy.pl\/ekonomia\/936547\/koniec-programu-cpn-na-stacjach-zabraklo-paliwa.html\" rel=\"nofollow noopener\" target=\"_blank\">rz\u0105d zako\u0144czy\u0142 pakiet CPN,<\/a> kt\u00f3ry zosta\u0142 w\u00a0ograniczonym zakresie przywr\u00f3cony na\u00a0ostatnie dwa tygodnie wakacji. W\u00a0zwi\u0105zku z\u00a0decyzj\u0105 rz\u0105du ceny paliw znacznie poszybowa\u0142y w\u00a0g\u00f3r\u0119. &#13;\n<\/p>\n<p>Ceny paliw w\u00a0g\u00f3r\u0119. Dlaczego rz\u0105d wygasi\u0142 pakiet CPN?<\/p>\n<p>&#13;<br \/>\nZbigniew Ku\u017amiuk, pose\u0142 PiS, pytany, czy\u00a0jego zdaniem rz\u0105d nie\u00a0przed\u0142u\u017cy\u0142 pakietu CPN przez z\u0142\u0105 sytuacj\u0119 bud\u017cetow\u0105, oceni\u0142, \u017ce\u00a0&#8222;nie ulega w\u0105tpliwo\u015bci, \u017ce\u00a0mamy do\u00a0czynienia za\u00a0tych rz\u0105d\u00f3w z\u00a0pa\u0144stwem ju\u017c nawet z\u00a0dykty, tylko z\u00a0tektury&#8221;. &#13;\n<\/p>\n<p>&#13;<br \/>\n\u2013 20. gospodarka \u015bwiata, kt\u00f3r\u0105 si\u0119 chwalimy, powinna by\u0107 przygotowana na\u00a0r\u00f3\u017cnego rodzaju kryzysy. Zreszt\u0105, ka\u017cde cywilizowane pa\u0144stwo tak funkcjonuje, \u017ceby na\u00a0tego rodzaju sytuacje, by\u0107 przygotowanym \u2013\u00a0doda\u0142. &#13;\n<\/p>\n<p>&#13;<br \/>\nPrzypomnia\u0142, \u017ce\u00a0w\u00a02020 roku, kiedy wybuch\u0142a wojna na\u00a0Ukrainie, rz\u0105d PiS podj\u0105\u0142 decyzj\u0119 o\u00a0obni\u017ceniu stawek VAT i\u00a0akcyzy. \u2013\u00a0Nie\u00a0tylko na\u00a0paliwa, ale\u00a0tak\u017ce na\u00a0gaz, na\u00a0pr\u0105d, na\u00a0ciep\u0142o systemowe i\u00a0dodatkowo na\u00a0nawozy oraz\u00a0\u017cywno\u015b\u0107. Obni\u017cka trwa\u0142a 12 miesi\u0119cy, a\u00a0na \u017cywno\u015b\u0107 jeszcze d\u0142u\u017cej. Oczywi\u015bcie, to\u00a0kosztowa\u0142o bud\u017cet pa\u0144stwa przynajmniej kilkadziesi\u0105t mld z\u0142, a\u00a0przypominam, \u017ce\u00a0zako\u0144czyli\u015bmy 2022 rok deficytem na\u00a0poziomie zaledwie 12,5 mld z\u0142. Wi\u0119c na\u00a0takie okoliczno\u015bci ka\u017cde cywilizowane pa\u0144stwo powinno by\u0107 przygotowane \u2013\u00a0zauwa\u017cy\u0142. &#13;\n<\/p>\n<p>&#13;<br \/>\nZbigniew Ku\u017amiuk zauwa\u017cy\u0142, \u017ce\u00a0rz\u0105d wprowadzi\u0142 pakiet CPN najpierw na\u00a0trzy miesi\u0105ce, a\u00a0teraz w\u00a0sierpniu zaledwie na\u00a0dwa tygodnie. \u2013\u00a0Przepychanki trwa\u0142y par\u0119 tygodni, \u017ceby ta\u0144szy powr\u00f3t z\u00a0wakacji Polakom zapewni\u0107. Wygl\u0105da\u0142o to\u00a0\u017cenuj\u0105co, bo\u00a0przecie\u017c chodzi\u0142o o\u00a0nieca\u0142e p\u00f3\u0142 mld z\u0142, a\u00a020. gospodarki \u015bwiata nie\u00a0by\u0142o na\u00a0to\u00a0sta\u0107 \u2013\u00a0podkre\u015bli\u0142. &#13;\n<\/p>\n<p>Ceny paliw wp\u0142ywaj\u0105 na\u00a0inflacj\u0119. RPP podniesie stopy procentowe?<\/p>\n<p>&#13;<br \/>\nPose\u0142 PiS zwr\u00f3ci\u0142 uwag\u0119, \u017ce\u00a0konflikt w\u00a0Zatoce Perskiej trwa i\u00a0dop\u00f3ki sytuacja si\u0119 nie\u00a0uspokoi, to\u00a0b\u0119dziemy mieli do\u00a0czynienia z\u00a0wysokimi cenami ropy naftowej na\u00a0rynku \u015bwiatowym, co\u00a0w\u00a0konsekwencji przek\u0142ada na\u00a0ceny paliw na\u00a0stacjach benzynowych. &#13;\n<\/p>\n<p>&#13;<br \/>\n\u2013 To\u00a0z\u00a0kolei przek\u0142ada si\u0119 na\u00a0koszty funkcjonowania zar\u00f3wno gospodarki, jak i\u00a0gospodarstw domowych, a\u00a0w\u00a0zwi\u0105zku z\u00a0tym na\u00a0inflacj\u0119. <a href=\"https:\/\/dorzeczy.pl\/ekonomia\/936145\/gus-inflacja-konsumencka-w-polsce-wyniosla-34-proc-co-z-pkb.html\" rel=\"nofollow noopener\" target=\"_blank\">Inflacja w\u00a0sierpniu ju\u017c wynios\u0142a 3,4 proc.<\/a> Moim zdaniem, je\u017celi b\u0119dziemy mieli do\u00a0czynienia we\u00a0wrze\u015bniu z\u00a0tak wysokimi cenami, to\u00a0przekroczy 4\u00a0proc., w\u00a0zwi\u0105zku z\u00a0czym Rada Polityki Pieni\u0119\u017cnej b\u0119dzie musia\u0142a zareagowa\u0107 \u2013\u00a0oceni\u0142. &#13;\n<\/p>\n<p>&#13;<br \/>\nPytany, czy\u00a0uwa\u017ca, \u017ce\u00a0RPP podniesie stopy procentowe kredyt\u00f3w, odpowiedzia\u0142, \u017ce\u00a0Rada Polityki Pieni\u0119\u017cnej pewnie b\u0119dzie obserwowa\u0107 to\u00a0zjawisko. &#13;\n<\/p>\n<p>&#13;<br \/>\n\u2013 Jednak, je\u017celi oka\u017ce si\u0119, \u017ce\u00a0wzrost cen paliw jest trwa\u0142y i\u00a0nie ma\u00a0perspektywy spadku cen paliw, to\u00a0w\u00a0oczywisty spos\u00f3b b\u0119dzie musia\u0142a by\u0107 reakcja. Wi\u0119c jeszcze raz powt\u00f3rz\u0119 \u2013\u00a0dobrze zorganizowane pa\u0144stwo powinno by\u0107 na\u00a0takie sytuacje przygotowane \u2013\u00a0doda\u0142. &#13;\n<\/p>\n<p>Rz\u0105d obarcza prezydenta odpowiedzialno\u015bci\u0105 o\u00a0wysokie ceny paliw<\/p>\n<p>&#13;<br \/>\nZbigniew Ku\u017amiuk pytany o\u00a0narracj\u0119 rz\u0105du, kt\u00f3ry twierdzi, \u017ce\u00a0wysokie ceny paliw mamy przez prezydenta, poniewa\u017c skierowa\u0142 do\u00a0Trybuna\u0142u Konstytucyjnego ustaw\u0119 o\u00a0nadmiarowych zyskach firm paliwowych, odpowiedzia\u0142, \u017ce\u00a0&#8222;prezydent uratowa\u0142 Polsk\u0119 przed kompromitacj\u0105&#8221;. &#13;\n<\/p>\n<p>&#13;<br \/>\n\u2013 Po\u00a0pierwsze \u2013\u00a0dlatego, \u017ce\u00a04 mld z\u0142, kt\u00f3re mia\u0142y zosta\u0107 \u015bci\u0105gni\u0119te, to\u00a0prawdopodobnie 2\u00a0mld pochodzi\u0142yby z\u00a0Orlenu, ale\u00a0pozosta\u0142e 2\u00a0mld to\u00a0pozosta\u0142e firmy sektora paliwowego zagraniczne. O\u00a0ile Orlen nie\u00a0odwa\u017cy\u0142by si\u0119 tego skar\u017cy\u0107, bo\u00a0to by\u0142a jego ostatnia skarga, to\u00a0zagraniczne formy by\u00a0to\u00a0skar\u017cy\u0142y. Nie\u00a0ulega w\u0105tpliwo\u015bci, \u017ce\u00a0poniewa\u017c jest to\u00a0niezgodne z\u00a0polsk\u0105 konstytucj\u0105, wygraliby to\u00a0w\u00a0cuglach. Wi\u0119c nie\u00a0tylko by\u0142by zwrot, ale\u00a0by\u015bmy zap\u0142acili gigantyczne odszkodowania za\u00a0t\u0119 ustaw\u0119. Po\u00a0drugie \u2013\u00a0rozesz\u0142aby si\u0119 po\u00a0\u015bwiecie informacja, \u017ce\u00a0Polska nie\u00a0jest krajem stabilnym i\u00a0przewidywalnym, bo\u00a0potrafi wprowadzi\u0107 podatki obowi\u0105zuj\u0105ce wstecz. Dla\u00a0reputacji kraju na\u00a0dorobku by\u0142oby skandalem \u2013\u00a0wyja\u015bni\u0142. &#13;\n<\/p>\n<p>&#13;<br \/>\nZdaniem pos\u0142a PiS &#8222;pan prezydent obroni\u0142 Polsk\u0119 przed gigantycznym skandalem, a\u00a0jednocze\u015bnie pr\u00f3buje si\u0119 na\u00a0nim wiesza\u0107 psy&#8221;. \u2013\u00a0To\u00a0po\u00a0prostu skrajna nieodpowiedzialno\u015b\u0107 \u2013\u00a0doda\u0142. &#13;\n<\/p>\n<p>&#13;<br \/>\n   Czytaj te\u017c:<br \/><a href=\"https:\/\/dorzeczy.pl\/kraj\/937075\/ceny-paliw-w-gore-czarnek-pis-zada-dzialania-rzadu-na-rzecz-polskich-kierowcow.html\" rel=\"follow nofollow noopener\" data-schema=\"DORZECZY\" data-image=\"https:\/\/img.dorzeczy.pl\/_thumb\/c3\/b4\/7d3c445a278940984fd079af07fc.jpeg\" target=\"_blank\">&#8222;Tego \u017c\u0105damy&#8221;. Propozycja PiS ws. cen paliw<\/a>   Czytaj te\u017c:<br \/><a href=\"https:\/\/dorzeczy.pl\/ekonomia\/936919\/skonczyl-sie-program-cpn-77-proc-polakow-chce-jego-powrotu.html\" rel=\"follow nofollow noopener\" data-schema=\"DORZECZY\" data-image=\"https:\/\/img.dorzeczy.pl\/_thumb\/c0\/46\/0c1ce2a5f2246c4ea05c096b77ec.jpeg\" target=\"_blank\">Sonda\u017c o\u00a0cenach paliw. Polacy wskazali, co\u00a0powinien zrobi\u0107 rz\u0105d<\/a>&#13;<\/p>\n","protected":false},"excerpt":{"rendered":"&#13; W poniedzia\u0142ek rz\u0105d zako\u0144czy\u0142 pakiet CPN, kt\u00f3ry zosta\u0142 w\u00a0ograniczonym zakresie przywr\u00f3cony na\u00a0ostatnie dwa tygodnie wakacji. W\u00a0zwi\u0105zku z\u00a0decyzj\u0105&hellip;\n","protected":false},"author":2,"featured_media":663441,"comment_status":"","ping_status":"","sticky":false,"template":"","format":"standard","meta":{"footnotes":"","_share_on_mastodon":"0"},"categories":[16],"tags":[113,387,112,9039,98,2623,690,49,8136,102,72543,42,38,40,39,41,18502,380,4294,2846],"class_list":["post-663440","post","type-post","status-publish","format-standard","has-post-thumbnail","category-biznes","tag-biznes","tag-budzet","tag-business","tag-ceny-paliw","tag-dorzeczy","tag-inflacja","tag-karol-nawrocki","tag-kraj","tag-lidia-lemaniak","tag-opinie","tag-pakiet-cpn","tag-pl","tag-poland","tag-polish","tag-polska","tag-polski","tag-rpp","tag-rzad","tag-stopy-procentowe","tag-tylko-na-dorzeczy-pl"],"share_on_mastodon":{"url":"https:\/\/pubeurope.com\/@pl\/117203919356304229","error":""},"_links":{"self":[{"href":"https:\/\/www.europesays.com\/pl\/wp-json\/wp\/v2\/posts\/663440","targetHints":{"allow":["GET"]}}],"collection":[{"href":"https:\/\/www.europesays.com\/pl\/wp-json\/wp\/v2\/posts"}],"about":[{"href":"https:\/\/www.europesays.com\/pl\/wp-json\/wp\/v2\/types\/post"}],"author":[{"embeddable":true,"href":"https:\/\/www.europesays.com\/pl\/wp-json\/wp\/v2\/users\/2"}],"replies":[{"embeddable":true,"href":"https:\/\/www.europesays.com\/pl\/wp-json\/wp\/v2\/comments?post=663440"}],"version-history":[{"count":0,"href":"https:\/\/www.europesays.com\/pl\/wp-json\/wp\/v2\/posts\/663440\/revisions"}],"wp:featuredmedia":[{"embeddable":true,"href":"https:\/\/www.europesays.com\/pl\/wp-json\/wp\/v2\/media\/663441"}],"wp:attachment":[{"href":"https:\/\/www.europesays.com\/pl\/wp-json\/wp\/v2\/media?parent=663440"}],"wp:term":[{"taxonomy":"category","embeddable":true,"href":"https:\/\/www.europesays.com\/pl\/wp-json\/wp\/v2\/categories?post=663440"},{"taxonomy":"post_tag","embeddable":true,"href":"https:\/\/www.europesays.com\/pl\/wp-json\/wp\/v2\/tags?post=663440"}],"curies":[{"name":"wp","href":"https:\/\/api.w.org\/{rel}","templated":true}]}}