{"id":663450,"date":"2026-09-02T23:01:32","date_gmt":"2026-09-02T23:01:32","guid":{"rendered":"https:\/\/www.europesays.com\/pl\/663450\/"},"modified":"2026-09-02T23:01:32","modified_gmt":"2026-09-02T23:01:32","slug":"nawrocki-oberwie-politycznie-ws-zondacrypto-ekspert-wskazuje-jeden-czynnik","status":"publish","type":"post","link":"https:\/\/www.europesays.com\/pl\/663450\/","title":{"rendered":"Nawrocki \u201eoberwie\u201d politycznie ws. Zondacrypto? Ekspert wskazuje jeden czynnik"},"content":{"rendered":"<p>Karol Nawrocki w centrum kontrowersji wok\u00f3\u0142 Zondacrypto z powodu jego udzia\u0142u w konferencji CPAC, sponsorowanej przez gie\u0142d\u0119 kryptowalut na kilka dni przed wyborami w 2025 roku.<\/p>\n<p>Prezydent trzykrotnie zawetowa\u0142 ustawy dotycz\u0105ce regulacji rynku kryptowalut, co wywo\u0142a\u0142o spekulacje o jego potencjalnych zwi\u0105zkach z bran\u017c\u0105, mimo braku mocnych dowod\u00f3w.<\/p>\n<p>Afera Zondacrypto nabiera tempa: wsp\u00f3\u0142praca w\u0142adz z prezesem gie\u0142dy, zatrzymanie prezesa PKOl Rados\u0142awa Piesiewicza za p\u0142atn\u0105 protekcj\u0119.<\/p>\n<p>\n<a href=\"https:\/\/wiadomosci.radiozet.pl\/tag\/kategoria\/karol-nawrocki\" target=\"_blank\" rel=\"dofollow noopener\">Karol Nawrocki <\/a>mo\u017ce mie\u0107 problemy i ucierpie\u0107 politycznie przez<br \/>\n<a href=\"https:\/\/wiadomosci.radiozet.pl\/polska\/przelom-w-sledztwie-ws-zondacrypto-prezes-pkol-radoslaw-p-uslyszal-zarzuty\" target=\"_blank\" rel=\"dofollow noopener\">afer\u0119 wok\u00f3\u0142 Zondacrypto?<\/a> Nazwisko prezydenta przewija si\u0119 w kilku w\u0105tkach dotycz\u0105cych sprawy. Chodzi m.in. o s\u0142ynn\u0105 konferencj\u0119 CPAC, kt\u00f3ra w maju w 2025 roku \u2013 na kilka dni przed II tur\u0105 wybor\u00f3w prezydenckich \u2013 odby\u0142a si\u0119 w podrzeszowskiej Jasionce. Wydarzenie sponsorowa\u0142a wspomniana wy\u017cej gie\u0142da kryptowalut, a uczestniczy\u0142 w niej w\u0142a\u015bnie \u00f3wczesny kandydat PiS na prezydenta. Sam zainteresowany zapewnia, \u017ce dowiedzia\u0142 si\u0119 o tym po czasie, a w imprezie wzi\u0105\u0142 udzia\u0142 na zaproszenie przedstawiciele ameryka\u0144skiej administracji.\u00a0<\/p>\n<p><a name=\"eztoc42717280_0_5\" id=\"eztoc42717280_0_5\"\/>Zondacrypto a Nawrocki. \u201eMusia\u0142yby istnie\u0107 mocniejsze dowody\u201d<\/p>\n<p>Spekulacje nie ustaj\u0105 tak\u017ce z uwagi na to, \u017ce Nawrocki a\u017c trzykrotnie zawetowa\u0142 ustaw\u0119, kt\u00f3ra w zamierzeniu mia\u0142a regulowa\u0107 rynek kryptowalut w Polsce. Argumentowa\u0142, \u017ce jej przepisy zagra\u017caj\u0105 wolno\u015bciom Polak\u00f3w, ich maj\u0105tkowi i stabilno\u015bci pa\u0144stwa. Przeciwnicy prezydenta przekonuj\u0105, \u017ce weta nie by\u0142y przypadkowe, cho\u0107 dowod\u00f3w na jego zwi\u0105zki z lobbystami bran\u017cy krypto nie ma. Pojawiaj\u0105 si\u0119 r\u00f3wnie\u017c pog\u0142oski o rzekomych nagraniach z udzia\u0142em g\u0142owy pa\u0144stwa, czemu zaprzecza\u0142 ostatnio w rozmowie z Polsat News prezydencki rzecznik. Rafa\u0142 Le\u015bkiewicz nazwa\u0142 te doniesienia \u201ebzdurami\u201d. Sam Nawrocki zapewnia tak\u017ce, i\u017c nigdy nie spotka\u0142 si\u0119 z prezesem Zondacrypto Przemys\u0142awem Kralem.\u00a0<\/p>\n<p>&#8211; \u017beby to jakkolwiek uderzy\u0142o w Karola Nawrockiego, musia\u0142yby istnie\u0107 jakie\u015b mocniejsze materia\u0142y \u2013 m\u00f3wi w rozmowie z RadioZET.pl dr hab. Bart\u0142omiej Biskup z Katedry Socjologii Polityki i Marketingu Politycznego Wydzia\u0142u Nauk Politycznych i Studi\u00f3w Mi\u0119dzynarodowych Uniwersytetu Warszawskiego. Jego zdaniem Polacy nie wi\u0105\u017c\u0105 prezydenta bezpo\u015brednio z afer\u0105 wok\u00f3\u0142 Zondacrypto \u2013 ani na poziomie doniesie\u0144 medialnych, ani w kontek\u015bcie wet. &#8211; Na pewno nie wida\u0107 tego w sonda\u017cach. Nie ma tu ci\u0105gu przyczynowo-skutkowego \u2013 dodaje.<\/p>\n<p>Przypomina, \u017ce cho\u0107 Nawrocki a\u017c trzykrotnie wetowa\u0142 projekt ustawy ws. kryptowalut, to za ka\u017cdym razem \u201emusia\u0142 przecie\u017c analizowa\u0107 jej zapisy\u201d, zanim podj\u0105\u0142 decyzj\u0119. &#8211; Cho\u0107 oczywi\u015bcie z drugiej strony, je\u015bli przeciwnicy polityczni b\u0119d\u0105 prowadzili narracj\u0119 pt. \u201eNawrocki = Zondacrypto\u201d, to tak powtarzane tysi\u0105c razy has\u0142o mo\u017ce utkwi\u0107 w g\u0142owach. Ale powtarzam: tu musia\u0142yby si\u0119 pojawi\u0107 mocne dowody, np. nagrania, \u017ceby go jako\u015b z tym powi\u0105za\u0107. I \u017ceby m\u00f3c m\u00f3wi\u0107, \u017ce prezydent \u201edzia\u0142a w czyim\u015b interesie\u201d, nie podpisuj\u0105c danej ustawy \u2013 podsumowuje rozm\u00f3wca RadioZET.pl.\u00a0<\/p>\n<p><a name=\"eztoc42717280_0_6\" id=\"eztoc42717280_0_6\"\/>Nowe w\u0105tki w aferze Zondacrypto<\/p>\n<p>Od kilku dni zn\u00f3w g\u0142o\u015bno ws. afery Zondacrypto. Najpierw dziennikarze &#8222;Superwizjera&#8221; i Wirtrualnej Polski ustalili, \u017ce pose\u0142 PiS i wieloletni wsp\u00f3\u0142pracownik Jaros\u0142awa Kaczy\u0144skiego, Micha\u0142 Moskal oraz Artur Chodzi\u0144ski, by\u0142y funkcjonariusz CBA spotkali si\u0119 w sierpniu ubieg\u0142ego roku na hiszpa\u0144skiej Ibizie z prezesem gie\u0142dy kryptowalut Przemys\u0142awem Kralem.\u00a0<\/p>\n<p>Z ustale\u0144 TVP Info wynika, \u017ce<br \/>\n<a href=\"https:\/\/wiadomosci.radiozet.pl\/polska\/szef-zondacrypto-zeznaje-przemyslaw-kral-poszedl-na-wspolprace-z-organami-scigania\" target=\"_blank\" rel=\"dofollow noopener\">od kilku miesi\u0119cy (od marca tego roku) trwa wsp\u00f3\u0142praca Krala z polskimi organami \u015bcigania. Onet podawa\u0142 z kolei, \u017ce szef Zondacrypto w ostatnich miesi\u0105cach kilka razy spotyka\u0142 si\u0119 z przedstawicielami prokuratury.<\/a> Wiosn\u0105 mia\u0142 rozpocz\u0105\u0107 sk\u0142adanie wyja\u015bnie\u0144 w ramach art. 60 Kodeksu karnego. Wi\u0105\u017ce si\u0119 to z instytucj\u0105 nadzwyczajnego z\u0142agodzenia kary (potocznie zwan\u0105 \u201ema\u0142ym \u015bwiadkiem koronnym\u201d). Dotyczy sytuacji, w kt\u00f3rej podejrzany lub oskar\u017cony decyduje si\u0119 na pe\u0142n\u0105 wsp\u00f3\u0142prac\u0119 z organami \u015bcigania i ujawnienie informacji o przest\u0119pstwie oraz innych wsp\u00f3\u0142sprawcach.<\/p>\n<p>Z kolei<br \/>\n<a href=\"https:\/\/wiadomosci.radiozet.pl\/polska\/przelom-w-sledztwie-ws-zondacrypto-prezes-pkol-radoslaw-p-uslyszal-zarzuty\" target=\"_blank\" rel=\"dofollow noopener\"> w czwartek zatrzymany zosta\u0142 prezes Polskiego Komitetu Olimpijskiego Rados\u0142aw Piesiewicz. Us\u0142ysza\u0142 ju\u017c zarzuty, kt\u00f3re dotycz\u0105 p\u0142atnej protekcji i zaspokojenia grupy wierzycieli Zondacrypto <\/a>z pokrzywdzeniem innych os\u00f3b w zwi\u0105zku z gro\u017c\u0105c\u0105 niewyp\u0142acalno\u015bci\u0105. Szef PKOl nie przyznaje si\u0119 do winy. Decyzj\u0105 s\u0105du zastosowano wobec niego trzymiesi\u0119czny areszt. Piesiewiczowi grozi\u0107 mo\u017ce nawet 8 lat wi\u0119zienia.\u00a0<\/p>\n<p>\u0179r\u00f3d\u0142o: Radio ZET<\/p>\n<p>By\u0142e\u015b \u015bwiadkiem czego\u015b niespodziewanego? Masz temat, kt\u00f3rym powinni\u015bmy si\u0119 zaj\u0105\u0107?<\/p>\n<p>Zg\u0142o\u015b spraw\u0119 przez <a href=\"https:\/\/wiadomosci.radiozet.pl\/czerwony-telefon\" target=\"_blank\" title=\"Czerwony telefon Radia Zet\" rel=\"nofollow noopener\">Czerwony telefon Radia ZET<\/a><\/p>\n","protected":false},"excerpt":{"rendered":"Karol Nawrocki w centrum kontrowersji wok\u00f3\u0142 Zondacrypto z powodu jego udzia\u0142u w konferencji CPAC, sponsorowanej przez gie\u0142d\u0119 kryptowalut&hellip;\n","protected":false},"author":2,"featured_media":663451,"comment_status":"","ping_status":"","sticky":false,"template":"","format":"standard","meta":{"footnotes":"","_share_on_mastodon":"0"},"categories":[62712],"tags":[11215,690,3835,15347,2462,1005,8206,14122],"class_list":["post-663450","post","type-post","status-publish","format-standard","has-post-thumbnail","category-karol-nawrocki","tag-afera","tag-karol-nawrocki","tag-kryptowaluty","tag-pkol","tag-polska-polityka","tag-prezydent","tag-weto","tag-weto-prezydenta"],"share_on_mastodon":{"url":"https:\/\/pubeurope.com\/@pl\/117203939438800492","error":""},"_links":{"self":[{"href":"https:\/\/www.europesays.com\/pl\/wp-json\/wp\/v2\/posts\/663450","targetHints":{"allow":["GET"]}}],"collection":[{"href":"https:\/\/www.europesays.com\/pl\/wp-json\/wp\/v2\/posts"}],"about":[{"href":"https:\/\/www.europesays.com\/pl\/wp-json\/wp\/v2\/types\/post"}],"author":[{"embeddable":true,"href":"https:\/\/www.europesays.com\/pl\/wp-json\/wp\/v2\/users\/2"}],"replies":[{"embeddable":true,"href":"https:\/\/www.europesays.com\/pl\/wp-json\/wp\/v2\/comments?post=663450"}],"version-history":[{"count":0,"href":"https:\/\/www.europesays.com\/pl\/wp-json\/wp\/v2\/posts\/663450\/revisions"}],"wp:featuredmedia":[{"embeddable":true,"href":"https:\/\/www.europesays.com\/pl\/wp-json\/wp\/v2\/media\/663451"}],"wp:attachment":[{"href":"https:\/\/www.europesays.com\/pl\/wp-json\/wp\/v2\/media?parent=663450"}],"wp:term":[{"taxonomy":"category","embeddable":true,"href":"https:\/\/www.europesays.com\/pl\/wp-json\/wp\/v2\/categories?post=663450"},{"taxonomy":"post_tag","embeddable":true,"href":"https:\/\/www.europesays.com\/pl\/wp-json\/wp\/v2\/tags?post=663450"}],"curies":[{"name":"wp","href":"https:\/\/api.w.org\/{rel}","templated":true}]}}