{"id":663492,"date":"2026-09-02T23:29:16","date_gmt":"2026-09-02T23:29:16","guid":{"rendered":"https:\/\/www.europesays.com\/pl\/663492\/"},"modified":"2026-09-02T23:29:16","modified_gmt":"2026-09-02T23:29:16","slug":"kiedy-trump-spotka-sie-z-putinem-prezydent-usa-mowi-co-musi-zrobic-rosja","status":"publish","type":"post","link":"https:\/\/www.europesays.com\/pl\/663492\/","title":{"rendered":"Kiedy Trump spotka si\u0119 z Putinem? Prezydent USA m\u00f3wi, co musi zrobi\u0107 Rosja"},"content":{"rendered":"<p>Donald Trump odpowiedzia\u0142 w ten spos\u00f3b na pytanie, czy ma nadziej\u0119 na kolejny szczyt z rosyjskim przyw\u00f3dc\u0105. \u2014 On by to zrobi\u0142. Ja tego chc\u0119, ale chc\u0119 to zrobi\u0107, kiedy b\u0119dziemy gotowi, by zawrze\u0107 uk\u0142ad pokojowy \u2014 powiedzia\u0142 ameryka\u0144ski prezydent. Doda\u0142, \u017ce chce mie\u0107 dobre stosunki z Rosj\u0105 i Ukrain\u0105, bo by\u0142oby to dobre dla biznesu, zw\u0142aszcza \u017ce Rosja &#8222;ma \u015bwietne i bardzo cenne ziemie&#8221;.<\/p>\n<p>Dalszy ci\u0105g artyku\u0142u pod materia\u0142em wideo<\/p>\n<p>Trump oceni\u0142, \u017ce cho\u0107 przeszkod\u0105 w zawarciu pokoju jest animozja mi\u0119dzy przyw\u00f3dcami Rosji i Ukrainy, Putinem i Wo\u0142odymyrem Ze\u0142enskim, to uwa\u017ca, \u017ce w rozmowach pojawi\u0142 si\u0119 &#8222;nowy impuls energii&#8221;, a porozumienie jest blisko.<\/p>\n<p><a href=\"https:\/\/www.onet.pl\/\" title=\"Strona G\u0142\u00f3wna\" aria-label=\"Strona G\u0142\u00f3wna\" data-astro-prefetch=\"tap\" class=\"ods-a-logo-main-desktop\" rel=\"nofollow noopener\" target=\"_blank\"><img src=\"https:\/\/cdn.wiadomosci.onet.pl\/img\/Logo_desktop_Onet.svg\" class=\"ods-a-logo-main-desktop__image\" alt=\"Logo\" width=\"107\" height=\"60\" fetchpriority=\"high\" decoding=\"sync\" style=\"height:60px\"\/><\/a><\/p>\n<p class=\"ods-m-google-article__text\">Czytaj nas cz\u0119\u015bciej w Google<\/p>\n<p><a href=\"https:\/\/google.com\/preferences\/source?q=wiadomosci.onet.pl\" target=\"_blank\" rel=\"noopener noreferrer nofollow\" aria-label=\"Dodaj w Google\" title=\"Dodaj w Google\" class=\"ods-a-button ods-a-button__primary ods-a-button__default ods-a-button-l\">Dodaj w Google<\/a><\/p>\n<p>Wed\u0142ug Kremla przyw\u00f3dcy USA, Rosji i Chin mog\u0105 spotka\u0107 si\u0119 w tr\u00f3jk\u0119 podczas szczytu Wsp\u00f3lnoty Gospodarczej Azji i Pacyfiku (APEC) w chi\u0144skim Shenzhen w listopadzie. Bia\u0142y Dom dot\u0105d nie potwierdzi\u0142 tych doniesie\u0144.<\/p>\n<p>W podobnie optymistyczny spos\u00f3b Trump m\u00f3wi\u0142 o szansach na zako\u0144czenie wojny z Iranem, twierdz\u0105c, \u017ce mo\u017ce do tego doj\u015b\u0107 &#8222;ca\u0142kiem wkr\u00f3tce&#8221;. Powiedzia\u0142, \u017ce &#8222;nie wie, ile re\u017cim jeszcze wytrzyma&#8221; i spekulowa\u0142, \u017ce Ira\u0144czycy wkr\u00f3tce mog\u0105 ponownie wyj\u015b\u0107 na ulice, by obali\u0107 w\u0142adze.<\/p>\n<p>\u2014 Re\u017cim staje si\u0119 coraz s\u0142abszy z dnia na dzie\u0144 i w pewnym momencie nie b\u0119dzie ju\u017c m\u00f3g\u0142 tak \u0142atwo strzela\u0107 (do ludzi). My\u015bl\u0119, \u017ce ludzie nie b\u0119d\u0105 d\u0142ugo tego tolerowa\u0107 \u2014 oceni\u0142 prezydent USA.<\/p>\n<p>&#8222;Bezpo\u015bredni cios&#8221;. Miedwiediew grozi Niemcom atakiem. Za\u0142amanie stosunk\u00f3w mi\u0119dzy Berlinem i Moskw\u0105<img class=\"ods-a-photo ods-a-photo--background\" src=\"https:\/\/www.europesays.com\/pl\/wp-content\/uploads\/2026\/09\/4chk9lBaHR0cHM6Ly9vY2RuLmV1L3B1bHNjbXMvTURBXy81NzI5MzNiODk5MWE5NjAxMTUyOWM2MjJiNDFkZGRkZC5qcGeRlQLNA.jpeg\" height=\"334\" width=\"450\" alt=\"Dmitrij Miedwiediew\" loading=\"lazy\" fetchpriority=\"low\" decoding=\"async\"\/><\/p>\n","protected":false},"excerpt":{"rendered":"Donald Trump odpowiedzia\u0142 w ten spos\u00f3b na pytanie, czy ma nadziej\u0119 na kolejny szczyt z rosyjskim przyw\u00f3dc\u0105. \u2014&hellip;\n","protected":false},"author":2,"featured_media":663493,"comment_status":"","ping_status":"","sticky":false,"template":"","format":"standard","meta":{"footnotes":"","_share_on_mastodon":"0"},"categories":[14],"tags":[61195,32,33,44,27,76,34,35,28,31,48,25,46,40,41,87,47,80,29,30,415,71,26,408,309,82,83,84],"class_list":["post-663492","post","type-post","status-publish","format-standard","has-post-thumbnail","category-swiat","tag-bottomfeed_styl","tag-breaking-news","tag-breakingnews","tag-donald_trump","tag-headlines","tag-inwazja_rosji_na_ukraine","tag-latest-news","tag-latestnews","tag-naglowki","tag-najwazniejsze-artykuly","tag-nat_styl","tag-news","tag-omp","tag-polish","tag-polski","tag-rosja","tag-screening_general","tag-swiat","tag-top-stories","tag-topstories","tag-ukraina","tag-usa","tag-wiadomosci","tag-wladimir_putin","tag-wolodymyr_zelenski","tag-world","tag-world-news","tag-worldnews"],"share_on_mastodon":{"url":"https:\/\/pubeurope.com\/@pl\/117204049494925506","error":""},"_links":{"self":[{"href":"https:\/\/www.europesays.com\/pl\/wp-json\/wp\/v2\/posts\/663492","targetHints":{"allow":["GET"]}}],"collection":[{"href":"https:\/\/www.europesays.com\/pl\/wp-json\/wp\/v2\/posts"}],"about":[{"href":"https:\/\/www.europesays.com\/pl\/wp-json\/wp\/v2\/types\/post"}],"author":[{"embeddable":true,"href":"https:\/\/www.europesays.com\/pl\/wp-json\/wp\/v2\/users\/2"}],"replies":[{"embeddable":true,"href":"https:\/\/www.europesays.com\/pl\/wp-json\/wp\/v2\/comments?post=663492"}],"version-history":[{"count":0,"href":"https:\/\/www.europesays.com\/pl\/wp-json\/wp\/v2\/posts\/663492\/revisions"}],"wp:featuredmedia":[{"embeddable":true,"href":"https:\/\/www.europesays.com\/pl\/wp-json\/wp\/v2\/media\/663493"}],"wp:attachment":[{"href":"https:\/\/www.europesays.com\/pl\/wp-json\/wp\/v2\/media?parent=663492"}],"wp:term":[{"taxonomy":"category","embeddable":true,"href":"https:\/\/www.europesays.com\/pl\/wp-json\/wp\/v2\/categories?post=663492"},{"taxonomy":"post_tag","embeddable":true,"href":"https:\/\/www.europesays.com\/pl\/wp-json\/wp\/v2\/tags?post=663492"}],"curies":[{"name":"wp","href":"https:\/\/api.w.org\/{rel}","templated":true}]}}