{"id":663494,"date":"2026-09-02T23:30:19","date_gmt":"2026-09-02T23:30:19","guid":{"rendered":"https:\/\/www.europesays.com\/pl\/663494\/"},"modified":"2026-09-02T23:30:19","modified_gmt":"2026-09-02T23:30:19","slug":"sprawa-zdjecia-lukasza-litewki-autorka-wycofuje-czesc-wezwan","status":"publish","type":"post","link":"https:\/\/www.europesays.com\/pl\/663494\/","title":{"rendered":"Sprawa zdj\u0119cia \u0141ukasza Litewki. Autorka wycofuje cz\u0119\u015b\u0107 wezwa\u0144"},"content":{"rendered":"<p>Jagoda Owczarek zamie\u015bci\u0142a w \u015brod\u0119 drugie o\u015bwiadczenie na temat wykonanego przez ni\u0105 zdj\u0119cia \u0141ukasza Litewki. Skrytykowa\u0142a przy tym media i podmioty polityczne, kt\u00f3re wykorzysta\u0142y fotografi\u0119.<\/p>\n<p>&#8222;Nikt z nich nie zapyta\u0142 mnie o zgod\u0119, w wielu przypadkach nie pojawi\u0142a si\u0119 nawet informacja o autorze. To by\u0142y publikacje, na kt\u00f3rych te podmioty zarabia\u0142y: na wy\u015bwietleniach i na zasi\u0119gu. Zarabiaj\u0105 zreszt\u0105 do dzisiaj, r\u00f3wnie\u017c na tej sprawie. Zareagowa\u0142am na to pod wp\u0142ywem emocji. Zleci\u0142am zewn\u0119trznej firmie przygotowanie i wys\u0142anie pism do podmiot\u00f3w, kt\u00f3re wykorzysta\u0142y moj\u0105 prac\u0119&#8221; \u2014 opisa\u0142a.<\/p>\n<p><a href=\"https:\/\/www.onet.pl\/\" title=\"Strona G\u0142\u00f3wna\" aria-label=\"Strona G\u0142\u00f3wna\" data-astro-prefetch=\"tap\" class=\"ods-a-logo-main-desktop\" rel=\"nofollow noopener\" target=\"_blank\"><img src=\"https:\/\/cdn.wiadomosci.onet.pl\/img\/Logo_desktop_Onet.svg\" class=\"ods-a-logo-main-desktop__image\" alt=\"Logo\" width=\"107\" height=\"60\" fetchpriority=\"high\" decoding=\"sync\" style=\"height:60px\"\/><\/a><\/p>\n<p class=\"ods-m-google-article__text\">Czytaj nas cz\u0119\u015bciej w Google<\/p>\n<p><a href=\"https:\/\/google.com\/preferences\/source?q=wiadomosci.onet.pl\" target=\"_blank\" rel=\"noopener noreferrer nofollow\" aria-label=\"Dodaj w Google\" title=\"Dodaj w Google\" class=\"ods-a-button ods-a-button__primary ods-a-button__default ods-a-button-l\">Dodaj w Google<\/a>Dalszy ci\u0105g artyku\u0142u pod materia\u0142em wideo<\/p>\n<p>Fotografka podkre\u015bli\u0142a, \u017ce zaakceptowa\u0142a pisma, ale nie sprawdzi\u0142a listy adresat\u00f3w, cho\u0107 &#8222;powinna to zrobi\u0107&#8221;. &#8222;Organizacje, kt\u00f3re opublikowa\u0142y to zdj\u0119cie, \u017cegnaj\u0105c cz\u0142owieka, z kt\u00f3rym pracowa\u0142y i kt\u00f3rego zna\u0142y, nie powinny by\u0142y dosta\u0107 tych pism. Gdybym przeczyta\u0142a t\u0119 list\u0119 uwa\u017cnie, nigdy by ich tam nie by\u0142o&#8221; \u2014 zaznaczy\u0142a. &#8222;Zaakceptowa\u0142am te dokumenty i odpowiedzialno\u015b\u0107 jest po mojej stronie&#8221; \u2014 doda\u0142a.<\/p>\n<p>Fotografka wycofuje roszczenia wobec fundacji. &#8222;Jedyny pow\u00f3d&#8221;<\/p>\n<p>Jagoda Owczarek zapowiedzia\u0142a, \u017ce wycofuje roszczenia wobec fundacji i organizacji pozarz\u0105dowych. &#8222;Podtrzymuj\u0119 [jednak] oczekiwania wobec redakcji, portali i podmiot\u00f3w politycznych, kt\u00f3re zarobi\u0142y na mojej pracy. Za wykorzystanie zdj\u0119cia p\u0142aci si\u0119 jego autorowi. To jedyny pow\u00f3d, dla kt\u00f3rego ta sprawa si\u0119 zacz\u0119\u0142a z mojej strony&#8221; \u2014 zaznaczy\u0142a.<\/p>\n<p>&#8222;\u017badne z tych pieni\u0119dzy nie trafi\u0105 do mnie, a w ca\u0142o\u015bci na cele charytatywne&#8221; \u2014 wyja\u015bni\u0142a.<\/p>\n<p>Fundacje dosta\u0142y wezwania za zdj\u0119cie \u0141ukasza Litewki. &#8222;Byli\u015bmy w szoku&#8221;<img class=\"ods-a-photo ods-a-photo--background\" src=\"https:\/\/www.europesays.com\/pl\/wp-content\/uploads\/2026\/09\/x6ak9lBaHR0cHM6Ly9vY2RuLmV1L3B1bHNjbXMvTURBXy8xZWQ5MWVmY2NlNWYzNDI0MjM2OWU1NmI4NmY1MmQyZi5qcGeRlQLNA.jpeg\" height=\"300\" width=\"450\" alt=\"Ksi\u0119ga kondolencyjna pos\u0142a Lewicy \u0141ukasza Litewki w Sejmie, Warszawa, 28.04.2026\" loading=\"lazy\" fetchpriority=\"low\" decoding=\"async\"\/>Zdj\u0119cie \u0141ukasza Litewki. Fotografka zwr\u00f3ci\u0142a uwag\u0119 na nienawistne komentarze<\/p>\n<p>Fotografka zwr\u00f3ci\u0142a tak\u017ce uwag\u0119 na problem nienawistnych komentarzy pod jej adresem. &#8222;Pojawi\u0142y si\u0119 wezwania, \u017ceby mnie napi\u0119tnowa\u0107 i \u017ceby poda\u0107 do mnie namiary. [&#8230;] W wiadomo\u015bciach prywatnych dostaj\u0119 gro\u017aby, wyzwiska oraz \u017cyczenia \u015bmierci, kierowane tak\u017ce do mojej rodziny&#8221; \u2014 opisa\u0142a.<\/p>\n<p>Jagoda Owczarek do\u0142\u0105czy\u0142a do o\u015bwiadczenia kilka przyk\u0142ad\u00f3w \u017cycze\u0144 \u015bmierci oraz wulgarnych i obra\u017aliwych komentarzy pod jej adresem. &#8222;Nie podaj\u0119 nazwisk i nie chc\u0119, \u017ceby ktokolwiek szuka\u0142 tych os\u00f3b w internecie. Nikt nie powinien przechodzi\u0107 przez to, przez co przechodz\u0119 ja od tygodnia. Zabezpieczam ten materia\u0142 i przekazuj\u0119 go organom, kt\u00f3re s\u0105 od tego, \u017ceby go oceni\u0107&#8221; \u2014 napisa\u0142a.<\/p>\n<p>&#8222;Nie chcia\u0142am, \u017ceby zdj\u0119cie \u0141ukasza funkcjonowa\u0142o dzisiaj w takim kontek\u015bcie. Za to przepraszam jego bliskich oraz wszystkich, kt\u00f3rzy go znali&#8221; \u2014 podkre\u015bli\u0142a. &#8222;Dzi\u0119kuj\u0119 te\u017c wszystkim, kt\u00f3rzy mnie wspieraj\u0105, jestem Wam ogromnie wdzi\u0119czna&#8221; \u2014 doda\u0142a.<\/p>\n<p>Sprawa zdj\u0119cia \u0141ukasza Litewki. Fotografka skierowa\u0142a wezwania<\/p>\n<p>Kilka miesi\u0119cy po tragicznej \u015bmierci \u0141ukasza Litewki organizacje pozarz\u0105dowe i osoby prywatne otrzyma\u0142y wezwania do zap\u0142aty za wykorzystanie jego zdj\u0119cia w mediach spo\u0142eczno\u015bciowych. Fotografka i autorka zdj\u0119cia domaga\u0142a si\u0119 2 tys. z\u0142, co obejmuje odszkodowanie za naruszenie praw autorskich oraz zado\u015b\u0107uczynienie za brak oznaczenia autora.<\/p>\n<p>\u2014 Czy to jest po ludzku przyzwoite? \u2014 <a href=\"https:\/\/wiadomosci.onet.pl\/opublikowali-zdjecie-lukasza-litewki-teraz-maja-zaplacic-2-tys-zl\/jhqn9zt?tpcc=202608_bloczek_newsroom\" id=\"0a9d8ac0-7cd5-4a72-808f-7417e0c3d267\" rel=\"nofollow noopener\" target=\"_blank\">nie kry\u0142 rozgoryczenia w rozmowie z Onetem Tomasz P\u0142osza\u0144ski z krakowskiej fundacji Z r\u0105k do r\u0105k<\/a>.<\/p>\n<p>Tymczasem autorka zdj\u0119cia zamie\u015bci\u0142a komunikat, \u017ce chcia\u0142a w ten spos\u00f3b zwr\u00f3ci\u0107 uwag\u0119 na wa\u017cny problem wykorzystywania zdj\u0119\u0107 bez zgody fotografa. Fotografka przekaza\u0142a tak\u017ce, \u017ce otrzymuje gro\u017aby, \u017cyczenia \u015bmierci, ci\u0119\u017ckiej choroby czy kalectwa, a tak\u017ce obra\u017aliwe i poni\u017caj\u0105ce komentarze.<\/p>\n","protected":false},"excerpt":{"rendered":"Jagoda Owczarek zamie\u015bci\u0142a w \u015brod\u0119 drugie o\u015bwiadczenie na temat wykonanego przez ni\u0105 zdj\u0119cia \u0141ukasza Litewki. Skrytykowa\u0142a przy tym&hellip;\n","protected":false},"author":2,"featured_media":663495,"comment_status":"","ping_status":"","sticky":false,"template":"","format":"standard","meta":{"footnotes":"","_share_on_mastodon":"0"},"categories":[12],"tags":[61195,32,33,36,37,817,27,49,34,35,41536,28,31,48,25,46,42,38,40,39,41,47,29,30,26],"class_list":["post-663494","post","type-post","status-publish","format-standard","has-post-thumbnail","category-polska","tag-bottomfeed_styl","tag-breaking-news","tag-breakingnews","tag-featured-news","tag-featurednews","tag-fotografia","tag-headlines","tag-kraj","tag-latest-news","tag-latestnews","tag-lukasz_litewka","tag-naglowki","tag-najwazniejsze-artykuly","tag-nat_styl","tag-news","tag-omp","tag-pl","tag-poland","tag-polish","tag-polska","tag-polski","tag-screening_general","tag-top-stories","tag-topstories","tag-wiadomosci"],"share_on_mastodon":{"url":"https:\/\/pubeurope.com\/@pl\/117204053784813196","error":""},"_links":{"self":[{"href":"https:\/\/www.europesays.com\/pl\/wp-json\/wp\/v2\/posts\/663494","targetHints":{"allow":["GET"]}}],"collection":[{"href":"https:\/\/www.europesays.com\/pl\/wp-json\/wp\/v2\/posts"}],"about":[{"href":"https:\/\/www.europesays.com\/pl\/wp-json\/wp\/v2\/types\/post"}],"author":[{"embeddable":true,"href":"https:\/\/www.europesays.com\/pl\/wp-json\/wp\/v2\/users\/2"}],"replies":[{"embeddable":true,"href":"https:\/\/www.europesays.com\/pl\/wp-json\/wp\/v2\/comments?post=663494"}],"version-history":[{"count":0,"href":"https:\/\/www.europesays.com\/pl\/wp-json\/wp\/v2\/posts\/663494\/revisions"}],"wp:featuredmedia":[{"embeddable":true,"href":"https:\/\/www.europesays.com\/pl\/wp-json\/wp\/v2\/media\/663495"}],"wp:attachment":[{"href":"https:\/\/www.europesays.com\/pl\/wp-json\/wp\/v2\/media?parent=663494"}],"wp:term":[{"taxonomy":"category","embeddable":true,"href":"https:\/\/www.europesays.com\/pl\/wp-json\/wp\/v2\/categories?post=663494"},{"taxonomy":"post_tag","embeddable":true,"href":"https:\/\/www.europesays.com\/pl\/wp-json\/wp\/v2\/tags?post=663494"}],"curies":[{"name":"wp","href":"https:\/\/api.w.org\/{rel}","templated":true}]}}