{"id":663542,"date":"2026-09-02T23:59:12","date_gmt":"2026-09-02T23:59:12","guid":{"rendered":"https:\/\/www.europesays.com\/pl\/663542\/"},"modified":"2026-09-02T23:59:12","modified_gmt":"2026-09-02T23:59:12","slug":"andrzej-duda-broni-decyzji-o-orderze-orla-bialego-dla-zelenskiego","status":"publish","type":"post","link":"https:\/\/www.europesays.com\/pl\/663542\/","title":{"rendered":"Andrzej Duda broni decyzji o Orderze Or\u0142a Bia\u0142ego dla Ze\u0142enskiego"},"content":{"rendered":"\n<p>&#13;<br \/>\nBy\u0142y prezydent, kt\u00f3ry nada\u0142 ukrai\u0144skiemu przyw\u00f3dcy najwy\u017csze polskie odznaczenie stwierdzi\u0142, \u017ce\u00a0od\u00a0tamtej pory postawa Ze\u0142enskiego wobec Polski si\u0119 zmieni\u0142a. Duda m\u00f3wi\u0142 o\u00a0tym w\u00a0wywiadzie wyemitowanym w\u00a0\u015brod\u0119 na\u00a0antenie Newsmax Polska. &#13;\n<\/p>\n<p>Duda: S\u0105 granice, kt\u00f3rych nawet najlepszym partnerom przekroczy\u0107 nie\u00a0wolno<\/p>\n<p>&#13;<br \/>\n\u2013 Dzisiaj prezydent Rzeczypospolitej Polskiej (&#8230;) ma\u00a0wiedz\u0119, kt\u00f3rej ja mog\u0119 nie\u00a0mie\u0107 dzisiaj jako by\u0142y prezydent Polski. I\u00a0to jest decyzja prezydenta RP podejmowana z\u00a0pe\u0142n\u0105 odpowiedzialno\u015bci\u0105 \u2013\u00a0powiedzia\u0142 Andrzej Duda komentuj\u0105c decyzj\u0119 Karola Nawrockiego. &#13;\n<\/p>\n<p>&#13;<br \/>\nBy\u0142y prezydent przyzna\u0142 jednocze\u015bnie, \u017ce\u00a0dostrzega zmian\u0119 w\u00a0postawie Wo\u0142odymyra Ze\u0142enskiego. \u2013\u00a0To, \u017ce\u00a0si\u0119 postawa prezydenta Wo\u0142odymyra Ze\u0142enskiego zmieni\u0142a? Tak, no oczywi\u015bcie, \u017ce\u00a0si\u0119 zmieni\u0142a. Ale\u00a0powtarzam jeszcze raz: to\u00a0jest polityka. Czy\u00a0ja \u017ca\u0142uj\u0119? Nie, bo\u00a0ja wiem, \u017ce\u00a0to\u00a0jest polityka! Mog\u0119 powiedzie\u0107 tak: szkoda, \u017ce\u00a0tak si\u0119 sta\u0142o. Szkoda, bo\u00a0ja bym chcia\u0142, \u017ceby relacje polsko-ukrai\u0144skie by\u0142y jak najlepsze \u2013\u00a0m\u00f3wi\u0142. &#13;\n<\/p>\n<p>&#13;<br \/>\nDuda podkre\u015bli\u0142 r\u00f3wnocze\u015bnie, \u017ce\u00a0Polska powinna prowadzi\u0107 polityk\u0119 nastawion\u0105 na\u00a0realizacj\u0119 w\u0142asnych interes\u00f3w. Jak zaznaczy\u0142, dobre stosunki z\u00a0Ukrain\u0105 powinny mie\u0107 charakter partnerski. \u2013\u00a0Jak najlepsze relacje, to\u00a0jest moje osobiste zdanie, ale\u00a0\u017ceby to\u00a0by\u0142y relacje partnerskie. I\u00a0\u017ceby\u015bmy byli traktowani jako przyjaciele, a\u00a0nie jako kto\u015b, kto chce Ukrainie zaszkodzi\u0107 \u2013\u00a0stwierdzi\u0142. \u2013\u00a0My\u00a0pilnujemy polskich interes\u00f3w i\u00a0s\u0105 granice, kt\u00f3rych tak\u017ce naszym, nawet najlepszym partnerom przekroczy\u0107 nie\u00a0wolno. I\u00a0w\u00a0zwi\u0105zku z\u00a0powy\u017cszym do\u00a0takich sytuacji trzeba te\u017c dostosowa\u0107 polsk\u0105 polityk\u0119 \u2013\u00a0doda\u0142. &#13;\n<\/p>\n<p>Nawrocki zdecydowa\u0142 o\u00a0odebraniu orderu<\/p>\n<p>&#13;<br \/>\nPrezydent Karol Nawrocki 19 czerwca <a href=\"https:\/\/dorzeczy.pl\/kraj\/903670\/order-orla-bialego-zelenskiego-jest-decyzja-prezydenta-nawrockiego.html\" rel=\"nofollow noopener\" target=\"_blank\">og\u0142osi\u0142 decyzj\u0119<\/a> o\u00a0odebraniu Wo\u0142odymyrowi Ze\u0142enskiemu Orderu Or\u0142a Bia\u0142ego. Powodem by\u0142a zgoda Ze\u0142enskiego na\u00a0nadanie Samodzielnemu Centrum Operacji Specjalnych \u201eP\u00f3\u0142noc\u201d honorowej nazwy &#8222;Bohater\u00f3w UPA&#8221;. \u2013\u00a0Wobec zgody prezydenta Ze\u0142enskiego na\u00a0nadanie jednej z\u00a0jednostek Si\u0142 Zbrojnych Ukrainy nazwy \u201eBohater\u00f3w UPA\u201d, po\u00a0konsultacji z\u00a0kapitu\u0142\u0105, podj\u0105\u0142em decyzj\u0119 o\u00a0odebraniu orderu prezydentowi Ukrainy \u2013\u00a0poinformowa\u0142 w\u00f3wczas Nawrocki. &#13;\n<\/p>\n<p>&#13;<br \/>\nPrezydent podkre\u015bli\u0142, \u017ce\u00a0decyzja nie\u00a0jest skierowana przeciwko narodowi ukrai\u0144skiemu i\u00a0nie oznacza zmiany polskiej polityki bezpiecze\u0144stwa wobec rosyjskiej agresji. \u2013\u00a0Wspierali\u015bmy i\u00a0wspieramy Ukrain\u0119, bo\u00a0wiemy, \u017ce\u00a0rosyjska agresja stanowi zagro\u017cenie dla\u00a0Polski i\u00a0ca\u0142ej Europy \u2013\u00a0m\u00f3wi\u0142. &#13;\n<\/p>\n<p>Duda broni decyzji o\u00a0odznaczeniu Ze\u0142enskiego<\/p>\n<p>&#13;<br \/>\nOrder Or\u0142a Bia\u0142ego Ze\u0142enski otrzyma\u0142 z\u00a0r\u0105k Andrzeja Dudy 5\u00a0kwietnia 2023 roku podczas wizyty w\u00a0Polsce. Duda w\u00a0rozmowie z\u00a0Newsmax Polska podtrzyma\u0142, \u017ce\u00a0przyznanie odznaczenia by\u0142o w\u00f3wczas w\u0142a\u015bciw\u0105 decyzj\u0105. \u2013\u00a0Nada\u0142em ten order prezydentowi Wo\u0142odymyrowi Ze\u0142enskiemu (&#8230;) po\u00a0rosyjskiej agresji na\u00a0Ukrain\u0119, za\u00a0jego postaw\u0119 jako polityka, jako s\u0105siada Polski, jako patrioty swojego kraju \u2013\u00a0powiedzia\u0142. &#13;\n<\/p>\n<p>&#13;<br \/>\nBy\u0142y prezydent przypomnia\u0142 zachowanie Ze\u0142enskiego po\u00a0rozpocz\u0119ciu rosyjskiej inwazji. \u2013\u00a0Prezydent Wo\u0142odymyr Ze\u0142enski zosta\u0142 w\u00a0Kijowie, powiedzia\u0142, \u017ce\u00a0nie wyjedzie, powiedzia\u0142, \u017ce\u00a0jest got\u00f3w odda\u0107 \u017cycie za\u00a0Ukrain\u0119, za\u00a0swoj\u0105 ojczyzn\u0119, \u017ce\u00a0si\u0119 nie\u00a0cofnie i\u00a0w\u00a0moim osobistym przekonaniu w\u00a0ogromnym stopniu przyczyni\u0142 si\u0119 do\u00a0tego, \u017ce\u00a0Rosja nie\u00a0zdo\u0142a\u0142a opanowa\u0107 Kijowa i\u00a0nie zdo\u0142a\u0142a opanowa\u0107 Ukrainy \u2013\u00a0m\u00f3wi\u0142. \u2013\u00a0To\u00a0jest jego wielka zas\u0142uga dla\u00a0Ukrainy, ale\u00a0nie tylko dla\u00a0Ukrainy. Bo\u00a0to\u00a0tak\u017ce by\u0142o w\u00a0polskim interesie \u2013\u00a0doda\u0142. &#13;\n<\/p>\n<p>&#13;<br \/>\n   Czytaj te\u017c:<br \/><a href=\"https:\/\/dorzeczy.pl\/opinie\/935908\/tusk-zaczepil-dude-byly-prezydent-odpowiedzial-putinem-i-notatka.html\" rel=\"follow nofollow noopener\" data-schema=\"DORZECZY\" data-image=\"https:\/\/img.dorzeczy.pl\/_thumb\/29\/fc\/c461e32cdea8c8241b5b01164e75.jpeg\" target=\"_blank\">Tusk zaczepi\u0142 Dud\u0119 na\u00a0X. By\u0142y prezydent odpowiedzia\u0142 Putinem i\u00a0kompromituj\u0105c\u0105 notatk\u0105<\/a>&#13;<\/p>\n","protected":false},"excerpt":{"rendered":"&#13; By\u0142y prezydent, kt\u00f3ry nada\u0142 ukrai\u0144skiemu przyw\u00f3dcy najwy\u017csze polskie odznaczenie stwierdzi\u0142, \u017ce\u00a0od\u00a0tamtej pory postawa Ze\u0142enskiego wobec Polski si\u0119&hellip;\n","protected":false},"author":2,"featured_media":663543,"comment_status":"","ping_status":"","sticky":false,"template":"","format":"standard","meta":{"footnotes":"","_share_on_mastodon":"0"},"categories":[12],"tags":[2251,32,33,98,36,37,27,690,49,34,35,28,31,25,102,74495,42,38,40,39,41,102262,29,30,415,8088,26,2278,6677],"class_list":["post-663542","post","type-post","status-publish","format-standard","has-post-thumbnail","category-polska","tag-andrzej-duda","tag-breaking-news","tag-breakingnews","tag-dorzeczy","tag-featured-news","tag-featurednews","tag-headlines","tag-karol-nawrocki","tag-kraj","tag-latest-news","tag-latestnews","tag-naglowki","tag-najwazniejsze-artykuly","tag-news","tag-opinie","tag-order-orla-bialego","tag-pl","tag-poland","tag-polish","tag-polska","tag-polski","tag-stosunki-polsko-ukrainskie","tag-top-stories","tag-topstories","tag-ukraina","tag-upa","tag-wiadomosci","tag-wojna-na-ukrainie","tag-wolodymyr-zelenski"],"share_on_mastodon":{"url":"https:\/\/pubeurope.com\/@pl\/117204167316818453","error":""},"_links":{"self":[{"href":"https:\/\/www.europesays.com\/pl\/wp-json\/wp\/v2\/posts\/663542","targetHints":{"allow":["GET"]}}],"collection":[{"href":"https:\/\/www.europesays.com\/pl\/wp-json\/wp\/v2\/posts"}],"about":[{"href":"https:\/\/www.europesays.com\/pl\/wp-json\/wp\/v2\/types\/post"}],"author":[{"embeddable":true,"href":"https:\/\/www.europesays.com\/pl\/wp-json\/wp\/v2\/users\/2"}],"replies":[{"embeddable":true,"href":"https:\/\/www.europesays.com\/pl\/wp-json\/wp\/v2\/comments?post=663542"}],"version-history":[{"count":0,"href":"https:\/\/www.europesays.com\/pl\/wp-json\/wp\/v2\/posts\/663542\/revisions"}],"wp:featuredmedia":[{"embeddable":true,"href":"https:\/\/www.europesays.com\/pl\/wp-json\/wp\/v2\/media\/663543"}],"wp:attachment":[{"href":"https:\/\/www.europesays.com\/pl\/wp-json\/wp\/v2\/media?parent=663542"}],"wp:term":[{"taxonomy":"category","embeddable":true,"href":"https:\/\/www.europesays.com\/pl\/wp-json\/wp\/v2\/categories?post=663542"},{"taxonomy":"post_tag","embeddable":true,"href":"https:\/\/www.europesays.com\/pl\/wp-json\/wp\/v2\/tags?post=663542"}],"curies":[{"name":"wp","href":"https:\/\/api.w.org\/{rel}","templated":true}]}}