{"id":663550,"date":"2026-09-03T00:10:20","date_gmt":"2026-09-03T00:10:20","guid":{"rendered":"https:\/\/www.europesays.com\/pl\/663550\/"},"modified":"2026-09-03T00:10:20","modified_gmt":"2026-09-03T00:10:20","slug":"zastepca-urbana-ekspertem-orlenu-mamy-komentarz-spolki","status":"publish","type":"post","link":"https:\/\/www.europesays.com\/pl\/663550\/","title":{"rendered":"Zast\u0119pca Urbana ekspertem Orlenu? Mamy komentarz sp\u00f3\u0142ki"},"content":{"rendered":"<p data-v-01d4021f=\"\">Europose\u0142 Prawa i Sprawiedliwo\u015bci Maciej W\u0105sik ujawni\u0142, \u017ce w\u015br\u00f3d ekspert\u00f3w Grupy Orlen widnieje nazwisko Andrzeja Rozenka. To by\u0142y zast\u0119pca redaktora naczelnego &#8222;Nie&#8221; oraz by\u0142y pose\u0142 Ruchu Palikota. &#8222;Kto zdecydowa\u0142, \u017ce Rozenek trafi\u0142 do tak wa\u017cnego dzia\u0142u bezpiecze\u0144stwa bez kwalifikacji i do\u015bwiadczenia w tym zakresie?&#8221; &#8211; pyta W\u0105sik. Mamy komentarz Orlenu w tej sprawie. <\/p>\n<p data-v-01d4021f=\"\">O sprawie polityk PiS poinformowa\u0142 na portalu X, gdzie zamie\u015bci\u0142 zdj\u0119cie wewn\u0119trznej strony internetowej Orlenu, gdzie w\u015br\u00f3d wsp\u00f3\u0142pracownik\u00f3w najwi\u0119kszej grupy naftowej w naszym regionie widnieje nazwisko Andrzeja Rozenka.\u00a0<\/p>\n<p data-v-01d4021f=\"\">Zast\u0119pca Urbana w tygodniku \u201eNie\u201d i by\u0142y pose\u0142 Ruchu Palikota, Andrzej Rozenek, zatrudniony w Orlenie. Odnalaz\u0142 si\u0119 w dziale bezpiecze\u0144stwa u Wojtunika. Jego bezpo\u015brednim prze\u0142o\u017conym jest Domaradzki, kolega prokurator Ewy Wrzosek<\/p>\n<p data-v-01d4021f=\"\">&#8211; napisa\u0142 Maciej W\u0105sik.\u00a0<\/p>\n<p data-v-01d4021f=\"\">W zwi\u0105zku ze swoim odkryciem, europose\u0142 PiS zada\u0142 pytania:\u00a0<\/p>\n<p data-v-01d4021f=\"\">Co \u0142\u0105czy nagranego w Sowie Wojtunika, skompromitowanego by\u0142ego policjanta oraz przyjaciela Urbana i Palikota? Kto zdecydowa\u0142, \u017ce Rozenek trafi\u0142 do tak wa\u017cnego dzia\u0142u bezpiecze\u0144stwa bez kwalifikacji i do\u015bwiadczenia w tym zakresie?<\/p>\n<p data-v-01d4021f=\"\">&#8211; pyta polityk.\u00a0<\/p>\n<p>PKN Orlen unika odpowiedzi powo\u0142uj\u0105c si\u0119 na RODO<\/p>\n<p data-v-01d4021f=\"\">Wys\u0142ali\u015bmy w tej sprawie oficjalne zapytanie do biura prasowego PKN Orlen. Niestety sp\u00f3\u0142ka nie chce ujawni\u0107, czy faktycznie Andrzej Rozenek figuruje w rejestrze zatrudnionych os\u00f3b.\u00a0<\/p>\n<p data-v-01d4021f=\"\">Zgodnie z obowi\u0105zuj\u0105cymi standardami oraz uregulowaniami w zakresie przepis\u00f3w wynikaj\u0105cych z RODO, nie udzielamy informacji na temat spraw personalnych<\/p>\n<p data-v-01d4021f=\"\">&#8211; czytamy w mailu.\u00a0<\/p>\n<p>Czo\u0142owy antykleryka\u0142, prawa r\u0119ka Urbana<\/p>\n<p data-v-01d4021f=\"\">Andrzej Rozenek uko\u0144czy\u0142 studia dziennikarskie na Uniwersytecie Warszawskim, p\u00f3\u017aniej przez lata zwi\u0105zany by\u0142 z mocno antyklerykalnym pismem &#8222;Nie&#8221; za\u0142o\u017conym przez by\u0142ego rzecznika rz\u0105du w PRL Jerzego Urbana. W latach 2006\u20132011 i 2015\u20132019 pe\u0142ni\u0142 funkcj\u0119 zast\u0119pcy redaktora naczelnego gazety.\u00a0<\/p>\n<p data-v-01d4021f=\"\">Politycznie zwi\u0105zany z SLD, w 2011 roku wybrany do Sejmu z listy Ruchu Palikota. W ostatnich latach zwi\u0105zanych z Koalicj\u0105 Obywatelsk\u0105 &#8211; bez powodzenia startowa\u0142 z list tej formacji do Sejmu w 2023 roku oraz do Parlamentu Europejskiego w 2024 roku.\u00a0<\/p>\n<p data-v-01d4021f=\"\">kh\/wPolityce.pl\/x.com<\/p>\n","protected":false},"excerpt":{"rendered":"Europose\u0142 Prawa i Sprawiedliwo\u015bci Maciej W\u0105sik ujawni\u0142, \u017ce w\u015br\u00f3d ekspert\u00f3w Grupy Orlen widnieje nazwisko Andrzeja Rozenka. To by\u0142y&hellip;\n","protected":false},"author":2,"featured_media":663551,"comment_status":"","ping_status":"","sticky":false,"template":"","format":"standard","meta":{"footnotes":"","_share_on_mastodon":"0"},"categories":[52097],"tags":[121116,88380,127822,13347,774,72917,42,38,40,907,99789,4362,39,2462,41,1005,380,423,231,127821,123474,3654],"class_list":["post-663550","post","type-post","status-publish","format-standard","has-post-thumbnail","category-orlen","tag-analizy-polityczne","tag-komentarze-polityczne","tag-kulisy-polityki","tag-opozycja","tag-orlen","tag-partie-polityczne","tag-pl","tag-poland","tag-polish","tag-polityka","tag-polityka-krajowa","tag-polityka-zagraniczna","tag-polska","tag-polska-polityka","tag-polski","tag-prezydent","tag-rzad","tag-sejm","tag-sondaze","tag-wiadomosci-polityczne","tag-wpolityce-pl","tag-wybory"],"share_on_mastodon":{"url":"https:\/\/pubeurope.com\/@pl\/117204210485058470","error":""},"_links":{"self":[{"href":"https:\/\/www.europesays.com\/pl\/wp-json\/wp\/v2\/posts\/663550","targetHints":{"allow":["GET"]}}],"collection":[{"href":"https:\/\/www.europesays.com\/pl\/wp-json\/wp\/v2\/posts"}],"about":[{"href":"https:\/\/www.europesays.com\/pl\/wp-json\/wp\/v2\/types\/post"}],"author":[{"embeddable":true,"href":"https:\/\/www.europesays.com\/pl\/wp-json\/wp\/v2\/users\/2"}],"replies":[{"embeddable":true,"href":"https:\/\/www.europesays.com\/pl\/wp-json\/wp\/v2\/comments?post=663550"}],"version-history":[{"count":0,"href":"https:\/\/www.europesays.com\/pl\/wp-json\/wp\/v2\/posts\/663550\/revisions"}],"wp:featuredmedia":[{"embeddable":true,"href":"https:\/\/www.europesays.com\/pl\/wp-json\/wp\/v2\/media\/663551"}],"wp:attachment":[{"href":"https:\/\/www.europesays.com\/pl\/wp-json\/wp\/v2\/media?parent=663550"}],"wp:term":[{"taxonomy":"category","embeddable":true,"href":"https:\/\/www.europesays.com\/pl\/wp-json\/wp\/v2\/categories?post=663550"},{"taxonomy":"post_tag","embeddable":true,"href":"https:\/\/www.europesays.com\/pl\/wp-json\/wp\/v2\/tags?post=663550"}],"curies":[{"name":"wp","href":"https:\/\/api.w.org\/{rel}","templated":true}]}}