{"id":663558,"date":"2026-09-03T00:14:16","date_gmt":"2026-09-03T00:14:16","guid":{"rendered":"https:\/\/www.europesays.com\/pl\/663558\/"},"modified":"2026-09-03T00:14:16","modified_gmt":"2026-09-03T00:14:16","slug":"koniec-wakacyjnej-laby-scena-impro-szczecin-zaprasza-na-wieczor-z-improwizowanym-paradokumentem","status":"publish","type":"post","link":"https:\/\/www.europesays.com\/pl\/663558\/","title":{"rendered":"Koniec wakacyjnej laby. Scena Impro Szczecin zaprasza na wiecz\u00f3r z improwizowanym paradokumentem"},"content":{"rendered":"<p>\n                        \u2013 Pami\u0119tacie czasy, kiedy wystarczy\u0142o wyj\u015b\u0107 na podw\u00f3rko, \u017ceby spotka\u0107 ca\u0142\u0105 ekip\u0119? Trzepak, oran\u017cada, guma do \u017cucia, badminton i d\u0142ugie wieczory pod blokiem. Na podw\u00f3rko ju\u017c nie wyjdziemy, ale w\u0142a\u015bnie ten luz i dobr\u0105 energi\u0119 jak z trzepaka mo\u017cna znale\u017a\u0107 podczas wyst\u0119p\u00f3w Sceny Impro w Jazzment Klubie \u2013 zapowiada Hanna Wili\u0144ska, menad\u017cerka szczeci\u0144skiej Sceny Impro. Pierwsze spotkanie po wakacyjnej przerwie ju\u017c w czwartek!\n                    <\/p>\n<p align=\"LEFT\">Nowy sezon Sceny Impro Szczecin up\u0142ynie pod hasem \u201eWyjdziesz na impro?\u201d, a na pierwsze impro grupa zaprasza w najbli\u017cszy czwartek, 3 wrze\u015bnia, o godz. 21:00. Jak zapowiadaj\u0105 arty\u015bci, tego wieczoru b\u0119dziemy si\u0119 bawi\u0107 do tematu \u201ePowr\u00f3t z sanatorium\u201d.<\/p>\n<p align=\"LEFT\">\u2013 B\u0119dzie to improwizowany paradokument o wakacyjnych przygodach ludzi 40+, kt\u00f3rzy wracaj\u0105 z turnusu pe\u0142nego dancing\u00f3w, rehabilitacji i romans\u00f3w \u2013 zdradza Wili\u0144ska. \u2013 Widzowie b\u0119d\u0105 wsp\u00f3\u0142tworzy\u0107 historie, a my na \u017cywo zamienimy je w pe\u0142en emocji, konflikt\u00f3w i wakacyjnych wspomnie\u0144 paradokument. Bo to, co wydarzy\u0142o si\u0119 w sanatorium, niekoniecznie zostaje w sanatorium.<\/p>\n<p align=\"LEFT\">Na scenie w Klubie Jazzment zobaczymy Agat\u0119 Kolasi\u0144sk\u0105, Rafa\u0142a Hajdukiewicza, Paw\u0142a Niczewskiego i Macieja Sikorskiego. Muzycznie improwizowa\u0107 b\u0119dzie Bart\u0142omiej Or\u0142owski.<\/p>\n<p align=\"LEFT\">Rezerwacja bilet\u00f3w przez Facebooka <a href=\"https:\/\/www.facebook.com\/scenaimpro\" rel=\"nofollow noopener\" target=\"_blank\">Scena Impro Szczecin<\/a> i Instagram @scenaimpro lub maila\u00a0<a href=\"https:\/\/wszczecinie.pl\/koniec-wakacyjnej-laby-scena-impro-szczecin-zaprasza-na-wieczor-z-improwizowanym-paradokumentem\/mailto:scenaimpro@gmail.com\" rel=\"nofollow noopener\" target=\"_blank\">scenaimpro@gmail.com<\/a>. Cena biletu: 50 z\u0142.<\/p>\n","protected":false},"excerpt":{"rendered":"\u2013 Pami\u0119tacie czasy, kiedy wystarczy\u0142o wyj\u015b\u0107 na podw\u00f3rko, \u017ceby spotka\u0107 ca\u0142\u0105 ekip\u0119? Trzepak, oran\u017cada, guma do \u017cucia, badminton&hellip;\n","protected":false},"author":2,"featured_media":663559,"comment_status":"","ping_status":"","sticky":false,"template":"","format":"standard","meta":{"footnotes":"","_share_on_mastodon":"0"},"categories":[51611],"tags":[291,1089,3839,3511,261,3840,42,38,40,907,39,41,123,2307,26,1092],"class_list":["post-663558","post","type-post","status-publish","format-standard","has-post-thumbnail","category-szczecin","tag-historia","tag-imprezy","tag-interwencje","tag-inwestycje","tag-kultura","tag-lokale","tag-pl","tag-poland","tag-polish","tag-polityka","tag-polska","tag-polski","tag-rozrywka","tag-szczecin","tag-wiadomosci","tag-wydarzenia"],"share_on_mastodon":{"url":"https:\/\/pubeurope.com\/@pl\/117204226106383723","error":""},"_links":{"self":[{"href":"https:\/\/www.europesays.com\/pl\/wp-json\/wp\/v2\/posts\/663558","targetHints":{"allow":["GET"]}}],"collection":[{"href":"https:\/\/www.europesays.com\/pl\/wp-json\/wp\/v2\/posts"}],"about":[{"href":"https:\/\/www.europesays.com\/pl\/wp-json\/wp\/v2\/types\/post"}],"author":[{"embeddable":true,"href":"https:\/\/www.europesays.com\/pl\/wp-json\/wp\/v2\/users\/2"}],"replies":[{"embeddable":true,"href":"https:\/\/www.europesays.com\/pl\/wp-json\/wp\/v2\/comments?post=663558"}],"version-history":[{"count":0,"href":"https:\/\/www.europesays.com\/pl\/wp-json\/wp\/v2\/posts\/663558\/revisions"}],"wp:featuredmedia":[{"embeddable":true,"href":"https:\/\/www.europesays.com\/pl\/wp-json\/wp\/v2\/media\/663559"}],"wp:attachment":[{"href":"https:\/\/www.europesays.com\/pl\/wp-json\/wp\/v2\/media?parent=663558"}],"wp:term":[{"taxonomy":"category","embeddable":true,"href":"https:\/\/www.europesays.com\/pl\/wp-json\/wp\/v2\/categories?post=663558"},{"taxonomy":"post_tag","embeddable":true,"href":"https:\/\/www.europesays.com\/pl\/wp-json\/wp\/v2\/tags?post=663558"}],"curies":[{"name":"wp","href":"https:\/\/api.w.org\/{rel}","templated":true}]}}