{"id":663562,"date":"2026-09-03T00:16:28","date_gmt":"2026-09-03T00:16:28","guid":{"rendered":"https:\/\/www.europesays.com\/pl\/663562\/"},"modified":"2026-09-03T00:16:28","modified_gmt":"2026-09-03T00:16:28","slug":"koziolek-pkp-intercity-juz-nie-hasa-flirtem-lecz-wagonami-z-lokomotywa","status":"publish","type":"post","link":"https:\/\/www.europesays.com\/pl\/663562\/","title":{"rendered":"Kozio\u0142ek PKP Intercity ju\u017c nie \u201chasa\u201d Flirtem lecz wagonami z lokomotyw\u0105"},"content":{"rendered":"<p>Od marca bie\u017c\u0105cego roku poci\u0105gi IC Kozio\u0142ek \u0142\u0105cz\u0105cy Lublin ze Szczecinem przez Radom i Pozna\u0144 nie jest ju\u017c obs\u0142ugiwany Flirtem, lecz sk\u0142adem wagonowym z lokomotyw\u0105 &#8211; najcz\u0119\u015bciej EP09. Zmiana wynika z obni\u017conej dost\u0119pno\u015bci Flirt\u00f3w w PKP Intercity. Pierwotny spos\u00f3b obs\u0142ugi poci\u0105gu ma jednak wr\u00f3ci\u0107 od grudnia bie\u017c\u0105cego roku.  <\/p>\n<p>Od jakiego\u015b czasu PKP Intercity zmieni\u0142o tabor obs\u0142uguj\u0105cy poci\u0105g IC Kozio\u0142ek, kursuj\u0105cy ze Szczecina do Lublina przez Pozna\u0144, \u0141\u00f3d\u017a i Radom. Od momentu startu po\u0142\u0105czenia<a href=\"https:\/\/www.rynek-kolejowy.pl\/wiadomosci\/premiera-ic-koziolek-z-lublina-do-poznania-przez-radom-115030.html\" target=\"_blank\" rel=\"nofollow noopener\"> jesieni\u0105 2023 roku poci\u0105g by\u0142 obs\u0142ugiwany elektrycznymi zespo\u0142ami trakcyjnymi Flirt produkcji Stadlera<\/a> a samo po\u0142\u0105czenie kursowa\u0142o w kr\u00f3tszej relacji &#8211; z Lublina do Poznania.<\/p>\n<p>W obecnym rozk\u0142adzie jazdy ministerstwo infrastruktury zdecydowa\u0142o jednak o wyd\u0142u\u017ceniu tego po\u0142\u0105czenia o odcinek Pozna\u0144 \u2013 Szczecin, przez co Szczecin ma aktualnie 4 bezpo\u015brednie kursy (w tym jedno po\u0142\u0105czenie nocne) z Lublinem, jednak tylko Kozio\u0142ek jedzie tras\u0105 przez \u0141\u00f3d\u017a, Drzewic\u0119 i Radom. <\/p>\n<p>Mimo wyd\u0142u\u017cenia relacji sk\u0142ad nadal by\u0142 obs\u0142ugiwany Flirtami od Stadlera, jednak zmieni\u0142o si\u0119 to w marcu bie\u017c\u0105cego roku, kiedy to EZT na tym kursie zosta\u0142 zast\u0105piony sk\u0142adem wagonowym z lokomotyw\u0105.<\/p>\n<p>\u2013 Poci\u0105g IC Kozio\u0142ek planowo obs\u0142ugiwany jest sk\u0142adem wagonowym od 20 marca br. Decyzja ta zwi\u0105zana jest z obni\u017ceniem dost\u0119pno\u015bci ED160 &#8211; pojazdy s\u0105 wy\u0142\u0105czone z eksploatacji na d\u0142u\u017csze okresy ze wzgl\u0119du na m.in. naprawy powypadkowe czy sytuacje losowe \u2013 informuje nas biuro prasowe PKP Intercity, jednocze\u015bnie dodaj\u0105c, \u017ce Flirty maj\u0105 wr\u00f3ci\u0107 do obs\u0142ugi tego kursu od nowego rozk\u0142adu jazdy, a wi\u0119c od po\u0142owy grudnia bie\u017c\u0105cego roku.<\/p>\n<p>Aktualnie Kozio\u0142ek najcz\u0119\u015bciej jest zestawiony z lokomotywy EP09 oraz sze\u015bciu wagon\u00f3w pasa\u017cerskich, w tym wagonu Combo. <\/p>\n<p>Z powodu obni\u017conej dost\u0119pno\u015bci jednostek Flirt PKP intercity musia\u0142o tak\u017ce zmieni\u0107 spos\u00f3b obs\u0142ugi poci\u0105gu IC Merkury, \u0142\u0105cz\u0105cego Szczecin z Wroc\u0142awiem przez Pozna\u0144. W tym przypadku r\u00f3wnie\u017c Flirt zosta\u0142 zast\u0105piony lokomotyw\u0105 z wagonami. <\/p>\n","protected":false},"excerpt":{"rendered":"Od marca bie\u017c\u0105cego roku poci\u0105gi IC Kozio\u0142ek \u0142\u0105cz\u0105cy Lublin ze Szczecinem przez Radom i Pozna\u0144 nie jest ju\u017c&hellip;\n","protected":false},"author":2,"featured_media":663563,"comment_status":"","ping_status":"","sticky":false,"template":"","format":"standard","meta":{"footnotes":"","_share_on_mastodon":"0"},"categories":[51609],"tags":[128987,10817,128989,128990,1201,1205,1203,1200,1195,42,38,40,39,41,1817,1202,1204,1206,128988],"class_list":["post-663562","post","type-post","status-publish","format-standard","has-post-thumbnail","category-poznan","tag-ed160","tag-ep09","tag-ic-koziolek","tag-ic-merkury","tag-intercity","tag-kolej","tag-koleje-mazowieckie","tag-pkp","tag-pkp-intercity","tag-pl","tag-poland","tag-polish","tag-polska","tag-polski","tag-poznan","tag-przewozy-regionalne","tag-rozklady-jazdy-pkp","tag-rynek-kolejowy","tag-stadler-flirt"],"share_on_mastodon":{"url":"https:\/\/pubeurope.com\/@pl\/117204234234918229","error":""},"_links":{"self":[{"href":"https:\/\/www.europesays.com\/pl\/wp-json\/wp\/v2\/posts\/663562","targetHints":{"allow":["GET"]}}],"collection":[{"href":"https:\/\/www.europesays.com\/pl\/wp-json\/wp\/v2\/posts"}],"about":[{"href":"https:\/\/www.europesays.com\/pl\/wp-json\/wp\/v2\/types\/post"}],"author":[{"embeddable":true,"href":"https:\/\/www.europesays.com\/pl\/wp-json\/wp\/v2\/users\/2"}],"replies":[{"embeddable":true,"href":"https:\/\/www.europesays.com\/pl\/wp-json\/wp\/v2\/comments?post=663562"}],"version-history":[{"count":0,"href":"https:\/\/www.europesays.com\/pl\/wp-json\/wp\/v2\/posts\/663562\/revisions"}],"wp:featuredmedia":[{"embeddable":true,"href":"https:\/\/www.europesays.com\/pl\/wp-json\/wp\/v2\/media\/663563"}],"wp:attachment":[{"href":"https:\/\/www.europesays.com\/pl\/wp-json\/wp\/v2\/media?parent=663562"}],"wp:term":[{"taxonomy":"category","embeddable":true,"href":"https:\/\/www.europesays.com\/pl\/wp-json\/wp\/v2\/categories?post=663562"},{"taxonomy":"post_tag","embeddable":true,"href":"https:\/\/www.europesays.com\/pl\/wp-json\/wp\/v2\/tags?post=663562"}],"curies":[{"name":"wp","href":"https:\/\/api.w.org\/{rel}","templated":true}]}}