{"id":663578,"date":"2026-09-03T00:26:12","date_gmt":"2026-09-03T00:26:12","guid":{"rendered":"https:\/\/www.europesays.com\/pl\/663578\/"},"modified":"2026-09-03T00:26:12","modified_gmt":"2026-09-03T00:26:12","slug":"aryna-sabalenka-polina-jacenko-na-zywo-relacja-live-us-open","status":"publish","type":"post","link":"https:\/\/www.europesays.com\/pl\/663578\/","title":{"rendered":"Aryna Sabalenka &#8211; Polina Jacenko NA \u017bYWO. Relacja LIVE US Open"},"content":{"rendered":"<p>Aryna Sabalenka zacz\u0119\u0142a US Open od wygranej z Camil\u0105 Osorio. Mimo \u017ce Bia\u0142orusinka zwyci\u0119\u017cy\u0142a w dw\u00f3ch setach, to momentami mia\u0142a spore problemy z Kolumbijk\u0105. Teraz zagra ze 160. rakiet\u0105 \u015bwiata \u2014 Polin\u0105 Jacenko.<\/p>\n<p>Aryna Sabalenka gra o awans do drugiej rundy US Open<a href=\"https:\/\/przegladsportowy.onet.pl\/\" title=\"Strona g\u0142\u00f3wna serwisu\" aria-label=\"Strona g\u0142\u00f3wna serwisu\" data-astro-prefetch=\"tap\" class=\"ods-a-logo-main-desktop\" rel=\"nofollow noopener\" target=\"_blank\"><img src=\"https:\/\/cdn.przegladsportowy.onet.pl\/img\/Logo_desktop_Onet.svg\" class=\"ods-a-logo-main-desktop__image\" alt=\"Logo\" width=\"107\" height=\"60\" fetchpriority=\"high\" decoding=\"sync\" style=\"height:60px\"\/><\/a><\/p>\n<p class=\"ods-m-google-article__text\">Czytaj nas cz\u0119\u015bciej w Google<\/p>\n<p><a href=\"https:\/\/google.com\/preferences\/source?q=przegladsportowy.onet.pl\" target=\"_blank\" rel=\"noopener noreferrer nofollow\" aria-label=\"Dodaj w Google\" title=\"Dodaj w Google\" class=\"ods-a-button ods-a-button__primary ods-a-button__default ods-a-button-l\">Dodaj w Google<\/a><\/p>\n<p>22-latka przesz\u0142a przez kwalifikacje, a w pierwszej rundzie niespodziewanie pokona\u0142a Renat\u0119 Zarazu\u0119. Teraz staje przed arcytrudnym zadaniem, bo Sabalenka to przecie\u017c pierwsza rakieta \u015bwiata.<\/p>\n<p>W ostatnim czasie mia\u0142a jednak problemy na korcie, dlatego niewykluczone, \u017ce rywalka b\u0119dzie chcia\u0142a to wykorzysta\u0107. Pocz\u0105tek meczu ju\u017c ok. godz. 1 czasu polskiego, a na relacj\u0119 zapraszamy do Przegl\u0105du Sportowego Onet.<\/p>\n<p>                        <a class=\"backButton\" onclick=\"window.history.back();\">&lt;Go back<\/a><\/p>\n<p>          <img decoding=\"async\" src=\"https:\/\/www.europesays.com\/pl\/wp-content\/uploads\/2026\/09\/TUzkrlkaXNrL3NhYmFsLTE1MzAyMTAxMzcucG5nkpUCZADCw5UCAGTCww.png\" alt=\"Aryna Sabalenka\"\/><br \/>\n        Aryna Sabalenka<\/p>\n<p>          <img decoding=\"async\" src=\"https:\/\/www.europesays.com\/pl\/wp-content\/uploads\/2026\/09\/IBOktlBaHR0cHM6Ly9vY2RuLmV1L3B1bHNjbXMvTURBXy9mZmJhODBkZDA4MjRkZjBkYmExYWNhMTc1OWJiMDc2Ny5wbmeRkwVkZ.png\" alt=\"Polina Jacenko\"\/><br \/>\n        Polina Jacenko<\/p>\n<p>      <img decoding=\"async\" src=\"data:image\/gif;base64,R0lGODlhAQABAPABAP\/\/\/wAAACH5BAEKAAAALAAAAAABAAEAAAICRAEAOw%3D%3D\" alt=\"\"\/>US Open: Aryna Sabalenka &#8211; Polina Jacenko<\/p>\n<p>Relacja na \u017cywo<\/p>\n<p>\n        5 &#8211; 0<br \/>\n          1. set<\/p>\n<p>        0 &#8211; 0<br \/>\n          2. set<\/p>\n<p>doczytaj wi\u0119cej\n    <\/p>\n","protected":false},"excerpt":{"rendered":"Aryna Sabalenka zacz\u0119\u0142a US Open od wygranej z Camil\u0105 Osorio. Mimo \u017ce Bia\u0142orusinka zwyci\u0119\u017cy\u0142a w dw\u00f3ch setach, to&hellip;\n","protected":false},"author":2,"featured_media":663579,"comment_status":"","ping_status":"","sticky":false,"template":"","format":"standard","meta":{"footnotes":"","_share_on_mastodon":"0"},"categories":[24],"tags":[128177,1352,61195,48,46,42,38,40,39,41,128594,47,127,126,156,22568,130,128178],"class_list":["post-663578","post","type-post","status-publish","format-standard","has-post-thumbnail","category-sport","tag-adshield_tst2","tag-aryna_sabalenka","tag-bottomfeed_styl","tag-nat_styl","tag-omp","tag-pl","tag-poland","tag-polish","tag-polska","tag-polski","tag-relacje_tekstowe_eurosport","tag-screening_general","tag-sport","tag-sports","tag-tenis","tag-us_open","tag-wiadomosci_sportowe","tag-wthl_off"],"share_on_mastodon":{"url":"https:\/\/pubeurope.com\/@pl\/117204274671681122","error":""},"_links":{"self":[{"href":"https:\/\/www.europesays.com\/pl\/wp-json\/wp\/v2\/posts\/663578","targetHints":{"allow":["GET"]}}],"collection":[{"href":"https:\/\/www.europesays.com\/pl\/wp-json\/wp\/v2\/posts"}],"about":[{"href":"https:\/\/www.europesays.com\/pl\/wp-json\/wp\/v2\/types\/post"}],"author":[{"embeddable":true,"href":"https:\/\/www.europesays.com\/pl\/wp-json\/wp\/v2\/users\/2"}],"replies":[{"embeddable":true,"href":"https:\/\/www.europesays.com\/pl\/wp-json\/wp\/v2\/comments?post=663578"}],"version-history":[{"count":0,"href":"https:\/\/www.europesays.com\/pl\/wp-json\/wp\/v2\/posts\/663578\/revisions"}],"wp:featuredmedia":[{"embeddable":true,"href":"https:\/\/www.europesays.com\/pl\/wp-json\/wp\/v2\/media\/663579"}],"wp:attachment":[{"href":"https:\/\/www.europesays.com\/pl\/wp-json\/wp\/v2\/media?parent=663578"}],"wp:term":[{"taxonomy":"category","embeddable":true,"href":"https:\/\/www.europesays.com\/pl\/wp-json\/wp\/v2\/categories?post=663578"},{"taxonomy":"post_tag","embeddable":true,"href":"https:\/\/www.europesays.com\/pl\/wp-json\/wp\/v2\/tags?post=663578"}],"curies":[{"name":"wp","href":"https:\/\/api.w.org\/{rel}","templated":true}]}}