{"id":663600,"date":"2026-09-03T00:43:11","date_gmt":"2026-09-03T00:43:11","guid":{"rendered":"https:\/\/www.europesays.com\/pl\/663600\/"},"modified":"2026-09-03T00:43:11","modified_gmt":"2026-09-03T00:43:11","slug":"jaki-jest-aktualny-poziom-zanieczyszczen-w-bialymstoku-sprawdz-dane-z-3-09-2026","status":"publish","type":"post","link":"https:\/\/www.europesays.com\/pl\/663600\/","title":{"rendered":"Jaki jest aktualny poziom zanieczyszcze\u0144 w Bia\u0142ymstoku? Sprawd\u017a dane z 3.09.2026"},"content":{"rendered":"<p><img decoding=\"async\" loading=\"eager\" fetchpriority=\"high\" class=\"atomsArticleGalleryImage__mainImg\" src=\"https:\/\/www.europesays.com\/pl\/wp-content\/uploads\/2026\/09\/il20251203_951545835_medium.jpg\" alt=\"Dowiedz si&#x119;, jaki jest teraz poziom zanieczyszczenia powietrza w Bia&#x142;ymstoku\" width=\"1600\" height=\"1067\"\/><\/p>\n<p>\n        Dowiedz si\u0119, jaki jest teraz poziom zanieczyszczenia powietrza w Bia\u0142ymstoku<\/p>\n<p>          fot. Marzena Buga\u0142a-Astaszow\n        <\/p>\n<p>Smog Bia\u0142ystok: 3.09.2026. Podajemy aktualny poziom PM10 i PM2.5. Upewnij si\u0119, czy w w czwartek przebywanie na zewn\u0105trz jest bezpieczne dla zdrowia. Por\u00f3wnaj, jak stan powietrza w Bia\u0142ymstoku zmienia\u0142 si\u0119 w ostatnich dniach. Pami\u0119taj, \u017ce zbyt d\u0142ugie wdychanie zanieczyszczonego powietrza mo\u017ce powodowa\u0107 zawroty g\u0142owy.<\/p>\n","protected":false},"excerpt":{"rendered":"Dowiedz si\u0119, jaki jest teraz poziom zanieczyszczenia powietrza w Bia\u0142ymstoku fot. Marzena Buga\u0142a-Astaszow Smog Bia\u0142ystok: 3.09.2026. Podajemy aktualny&hellip;\n","protected":false},"author":2,"featured_media":663601,"comment_status":"","ping_status":"","sticky":false,"template":"","format":"standard","meta":{"footnotes":"","_share_on_mastodon":"0"},"categories":[51614],"tags":[2151,42,78,38,40,39,41,101834,43824],"class_list":["post-663600","post","type-post","status-publish","format-standard","has-post-thumbnail","category-bialystok","tag-bialystok","tag-pl","tag-pogoda","tag-poland","tag-polish","tag-polska","tag-polski","tag-smog-bialystok","tag-zanieczyszczenie-powietrza"],"share_on_mastodon":{"url":"https:\/\/pubeurope.com\/@pl\/117204341356445968","error":""},"_links":{"self":[{"href":"https:\/\/www.europesays.com\/pl\/wp-json\/wp\/v2\/posts\/663600","targetHints":{"allow":["GET"]}}],"collection":[{"href":"https:\/\/www.europesays.com\/pl\/wp-json\/wp\/v2\/posts"}],"about":[{"href":"https:\/\/www.europesays.com\/pl\/wp-json\/wp\/v2\/types\/post"}],"author":[{"embeddable":true,"href":"https:\/\/www.europesays.com\/pl\/wp-json\/wp\/v2\/users\/2"}],"replies":[{"embeddable":true,"href":"https:\/\/www.europesays.com\/pl\/wp-json\/wp\/v2\/comments?post=663600"}],"version-history":[{"count":0,"href":"https:\/\/www.europesays.com\/pl\/wp-json\/wp\/v2\/posts\/663600\/revisions"}],"wp:featuredmedia":[{"embeddable":true,"href":"https:\/\/www.europesays.com\/pl\/wp-json\/wp\/v2\/media\/663601"}],"wp:attachment":[{"href":"https:\/\/www.europesays.com\/pl\/wp-json\/wp\/v2\/media?parent=663600"}],"wp:term":[{"taxonomy":"category","embeddable":true,"href":"https:\/\/www.europesays.com\/pl\/wp-json\/wp\/v2\/categories?post=663600"},{"taxonomy":"post_tag","embeddable":true,"href":"https:\/\/www.europesays.com\/pl\/wp-json\/wp\/v2\/tags?post=663600"}],"curies":[{"name":"wp","href":"https:\/\/api.w.org\/{rel}","templated":true}]}}