{"id":663628,"date":"2026-09-03T00:58:17","date_gmt":"2026-09-03T00:58:17","guid":{"rendered":"https:\/\/www.europesays.com\/pl\/663628\/"},"modified":"2026-09-03T00:58:17","modified_gmt":"2026-09-03T00:58:17","slug":"miley-cyrus-usunela-nazwisko-z-instagrama-billy-ray-cyrus-zabral-glos","status":"publish","type":"post","link":"https:\/\/www.europesays.com\/pl\/663628\/","title":{"rendered":"Miley Cyrus usun\u0119\u0142a nazwisko z Instagrama. Billy Ray Cyrus zabra\u0142 g\u0142os"},"content":{"rendered":"<p><a href=\"https:\/\/30filmowna30lecie.onet.pl\/\" target=\"_blank\" class=\"ods-c-linked-image\" rel=\"nofollow noopener\"><img src=\"https:\/\/www.europesays.com\/pl\/wp-content\/uploads\/2026\/09\/1_lk9lBaHR0cHM6Ly9vY2RuLmV1L3B1bHNjbXMvTURBXy9kMzIxZDhmNmQ1MjNkMmJkNTUzOTZjMDZlZmFlNDczZi5qcGeRlQLNB.jpeg\" height=\"48\" width=\"475\" alt=\"30 najlepszych film\u00f3w na 30-lecie Onetu plebiscyt\" fetchpriority=\"auto\" loading=\"lazy\" decoding=\"async\" class=\"ods-c-image__img ods-c-linked-image__image\"\/><\/a>Wokalista country zamie\u015bci\u0142 na Instagramie archiwalne zdj\u0119cie z <a href=\"https:\/\/plejada.pl\/temat\/miley-cyrus-piosenkarka\/969ycn3\" id=\"972fa000-616d-47af-bc2e-6295dae542e5\" rel=\"nofollow noopener\" target=\"_blank\">Miley<\/a> i jej bratem Braisonem, podkre\u015blaj\u0105c, \u017ce zawsze zwraca\u0142 si\u0119 do c\u00f3rki po prostu &#8222;Miley&#8221;. Przypomnia\u0142 r\u00f3wnie\u017c, \u017ce zanim zdoby\u0142 popularno\u015b\u0107, by\u0142 znany jedynie jako Cyrus i jego pseudonim widnia\u0142 na wszystkich materia\u0142ach promocyjnych. Wed\u0142ug Billy\u2019ego Raya Cyrusa decyzja Miley o wyst\u0119powaniu wy\u0142\u0105cznie pod imieniem jest naturalnym krokiem w karierze artystki tej rangi. W rozmowie z c\u00f3rk\u0105 mia\u0142 wspomnie\u0107 o innych ikonach muzyki, kt\u00f3re pos\u0142uguj\u0105 si\u0119 tylko imieniem, takich jak Dolly Parton, Cher, Elvis czy Prince.Dalszy ci\u0105g artyku\u0142u pod materia\u0142em wideoZmiana nazwiska Miley Cyrus<a href=\"https:\/\/www.onet.pl\/\" title=\"Strona G\u0142\u00f3wna\" aria-label=\"Strona G\u0142\u00f3wna\" data-astro-prefetch=\"tap\" class=\"ods-a-logo-main-desktop\" rel=\"nofollow noopener\" target=\"_blank\"><img src=\"https:\/\/cdn.wiadomosci.onet.pl\/img\/Logo_desktop_Onet.svg\" class=\"ods-a-logo-main-desktop__image\" alt=\"Logo\" width=\"107\" height=\"60\" fetchpriority=\"high\" decoding=\"sync\" style=\"height:60px\"\/><\/a><\/p>\n<p class=\"ods-m-google-article__text\">Czytaj nas cz\u0119\u015bciej w Google<\/p>\n<p><a href=\"https:\/\/google.com\/preferences\/source?q=onet.pl\" target=\"_blank\" rel=\"noopener noreferrer nofollow\" aria-label=\"Dodaj w Google\" title=\"Dodaj w Google\" class=\"ods-a-button ods-a-button__primary ods-a-button__default ods-a-button-l\">Dodaj w Google<\/a><\/p>\n<p>Billy Ray Cyrus wyrazi\u0142 rado\u015b\u0107 z nowego etapu w karierze c\u00f3rki i przyzna\u0142, \u017ce czeka z niecierpliwo\u015bci\u0105 na jej dziesi\u0105ty album. Jednocze\u015bnie Miley nie wyja\u015bni\u0142a publicznie powod\u00f3w swojej decyzji. Zamiast tego opublikowa\u0142a na Instagramie dwa czarno-czerwone zdj\u0119cia, z kt\u00f3rych jedno podpisa\u0142a po prostu &#8222;MILEY&#8221;.<\/p>\n<p><img class=\"ods-a-photo ods-a-photo--background\" src=\"https:\/\/www.europesays.com\/pl\/wp-content\/uploads\/2026\/09\/qmsk9lBaHR0cHM6Ly9vY2RuLmV1L3B1bHNjbXMvTURBXy8yZGYzYWFjYmI5NTA5OWE1NjBkOWUxNmFjNWJhNTUxYS5qcGeRlQLNA.jpeg\" height=\"321\" width=\"450\" alt=\"Britney Spears w 2008 r. \" loading=\"lazy\" fetchpriority=\"low\" decoding=\"async\"\/>Zmiana ta wywo\u0142a\u0142a liczne pytania ze strony jej fan\u00f3w. Internauci byli podzieleni r\u00f3wnie\u017c tym, \u017ce Miley Cyrus zapowiedzia\u0142a nowy album oraz zmian\u0119 pseudonimu nied\u0142ugo po \u015bmierci <a href=\"https:\/\/plejada.pl\/temat\/dolly-parton-piosenkarka\/xtdhn39\" id=\"642bb935-f200-4f8d-aeef-ed57e3174f53\" rel=\"nofollow noopener\" target=\"_blank\">Dolly Parton<\/a>, z kt\u00f3r\u0105 by\u0142a blisko zwi\u0105zana.<\/p>\n<p>Wypowiedzi Billy\u2019ego Raya pojawi\u0142y si\u0119 na tle wieloletniego roz\u0142amu z Miley, kt\u00f3ry rozpocz\u0105\u0142 si\u0119 po rozwodzie z jej matk\u0105, Tish Cyrus, w kwietniu 2022 r. Opr\u00f3cz Miley i Braisonem byli ma\u0142\u017conkowie maj\u0105 tak\u017ce c\u00f3rk\u0119 Brandi, syna Trace\u2019a i c\u00f3rk\u0119 Noah. W maju 2025 r. ojciec i c\u00f3rka wsp\u00f3lnie \u015bwi\u0119towali 31. urodziny Braison\u2019a, co Billy Ray udokumentowa\u0142 na Instagramie, publikuj\u0105c zdj\u0119cie z dzie\u0107mi oraz narzeczonym Miley, Maxxem Morando.<\/p>\n<p>Wkr\u00f3tce po tym wydarzeniu fani zauwa\u017cyli, \u017ce Tish przesta\u0142a obserwowa\u0107 Miley na Instagramie. Jak t\u0142umaczy\u0142a wokalistka, by\u0142a to jedynie przypadkowa sytuacja, wynikaj\u0105ca z nieznajomo\u015bci obs\u0142ugi telefonu przez jej mam\u0119. Miley zapewni\u0142a, \u017ce wi\u0119\u017a z matk\u0105 pozostaje nienaruszona, nazywaj\u0105c j\u0105 swoj\u0105 najlepsz\u0105 przyjaci\u00f3\u0142k\u0105.<\/p>\n<p>Dzi\u0119kujemy, \u017ce przeczyta\u0142a\u015b\/e\u015b nasz artyku\u0142 do ko\u0144ca. W serwisie Plejada.pl ka\u017cdego dnia piszemy o najwa\u017cniejszych wydarzeniach show-biznesowych. B\u0105d\u017a na bie\u017c\u0105co!<a rel=\"nofollow noopener\" href=\"https:\/\/profile.google.com\/cp\/Cg0vZy8xMWJ6X19wdHBx\" id=\"420466c2-c980-4090-9370-01b80768d5a5\" target=\"_blank\"> Obserwuj<\/a> Plejad\u0119 w Google. Odwied\u017a nas tak\u017ce na<a rel=\"nofollow noopener\" href=\"https:\/\/www.facebook.com\/plejadapl\" id=\"7566069a-6e5e-4053-bcb6-e8d211071f48\" target=\"_blank\"> Facebooku<\/a>,<a rel=\"nofollow noopener\" href=\"https:\/\/www.instagram.com\/plejadapl\/\" id=\"02c17747-3895-4257-9a40-d0ee8498833d\" target=\"_blank\"> Instagramie<\/a>,<a rel=\"nofollow noopener\" href=\"https:\/\/www.youtube.com\/c\/plejada\" id=\"2b43b7fa-b185-4c30-a56e-e26516350927\" target=\"_blank\"> YouTubie<\/a> oraz<a rel=\"nofollow noopener\" href=\"https:\/\/www.tiktok.com\/@plejada_pl\" id=\"2bd10154-c2cf-4526-a6be-42e16169d91b\" target=\"_blank\"> TikToku<\/a>.Chcesz podzieli\u0107 si\u0119 ciekawym newsem lub zaproponowa\u0107 temat? Skontaktuj si\u0119 z nami, pisz\u0105c maila na adres: <a rel=\"nofollow noopener\" href=\"https:\/\/www.onet.pl\/styl-zycia\/plejada\/miley-cyrus-usunela-nazwisko-z-instagrama-billy-ray-cyrus-zabral-glos\/mailto:plejada@redakcjaonet.pl\" id=\"9f9f67ff-309f-4a12-8f39-a7002f61f07a\" target=\"_blank\">plejada@redakcjaonet.pl<\/a>.<script async src=\"\/\/www.instagram.com\/embed.js\"><\/script><script async src=\"\/\/www.tiktok.com\/embed.js\"><\/script><\/p>\n","protected":false},"excerpt":{"rendered":"Wokalista country zamie\u015bci\u0142 na Instagramie archiwalne zdj\u0119cie z Miley i jej bratem Braisonem, podkre\u015blaj\u0105c, \u017ce zawsze zwraca\u0142 si\u0119&hellip;\n","protected":false},"author":2,"featured_media":663629,"comment_status":"","ping_status":"","sticky":false,"template":"","format":"standard","meta":{"footnotes":"","_share_on_mastodon":"0"},"categories":[22],"tags":[127047,61195,1251,122,27268,48,125,46,55,42,38,40,39,41,123,47],"class_list":["post-663628","post","type-post","status-publish","format-standard","has-post-thumbnail","category-rozrywka","tag-billy_ray_cyrus","tag-bottomfeed_styl","tag-dolly_parton","tag-entertainment","tag-miley_cyrus","tag-nat_styl","tag-newsy","tag-omp","tag-phx","tag-pl","tag-poland","tag-polish","tag-polska","tag-polski","tag-rozrywka","tag-screening_general"],"share_on_mastodon":{"url":"https:\/\/pubeurope.com\/@pl\/117204400950714831","error":""},"_links":{"self":[{"href":"https:\/\/www.europesays.com\/pl\/wp-json\/wp\/v2\/posts\/663628","targetHints":{"allow":["GET"]}}],"collection":[{"href":"https:\/\/www.europesays.com\/pl\/wp-json\/wp\/v2\/posts"}],"about":[{"href":"https:\/\/www.europesays.com\/pl\/wp-json\/wp\/v2\/types\/post"}],"author":[{"embeddable":true,"href":"https:\/\/www.europesays.com\/pl\/wp-json\/wp\/v2\/users\/2"}],"replies":[{"embeddable":true,"href":"https:\/\/www.europesays.com\/pl\/wp-json\/wp\/v2\/comments?post=663628"}],"version-history":[{"count":0,"href":"https:\/\/www.europesays.com\/pl\/wp-json\/wp\/v2\/posts\/663628\/revisions"}],"wp:featuredmedia":[{"embeddable":true,"href":"https:\/\/www.europesays.com\/pl\/wp-json\/wp\/v2\/media\/663629"}],"wp:attachment":[{"href":"https:\/\/www.europesays.com\/pl\/wp-json\/wp\/v2\/media?parent=663628"}],"wp:term":[{"taxonomy":"category","embeddable":true,"href":"https:\/\/www.europesays.com\/pl\/wp-json\/wp\/v2\/categories?post=663628"},{"taxonomy":"post_tag","embeddable":true,"href":"https:\/\/www.europesays.com\/pl\/wp-json\/wp\/v2\/tags?post=663628"}],"curies":[{"name":"wp","href":"https:\/\/api.w.org\/{rel}","templated":true}]}}